{"id":140920,"date":"2026-08-30T14:01:05","date_gmt":"2026-08-30T14:01:05","guid":{"rendered":"https:\/\/www.espinof.com\/actores-y-actrices\/shailene-woodley-explica-como-fue-enterarse-que-sus-escenas-the-amazing-spider-man-2-se-habian-eliminado-interpretar-a-mary-jane-era-mi-sueno"},"modified":"2026-08-30T14:01:05","modified_gmt":"2026-08-30T14:01:05","slug":"shailene-woodley-explica-como-fue-enterarse-de-que-sus-escenas-en-the-amazing-spider-man-2-se-habian-eliminado-interpretar-a-mary-jane-era-mi-sueno","status":"publish","type":"post","link":"http:\/\/hoycordobaweb.com\/index.php\/2026\/08\/30\/shailene-woodley-explica-como-fue-enterarse-de-que-sus-escenas-en-the-amazing-spider-man-2-se-habian-eliminado-interpretar-a-mary-jane-era-mi-sueno\/","title":{"rendered":"Shailene Woodley explica c\u00f3mo fue enterarse de que sus escenas en &#8216;The Amazing Spider-Man 2&#8217; se hab\u00edan eliminado: \u00abInterpretar a Mary Jane era mi sue\u00f1o\u00bb"},"content":{"rendered":"<p>Por mucho que ya est\u00e9s jugando en las grandes ligas, no debe ser plato de buen gusto que, despu\u00e9s de conseguir un papel en un largometraje de un gran estudio y participar activamente en el rodaje, descubras que tus escenas han sido eliminadas por completo del montaje final. Pues esto es precisamente <strong>lo que le ocurri\u00f3 a Shailene Woodley<\/strong> hace ya m\u00e1s de una d\u00e9cada, cuando se estren\u00f3 <a href=\"https:\/\/www.espinof.com\/criticas\/the-amazing-spider-man-2-el-poder-de-electro-la-aventura-mas-emocionante-del-trepamuros\">&#8216;The Amazing Spider-Man 2&#8217;<\/a>.<\/p>\n<p><!-- BREAK 1 --> <\/p>\n<h2>The amazing hachazo<\/h2>\n<p>Durante una entrevista celebrada en el marco de las &#8216;Foundation Conversation&#8217; del sindicato de actores de Estados Unidos \u2014v\u00eda <a rel=\"noopener, noreferrer\" href=\"https:\/\/variety.com\/2026\/film\/news\/shailene-woodley-amazing-spider-man-2-mary-jane-cut-a-year-after-filming-1236846453\/\">Variety<\/a>\u2014, la actriz explic\u00f3 <strong>lo emocionante que fue ser elegida para dar vida a Mary Jane Watson<\/strong> en la pel\u00edcula protagonizada por Andrew Garfield:<\/p>\n<p><!-- BREAK 2 --><\/p>\n<blockquote><p>Era mi sue\u00f1o porque, de verdad, \u00a1Dios m\u00edo! Spider-Man es mi superh\u00e9roe favorito. Mary Jane era mi personaje favorito cuando era peque\u00f1a. As\u00ed que, cuando me dieron el papel, pens\u00e9: \u201cEsto es muy emocionante\u201d.<\/p><\/blockquote>\n<p>A continuaci\u00f3n, Woodley dio detalles sobre <strong>cu\u00e1l fue su participaci\u00f3n en la producci\u00f3n dirigida por Marc Webb<\/strong>, y sobre la justificaci\u00f3n que le dieron desde el estudio cuando le confirmaron que, en efecto, su M.J. no compartir\u00eda pantalla con Peter Parker.<\/p>\n<blockquote><p>[Rod\u00e9 ] unas tres escenas junto a Andrew Garfield. Y luego, como un a\u00f1o despu\u00e9s, me dijeron: \u201cBueno, ya no sales en la pel\u00edcula\u201d. Y yo les pregunt\u00e9: \u201c\u00bfQu\u00e9? \u00bfQu\u00e9 quer\u00e9is decir?\u201d. Y me respondieron: \u201cHemos introducido un mont\u00f3n de personajes nuevos en esta \u00faltima entrega, y vamos a esperar a ver\u2026 lo que pase entre [el personaje de Emma Stone, Gwen Stacy, que es la novia de Peter Parker en la pel\u00edcula] y Andrew. Esperemos a que [Gwen Stacy] muera y luego presentaremos a Mary Jane\u00bb.<\/p><\/blockquote>\n<div class=\"article-asset article-asset-normal article-asset-center\">\n<div class=\"desvio-container\">\n<div class=\"desvio\">\n<div class=\"desvio-figure js-desvio-figure\"> <a href=\"https:\/\/www.espinof.com\/listas\/todas-peliculas-spider-man-ordenadas-peor-a-mejor\" class=\"pivot-outboundlink\" data-vars-post-title=\"Todas las pel\u00edculas de Spider-Man ordenadas de peor a mejor\"> <img loading=\"lazy\" alt=\"Todas las pel\u00edculas de Spider-Man ordenadas de peor a mejor\" width=\"375\" height=\"142\" src=\"http:\/\/hoycordobaweb.com\/wp-content\/uploads\/2026\/08\/shailene-woodley-explica-como-fue-enterarse-de-que-sus-escenas-en-the-amazing-spider-man-2-se-habian-eliminado-interpretar-a-mary-jane-era-mi-sueno.jpg\"> <\/a> <\/div><\/div><\/div>\n<\/div>\n<p>Seg\u00fan parece, desde Sony cre\u00edan que tener <strong>dos intereses amorosos<\/strong> para el bueno de Peter en un mismo t\u00edtulo era un tanto confuso, lo cual, pensado en fr\u00edo y teniendo en cuenta la trama de la pel\u00edcula, tiene bastante sentido.<\/p>\n<p><!-- BREAK 3 --> <\/p>\n<blockquote><p>Bueno, eso es lo que me dijeron, ya sabes. Pero, de nuevo, qui\u00e9n sabe cu\u00e1l es la verdad. Podr\u00eda haberlo hecho fatal y que ellos hubieran dicho: \u201cNo podemos hacer esto\u201d.<\/p><\/blockquote>\n<p>Por su parte, <strong>Matt Tolmach<\/strong>, productor de &#8216;The Amazing Spider-Man 2&#8217;, explic\u00f3 a <a rel=\"noopener, noreferrer\" href=\"https:\/\/variety.com\/2014\/scene\/news\/amazing-spider-man-2-premiere-will-shailene-woodley-ever-appear-in-series-1201163878\/\">Variety<\/a> durante la premiere del filme el cu\u00e1ndo se dieron cuenta de que el personaje de Shailene no estar\u00eda en \u00e9l:<\/p>\n<blockquote><p>Nos metimos en una historia demasiado grande para lo que pod\u00edamos contar. Ten\u00edamos un guion de 148 p\u00e1ginas. Est\u00e1bamos a la mitad de cuando nos dimos cuenta de que esta historia [con Mary Jane] no iba a estar en esta pel\u00edcula.<\/p><\/blockquote>\n<p>\u00bfVolveremos a ver a Mary Jane en las aventuras del trepamuros marvelita en la gran pantalla? Solo el tiempo lo dir\u00e1. Lo que est\u00e1 claro es que, despu\u00e9s del taquillazo que ha pegado <a href=\"https:\/\/www.espinof.com\/criticas\/spider-man-brand-new-day-fabulosa-aventura-mi-superheroe-favorito-empanada-obligaciones-contractuales-universo-compartido-marvel\">&#8216;Spider-Man: Brand New Day&#8217;<\/a>, <strong>tendremos aventuras de nuestro amigo y vecino para rato<\/strong>.<\/p>\n<p><em>Si quieres una raci\u00f3n semanal de informaci\u00f3n y otras cosas relacionadas con el mundo del cine, date una vuelta por nuestra Newsletter,<\/em><em>&nbsp;<\/em><a href=\"https:\/\/www.espinof.com\/espinof\/llega-espinofrenia-newsletter-gratuita-espinof-opiniones-tapujos-mejor-semana-horribles-juegos-palabras-marca-casa\"><em>Espinofrenia<\/em><\/a><em>.<\/em><\/p>\n<p>En Espinof |&nbsp;<a href=\"https:\/\/www.espinof.com\/listas\/mejores-peliculas-2026\">Las mejores pel\u00edculas de 2026<\/a><\/p>\n<p>En Espinof |&nbsp;<a href=\"https:\/\/www.espinof.com\/listas\/mejores-series-2026\">Las mejores series de 2026<\/a><\/p>\n","protected":false},"excerpt":{"rendered":"<p>Por mucho que ya est\u00e9s jugando en las grandes ligas, no debe ser plato de buen gusto que, despu\u00e9s de conseguir un papel en un largometraje de un gran estudio y participar activamente en el rodaje, descubras que tus escenas han sido eliminadas por completo del montaje final. Pues esto es precisamente lo que le [&hellip;]<\/p>\n","protected":false},"author":1,"featured_media":140921,"comment_status":"open","ping_status":"closed","sticky":false,"template":"","format":"standard","meta":[],"categories":[10],"tags":[],"_links":{"self":[{"href":"http:\/\/hoycordobaweb.com\/index.php\/wp-json\/wp\/v2\/posts\/140920"}],"collection":[{"href":"http:\/\/hoycordobaweb.com\/index.php\/wp-json\/wp\/v2\/posts"}],"about":[{"href":"http:\/\/hoycordobaweb.com\/index.php\/wp-json\/wp\/v2\/types\/post"}],"author":[{"embeddable":true,"href":"http:\/\/hoycordobaweb.com\/index.php\/wp-json\/wp\/v2\/users\/1"}],"replies":[{"embeddable":true,"href":"http:\/\/hoycordobaweb.com\/index.php\/wp-json\/wp\/v2\/comments?post=140920"}],"version-history":[{"count":0,"href":"http:\/\/hoycordobaweb.com\/index.php\/wp-json\/wp\/v2\/posts\/140920\/revisions"}],"wp:featuredmedia":[{"embeddable":true,"href":"http:\/\/hoycordobaweb.com\/index.php\/wp-json\/wp\/v2\/media\/140921"}],"wp:attachment":[{"href":"http:\/\/hoycordobaweb.com\/index.php\/wp-json\/wp\/v2\/media?parent=140920"}],"wp:term":[{"taxonomy":"category","embeddable":true,"href":"http:\/\/hoycordobaweb.com\/index.php\/wp-json\/wp\/v2\/categories?post=140920"},{"taxonomy":"post_tag","embeddable":true,"href":"http:\/\/hoycordobaweb.com\/index.php\/wp-json\/wp\/v2\/tags?post=140920"}],"curies":[{"name":"wp","href":"https:\/\/api.w.org\/{rel}","templated":true}]}}