{"id":140837,"date":"2026-08-18T07:43:30","date_gmt":"2026-08-18T07:43:30","guid":{"rendered":"https:\/\/manoamanocba.com.ar\/?p=7814"},"modified":"2026-08-18T07:43:30","modified_gmt":"2026-08-18T07:43:30","slug":"gala-lirica-de-la-orquesta-sinfonica-y-el-coro-polifonico-en-el-libertador","status":"publish","type":"post","link":"http:\/\/hoycordobaweb.com\/index.php\/2026\/08\/18\/gala-lirica-de-la-orquesta-sinfonica-y-el-coro-polifonico-en-el-libertador\/","title":{"rendered":"Gala L\u00edrica de la Orquesta Sinf\u00f3nica y el Coro Polif\u00f3nico en el Libertador"},"content":{"rendered":"<div><img src=\"http:\/\/hoycordobaweb.com\/wp-content\/uploads\/2026\/08\/gala-lirica-de-la-orquesta-sinfonica-y-el-coro-polifonico-en-el-libertador.jpg\" class=\"ff-og-image-inserted\"><\/div>\n<p dir=\"ltr\">La Orquesta Sinf\u00f3nica de C\u00f3rdoba junto al Coro Polif\u00f3nico de C\u00f3rdoba y solistas vocales ofrecer\u00e1n una Gala L\u00edrica, los d\u00edas s\u00e1bado 22 y domingo 23, a las 20, con direcci\u00f3n general del maestro <strong>JongWhi Vakh<\/strong>.<\/p>\n<p dir=\"ltr\">El programa re\u00fane p\u00e1ginas sinf\u00f3nico-corales de \u00f3peras c\u00e9lebres, con la actuaci\u00f3n de destacadas voces solistas: P\u00eda Gray, Anah\u00ed Cardoso y Maximiliano Sp\u00f3sito, en una selecci\u00f3n de Giuseppe Verdi, George Bizet, Gioachino Rossini y otros compositores.<\/p>\n<p dir=\"ltr\">La uni\u00f3n de orquesta y coro genera una experiencia musical extraordinaria. La voz humana, las cuerdas, los vientos y la percusi\u00f3n crean texturas musicales para disfrute de la sala.<\/p>\n<p dir=\"ltr\">Localidades en boleter\u00eda y por Autoentrada: Platea, 20.000, cazuela, 15.000, tertulia, 10.000, y para\u00edso, 5.000 pesos, en boleter\u00eda y por Autoentrada.<\/p>\n","protected":false},"excerpt":{"rendered":"<p>La Orquesta Sinf\u00f3nica de C\u00f3rdoba junto al Coro Polif\u00f3nico de C\u00f3rdoba y solistas vocales ofrecer\u00e1n una Gala L\u00edrica, los d\u00edas s\u00e1bado 22 y domingo 23, a las 20, con direcci\u00f3n general del maestro JongWhi Vakh. El programa re\u00fane p\u00e1ginas sinf\u00f3nico-corales de \u00f3peras c\u00e9lebres, con la actuaci\u00f3n de destacadas voces solistas: P\u00eda Gray, Anah\u00ed Cardoso y [&hellip;]<\/p>\n","protected":false},"author":1,"featured_media":140838,"comment_status":"closed","ping_status":"closed","sticky":false,"template":"","format":"standard","meta":[],"categories":[19],"tags":[],"_links":{"self":[{"href":"http:\/\/hoycordobaweb.com\/index.php\/wp-json\/wp\/v2\/posts\/140837"}],"collection":[{"href":"http:\/\/hoycordobaweb.com\/index.php\/wp-json\/wp\/v2\/posts"}],"about":[{"href":"http:\/\/hoycordobaweb.com\/index.php\/wp-json\/wp\/v2\/types\/post"}],"author":[{"embeddable":true,"href":"http:\/\/hoycordobaweb.com\/index.php\/wp-json\/wp\/v2\/users\/1"}],"replies":[{"embeddable":true,"href":"http:\/\/hoycordobaweb.com\/index.php\/wp-json\/wp\/v2\/comments?post=140837"}],"version-history":[{"count":0,"href":"http:\/\/hoycordobaweb.com\/index.php\/wp-json\/wp\/v2\/posts\/140837\/revisions"}],"wp:featuredmedia":[{"embeddable":true,"href":"http:\/\/hoycordobaweb.com\/index.php\/wp-json\/wp\/v2\/media\/140838"}],"wp:attachment":[{"href":"http:\/\/hoycordobaweb.com\/index.php\/wp-json\/wp\/v2\/media?parent=140837"}],"wp:term":[{"taxonomy":"category","embeddable":true,"href":"http:\/\/hoycordobaweb.com\/index.php\/wp-json\/wp\/v2\/categories?post=140837"},{"taxonomy":"post_tag","embeddable":true,"href":"http:\/\/hoycordobaweb.com\/index.php\/wp-json\/wp\/v2\/tags?post=140837"}],"curies":[{"name":"wp","href":"https:\/\/api.w.org\/{rel}","templated":true}]}}