{"id":140835,"date":"2026-08-24T01:50:03","date_gmt":"2026-08-24T01:50:03","guid":{"rendered":"https:\/\/manoamanocba.com.ar\/?p=7818"},"modified":"2026-08-24T01:50:03","modified_gmt":"2026-08-24T01:50:03","slug":"el-dia-del-folklore-convoco-a-7-000-personas-en-el-paseo-del-buen-pastor","status":"publish","type":"post","link":"http:\/\/hoycordobaweb.com\/index.php\/2026\/08\/24\/el-dia-del-folklore-convoco-a-7-000-personas-en-el-paseo-del-buen-pastor\/","title":{"rendered":"El D\u00eda del Folklore convoc\u00f3 a 7.000 personas en el Paseo del Buen Pastor"},"content":{"rendered":"<p>El Paseo del Buen Pastor se convirti\u00f3 este s\u00e1bado en escenario de una multitudinaria celebraci\u00f3n del D\u00eda del Folklore. M\u00e1s de 7.000 (siete mil) personas disfrutaron de una jornada de m\u00fasica, danza y encuentro que reuni\u00f3 a artistas, bailarines, academias y referentes de la cultura popular, en una propuesta organizada por la Agencia C\u00f3rdoba Cultura con entrada libre y gratuita.<\/p>\n<p>Desde las primeras horas de la tarde, el p\u00fablico acompa\u00f1\u00f3 una programaci\u00f3n pensada para celebrar el folklore como una expresi\u00f3n viva, diversa y en permanente transformaci\u00f3n, capaz de reunir distintas generaciones alrededor de las m\u00fasicas, danzas y tradiciones que forman parte de la identidad argentina y, especialmente, de C\u00f3rdoba.<\/p>\n<p><a href=\"http:\/\/hoycordobaweb.com\/wp-content\/uploads\/2026\/08\/el-dia-del-folklore-convoco-a-7-000-personas-en-el-paseo-del-buen-pastor.jpg\"><img loading=\"lazy\" fetchpriority=\"high\" decoding=\"async\" class=\"alignnone size-full wp-image-7821\" src=\"http:\/\/hoycordobaweb.com\/wp-content\/uploads\/2026\/08\/el-dia-del-folklore-convoco-a-7-000-personas-en-el-paseo-del-buen-pastor.jpg\" alt width=\"2560\" height=\"1707\" srcset=\"http:\/\/hoycordobaweb.com\/wp-content\/uploads\/2026\/08\/el-dia-del-folklore-convoco-a-7-000-personas-en-el-paseo-del-buen-pastor.jpg 2560w, http:\/\/hoycordobaweb.com\/wp-content\/uploads\/2026\/08\/el-dia-del-folklore-convoco-a-7-000-personas-en-el-paseo-del-buen-pastor-2.jpg 300w, http:\/\/hoycordobaweb.com\/wp-content\/uploads\/2026\/08\/el-dia-del-folklore-convoco-a-7-000-personas-en-el-paseo-del-buen-pastor-3.jpg 1024w, http:\/\/hoycordobaweb.com\/wp-content\/uploads\/2026\/08\/el-dia-del-folklore-convoco-a-7-000-personas-en-el-paseo-del-buen-pastor-4.jpg 768w, http:\/\/hoycordobaweb.com\/wp-content\/uploads\/2026\/08\/el-dia-del-folklore-convoco-a-7-000-personas-en-el-paseo-del-buen-pastor-5.jpg 1536w, http:\/\/hoycordobaweb.com\/wp-content\/uploads\/2026\/08\/el-dia-del-folklore-convoco-a-7-000-personas-en-el-paseo-del-buen-pastor-6.jpg 2048w, http:\/\/hoycordobaweb.com\/wp-content\/uploads\/2026\/08\/el-dia-del-folklore-convoco-a-7-000-personas-en-el-paseo-del-buen-pastor-7.jpg 272w\" sizes=\"(max-width: 2560px) 100vw, 2560px\"><\/a><\/p>\n<p>La jornada cont\u00f3 con la participaci\u00f3n de Ballet Sentir lo Argentino, dirigido por Franco Torres; Academia La Forestal de Danza, dirigida por Jos\u00e9 Rodr\u00edguez; Academia Amanecer Nativo, de Hern\u00e1n Canale y Natalia Ciment\u00f3n; los bailarines Santiago Sastre y Azul Abigail, y la Compa\u00f1\u00eda For\u00e1neos, dirigida por Lucas Cadelago.<\/p>\n<p>En el escenario tambi\u00e9n se presentaron Juan Bonetto, Nicol\u00e1s Villa, Rodrigo Medina, Julio Cejas, Jessica Benavidez, Dos Folk, Pachecos, Los Duartes, Lautaro Rojas y Pablo Lozano. La propuesta cont\u00f3 adem\u00e1s con la participaci\u00f3n de Paquito Oca\u00f1o y Emiliano Zerbini, mientras que Juanjo Abreg\u00fa tuvo a su cargo el cierre de la celebraci\u00f3n.<\/p>\n<p>Uno de los momentos destacados fue la participaci\u00f3n de Dar\u00edo Pacheco, H\u00e9ctor Gandur y Pedro Pacheco, quienes propusieron una jam session de cl\u00e1sicos del folklore argentino, basada en la improvisaci\u00f3n y la interacci\u00f3n con los bailarines presentes. La din\u00e1mica convirti\u00f3 al p\u00fablico en parte activa de la celebraci\u00f3n y extendi\u00f3 el baile desde el escenario hacia la explanada del Paseo.<\/p>\n<h3><b>Reconocimiento a referentes del folklore<\/b><\/h3>\n<p>Como parte de la jornada, el presidente de la Agencia C\u00f3rdoba Cultura, Marcelo Rodio, realiz\u00f3 la entrega de placas de reconocimiento a Silvia Zerbini y Claudio Ju\u00e1rez, en reconocimiento a sus trayectorias y al aporte que realizan a la difusi\u00f3n y preservaci\u00f3n de la cultura folkl\u00f3rica.<\/p>\n<p><a href=\"http:\/\/hoycordobaweb.com\/wp-content\/uploads\/2026\/08\/el-dia-del-folklore-convoco-a-7-000-personas-en-el-paseo-del-buen-pastor-1.jpg\"><img loading=\"lazy\" decoding=\"async\" class=\"aligncenter wp-image-7820 size-full\" src=\"http:\/\/hoycordobaweb.com\/wp-content\/uploads\/2026\/08\/el-dia-del-folklore-convoco-a-7-000-personas-en-el-paseo-del-buen-pastor-1.jpg\" alt width=\"1600\" height=\"1066\" srcset=\"http:\/\/hoycordobaweb.com\/wp-content\/uploads\/2026\/08\/el-dia-del-folklore-convoco-a-7-000-personas-en-el-paseo-del-buen-pastor-1.jpg 1600w, http:\/\/hoycordobaweb.com\/wp-content\/uploads\/2026\/08\/el-dia-del-folklore-convoco-a-7-000-personas-en-el-paseo-del-buen-pastor-8.jpg 300w, http:\/\/hoycordobaweb.com\/wp-content\/uploads\/2026\/08\/el-dia-del-folklore-convoco-a-7-000-personas-en-el-paseo-del-buen-pastor-9.jpg 1024w, http:\/\/hoycordobaweb.com\/wp-content\/uploads\/2026\/08\/el-dia-del-folklore-convoco-a-7-000-personas-en-el-paseo-del-buen-pastor-10.jpg 768w, http:\/\/hoycordobaweb.com\/wp-content\/uploads\/2026\/08\/el-dia-del-folklore-convoco-a-7-000-personas-en-el-paseo-del-buen-pastor-11.jpg 1536w, http:\/\/hoycordobaweb.com\/wp-content\/uploads\/2026\/08\/el-dia-del-folklore-convoco-a-7-000-personas-en-el-paseo-del-buen-pastor-12.jpg 272w\" sizes=\"(max-width: 1600px) 100vw, 1600px\"><\/a><\/p>\n<p>Silvia Zerbini, referente de la danza folkl\u00f3rica argentina y exdirectora del Ballet Folkl\u00f3rico Nacional, fue adem\u00e1s invitada especial y maestra de ceremonia de la jornada. Por su parte, Claudio Ju\u00e1rez, reconocido por su trayectoria como conductor y locutor oficial del Festival Nacional de Folklore de Cosqu\u00edn, acompa\u00f1\u00f3 la celebraci\u00f3n desde la conducci\u00f3n.<\/p>\n<p>La gran convocatoria en el Paseo del Buen Pastor reafirma el lugar que ocupa el folklore en la vida cultural de C\u00f3rdoba y el valor de generar espacios p\u00fablicos de encuentro en torno a las expresiones que construyen identidad.<\/p>\n<p>Con esta celebraci\u00f3n, la Agencia C\u00f3rdoba Cultura contin\u00faa impulsando propuestas gratuitas y abiertas a la comunidad, acercando la cultura a los espacios p\u00fablicos y promoviendo el encuentro de los cordobeses con sus artistas, sus tradiciones y su patrimonio cultural.<\/p>\n","protected":false},"excerpt":{"rendered":"<p>El Paseo del Buen Pastor se convirti\u00f3 este s\u00e1bado en escenario de una multitudinaria celebraci\u00f3n del D\u00eda del Folklore. M\u00e1s de 7.000 (siete mil) personas disfrutaron de una jornada de m\u00fasica, danza y encuentro que reuni\u00f3 a artistas, bailarines, academias y referentes de la cultura popular, en una propuesta organizada por la Agencia C\u00f3rdoba Cultura [&hellip;]<\/p>\n","protected":false},"author":1,"featured_media":140836,"comment_status":"closed","ping_status":"closed","sticky":false,"template":"","format":"standard","meta":[],"categories":[19],"tags":[],"_links":{"self":[{"href":"http:\/\/hoycordobaweb.com\/index.php\/wp-json\/wp\/v2\/posts\/140835"}],"collection":[{"href":"http:\/\/hoycordobaweb.com\/index.php\/wp-json\/wp\/v2\/posts"}],"about":[{"href":"http:\/\/hoycordobaweb.com\/index.php\/wp-json\/wp\/v2\/types\/post"}],"author":[{"embeddable":true,"href":"http:\/\/hoycordobaweb.com\/index.php\/wp-json\/wp\/v2\/users\/1"}],"replies":[{"embeddable":true,"href":"http:\/\/hoycordobaweb.com\/index.php\/wp-json\/wp\/v2\/comments?post=140835"}],"version-history":[{"count":0,"href":"http:\/\/hoycordobaweb.com\/index.php\/wp-json\/wp\/v2\/posts\/140835\/revisions"}],"wp:featuredmedia":[{"embeddable":true,"href":"http:\/\/hoycordobaweb.com\/index.php\/wp-json\/wp\/v2\/media\/140836"}],"wp:attachment":[{"href":"http:\/\/hoycordobaweb.com\/index.php\/wp-json\/wp\/v2\/media?parent=140835"}],"wp:term":[{"taxonomy":"category","embeddable":true,"href":"http:\/\/hoycordobaweb.com\/index.php\/wp-json\/wp\/v2\/categories?post=140835"},{"taxonomy":"post_tag","embeddable":true,"href":"http:\/\/hoycordobaweb.com\/index.php\/wp-json\/wp\/v2\/tags?post=140835"}],"curies":[{"name":"wp","href":"https:\/\/api.w.org\/{rel}","templated":true}]}}