{"id":14011,"date":"2021-03-01T20:32:00","date_gmt":"2021-03-01T20:32:00","guid":{"rendered":"http:\/\/hoycordobaweb.com\/index.php\/2021\/03\/01\/el-juez-armella-se-inhibio-de-intervenir-en-una-causa-de-espionaje\/"},"modified":"2021-03-01T20:32:00","modified_gmt":"2021-03-01T20:32:00","slug":"el-juez-armella-se-inhibio-de-intervenir-en-una-causa-de-espionaje","status":"publish","type":"post","link":"http:\/\/hoycordobaweb.com\/index.php\/2021\/03\/01\/el-juez-armella-se-inhibio-de-intervenir-en-una-causa-de-espionaje\/","title":{"rendered":"El juez Armella se inhibi\u00f3 de intervenir en una causa de espionaje"},"content":{"rendered":"<p><img src=\"http:\/\/hoycordobaweb.com\/wp-content\/uploads\/2021\/03\/el-juez-armella-se-inhibio-de-intervenir-en-una-causa-de-espionaje.jpg\"><\/p>\n<div class=\"image\" id=\"image\" readability=\"8\"> <img src=\"http:\/\/hoycordobaweb.com\/wp-content\/uploads\/2021\/03\/el-juez-armella-se-inhibio-de-intervenir-en-una-causa-de-espionaje-2.jpg\" alt=\"Tras emitir su resoluci\u00f3n, el magistrado elev\u00f3 su resoluci\u00f3n a la C\u00e1mara Federal de La Plata.\" title=\"Tras emitir su resoluci\u00f3n, el magistrado elev\u00f3 su resoluci\u00f3n a la C\u00e1mara Federal de La Plata.\"><\/p>\n<p>Tras emitir su resoluci\u00f3n, el magistrado elev\u00f3 su resoluci\u00f3n a la C\u00e1mara Federal de La Plata.<\/p>\n<\/div>\n<p><strong>El juez federal Luis Armella se inhibi\u00f3 este lunes de intervenir en la causa en la que se investigan supuestas maniobras de espionaje pol\u00edtico ilegal desplegadas desde la Agencia Federal de Inteligencia (AFI) durante el gobierno de Mauricio Macri, tras se\u00f1alar que lo une una \u00abrelaci\u00f3n de trato habitual\u00bb con el primer juez de la causa, que fue apartado por temor de parcialidad.<\/strong><\/p>\n<p>\u00abLuego de analizados los antecedentes que conforman las actuaciones, adelanto que habr\u00e9 de apartarme del conocimiento y avocamiento al suceso denunciado, con la \u00fanica finalidad de asegurar la recta administraci\u00f3n del servicio de justicia\u00bb, sostuvo Armella en su primer d\u00eda como subrogante del juzgado federal 2 de Lomas de Zamora, que hasta el viernes condujo Juan Pablo Auge.<\/p>\n<p>Armella fund\u00f3 su inhibitoria en que mantiene un \u00abtrato habitual\u00bb con el juez Federico Villena, primero en intervenir en la causa, quien fue apartado por \u00abtemor de parcialidad\u00bb luego de que algunos de los imputados recordaran que fue el magistrado que orden\u00f3 la intervenci\u00f3n de uno de los tel\u00e9fonos p\u00fablicos del Penal de Ezeiza, hecho que podr\u00eda ser parte de las maniobras de espionaje ilegal.<\/p>\n<blockquote readability=\"9\">\n<p>\u00abLuego de analizados los antecedentes que conforman las actuaciones, adelanto que habr\u00e9 de apartarme del conocimiento y avocamiento al suceso denunciado, con la \u00fanica finalidad de asegurar la recta administraci\u00f3n del servicio de justicia\u00bb.<span class=\"comilla\">\u201d<\/span><\/p>\n<p><span><strong>Luis Armella<\/strong><\/span><\/p>\n<\/blockquote>\n<p>\u00abDebe relatarse que existe una relaci\u00f3n de trato habitual con el magistrado que fuera apartado en los presentes actuados, por la Excma. C\u00e1mara Federal de Apelaciones de la Plata,-y teniendo especial consideraci\u00f3n en los motivos de dicho apartamiento-; relaci\u00f3n esta derivada de la subrogaci\u00f3n del suscripto como magistrado en el Juzgado Federal de Lomas de Zamora, siendo por otro lado ambas jurisdicciones -Lomas de Zamora y Quilmes extremadamente reducidas en lo que ata\u00f1e a sus magistrados, funcionarios y empleados\u00bb, sostuvo Armella.<\/p>\n<p>Tras emitir su resoluci\u00f3n, elev\u00f3 su resoluci\u00f3n a la C\u00e1mara Federal de La Plata para que designe a un magistrado que intervenga en la causa que investiga supuesto espionaje pol\u00edtico ilegal durante el macrismo contra diversos sectores, entre ellos el Instituto Patria. <\/p>\n","protected":false},"excerpt":{"rendered":"<p>Tras emitir su resoluci\u00f3n, el magistrado elev\u00f3 su resoluci\u00f3n a la C\u00e1mara Federal de La Plata. El juez federal Luis Armella se inhibi\u00f3 este lunes de intervenir en la causa en la que se investigan supuestas maniobras de espionaje pol\u00edtico ilegal desplegadas desde la Agencia Federal de Inteligencia (AFI) durante el gobierno de Mauricio Macri, [&hellip;]<\/p>\n","protected":false},"author":1,"featured_media":14012,"comment_status":"open","ping_status":"closed","sticky":false,"template":"","format":"standard","meta":[],"categories":[19],"tags":[],"_links":{"self":[{"href":"http:\/\/hoycordobaweb.com\/index.php\/wp-json\/wp\/v2\/posts\/14011"}],"collection":[{"href":"http:\/\/hoycordobaweb.com\/index.php\/wp-json\/wp\/v2\/posts"}],"about":[{"href":"http:\/\/hoycordobaweb.com\/index.php\/wp-json\/wp\/v2\/types\/post"}],"author":[{"embeddable":true,"href":"http:\/\/hoycordobaweb.com\/index.php\/wp-json\/wp\/v2\/users\/1"}],"replies":[{"embeddable":true,"href":"http:\/\/hoycordobaweb.com\/index.php\/wp-json\/wp\/v2\/comments?post=14011"}],"version-history":[{"count":0,"href":"http:\/\/hoycordobaweb.com\/index.php\/wp-json\/wp\/v2\/posts\/14011\/revisions"}],"wp:featuredmedia":[{"embeddable":true,"href":"http:\/\/hoycordobaweb.com\/index.php\/wp-json\/wp\/v2\/media\/14012"}],"wp:attachment":[{"href":"http:\/\/hoycordobaweb.com\/index.php\/wp-json\/wp\/v2\/media?parent=14011"}],"wp:term":[{"taxonomy":"category","embeddable":true,"href":"http:\/\/hoycordobaweb.com\/index.php\/wp-json\/wp\/v2\/categories?post=14011"},{"taxonomy":"post_tag","embeddable":true,"href":"http:\/\/hoycordobaweb.com\/index.php\/wp-json\/wp\/v2\/tags?post=14011"}],"curies":[{"name":"wp","href":"https:\/\/api.w.org\/{rel}","templated":true}]}}