{"id":139265,"date":"2026-07-20T13:32:10","date_gmt":"2026-07-20T13:32:10","guid":{"rendered":"https:\/\/ladecimaweb.com\/?p=34395"},"modified":"2026-07-20T13:32:10","modified_gmt":"2026-07-20T13:32:10","slug":"la-seleccion-argentina-perdio-pero-se-va-del-mundial-2026-con-la-frente-en-alto","status":"publish","type":"post","link":"http:\/\/hoycordobaweb.com\/index.php\/2026\/07\/20\/la-seleccion-argentina-perdio-pero-se-va-del-mundial-2026-con-la-frente-en-alto\/","title":{"rendered":"La Selecci\u00f3n argentina perdi\u00f3, pero se va del Mundial 2026 con la frente en alto"},"content":{"rendered":"<div class=\"boldgrid-section\">\n<div class=\"container\">\n<div class=\"row\">\n<div class=\"col-lg-12 col-md-12 col-xs-12 col-sm-12\">\n<p>Buenos Aires, 19 julio (NA) \u2013 &nbsp;<strong>La&nbsp;<\/strong><a href=\"https:\/\/noticiasargentinas.com\/deportes\/espana-le-gano-1-0-a-la-seleccion-argentino-y-se-consagro-campeona-del-mundial-2026_a6a5d4d23bd145312ebefefae\"><strong>Selecci\u00f3n argentina cay\u00f3 1-0 en la final del Mundial<\/strong><\/a><strong>&nbsp;ante Espa\u00f1a<\/strong>, en un partido donde&nbsp;<strong>aguant\u00f3 hasta el final con un coraje impresionante<\/strong>&nbsp;frente a un rival que fue muy superior durante los 120 minutos.<\/p>\n<p>Aunque sufri\u00f3 un&nbsp;<strong>verdadero baile a lo largo de todo el encuentro<\/strong>, la&nbsp;<strong>Selecci\u00f3n<\/strong>&nbsp;demostr\u00f3 un&nbsp;<strong>orgullo incre\u00edble para forzar el tiempo extra<\/strong>, con una tremenda defensa que frenaba constantemente los ataques rivales.<\/p>\n<p class=\"\">Sin embargo,&nbsp;<strong>no pudo aguantar con un jugador menos por la expulsi\u00f3n de Enzo Fern\u00e1ndez y sucumbi\u00f3 debido al gol de Ferr\u00e1n Torres al comienzo del segundo tiempo extra.<\/strong><\/p>\n<p><strong>Pese a la derrota, la Selecci\u00f3n argentina se va de este Mundial con la frente en alto<\/strong>, habiendo dejado todo y&nbsp;<strong>protagonizando momentos hist\u00f3ricos<\/strong>, como la remontada ante Egipto con tres goles en menos de 15 minutos y la inolvidable semifinal contra Inglaterra, donde pudo dar vuelta la historia en los \u00faltimos minutos.<\/p>\n<figure class=\"multimedia\" data-html=\"\" data-tadevel-template=\"web\/multimedia\" data-type=\"rich\" data-url=\"https:\/\/noticiasargentinas.com\/mundial-2026\/fotogaleria-na-de-la-derrota-de-argentina-ante-espana-en-la-final-del-mundial-2026_a6a5d1139bd145312ebe9a229\"><figcaption class=\"caption\">\n<div class=\"attribution\">Esto se vio reflejado luego de la entrega de medallas, cuando los jugadores quedaron frente al p\u00fablico argentino y protagonizaron un <strong>emotivo momento, ya que los hinchas gritaron y agradecieron con todas sus fuerzas por el tit\u00e1nico esfuerzo brindado<\/strong>&nbsp;durante los casi 40 d\u00edas que dur\u00f3 el Mundial.<\/div>\n<\/figcaption><\/figure>\n<p class=\"\"><strong>Y es que no es para menos. Esta camada es la m\u00e1s ganadora en la historia de la \u201cAlbiceleste\u201d<\/strong>, con t\u00edtulos en las Copas Am\u00e9rica de 2021 y 2024, adem\u00e1s de la Finalissima y el Mundial de Qatar 2022.<\/p>\n<p><strong>Dicho esto, el director t\u00e9cnico Lionel Scaloni tendr\u00e1 que hacer una gran limpieza en caso de continuar en el cargo.<\/strong>&nbsp;La lupa va a estar posada m\u00e1s que nada en el lateral derecho, donde&nbsp;<strong>en ning\u00fan momento Gonzalo Montiel y Nahuel Molina estuvieron a la altura<\/strong>&nbsp;de lo que se necesita para ser campe\u00f3n del mundo. Incluso el \u00faltimo de ellos cumpli\u00f3 de manera casi infalible con su cuota de responsabilidad en un gol por partido.<\/p>\n<figure class=\"multimedia\" data-html=\"\" data-tadevel-template=\"web\/multimedia\" data-type=\"rich\" data-url=\"https:\/\/noticiasargentinas.com\/deportes\/la-seleccion-argentina-vuelve-al-pais-tras-la-final-del-mundial--cuando-llega-desde-nueva-york_a6a5d4ef9bd145312ebf02b08\">\n<div class=\"content\"><strong>Otro de los puntos flojos fue la mitad de la cancha, que fue lisa y llanamente lamentable a lo largo de todo el Mundial<\/strong>, principalmente por los&nbsp;<strong>espantosos niveles<\/strong>&nbsp;de&nbsp;<strong>Enzo Fern\u00e1ndez, Alexis Mac Allister y Rodrigo De Paul<\/strong>&nbsp;(s\u00ed, el que tuvo la brillante idea de ir a jugar a la MLS un a\u00f1o antes del Mundial).<\/div>\n<\/figure>\n<p>Esto qued\u00f3 muy expuesto en la final, donde&nbsp;<strong>la Selecci\u00f3n no tuvo en ning\u00fan momento la posesi\u00f3n de la pelota, aspecto en el que parec\u00eda un equipo amateur al lado de los espa\u00f1oles.<\/strong><\/p>\n<p>Aunque esta derrota duela y haya que hacer una gran reflexi\u00f3n por los puntos bajos, que incluso pudieron haberse evitado probando otros jugadores,&nbsp;<strong>la Selecci\u00f3n argentina demostr\u00f3 que sigue en la \u00e9lite del f\u00fatbol y da pelea en todo lo que disputa.<\/strong><\/p>\n<p><i>A barajar y dar de nuevo, que el ciclo m\u00e1s ganador de nuestra historia debe continuar y tiene material de sobra para hacerlo.<\/i><\/p>\n<p><strong>Agencia NA<\/strong><\/p>\n<\/div>\n<\/div>\n<\/div>\n<\/div>\n<p>La entrada <a href=\"https:\/\/ladecimaweb.com\/la-seleccion-argentina-perdio-pero-se-va-del-mundial-2026-con-la-frente-en-alto\/\">La Selecci\u00f3n argentina perdi\u00f3, pero se va del Mundial 2026 con la frente en alto<\/a> se public\u00f3 primero en <a href=\"https:\/\/ladecimaweb.com\">LaDecima<\/a>.<\/p>\n","protected":false},"excerpt":{"rendered":"<p>Buenos Aires, 19 julio (NA) \u2013 &nbsp;La&nbsp;Selecci\u00f3n argentina cay\u00f3 1-0 en la final del Mundial&nbsp;ante Espa\u00f1a, en un partido donde&nbsp;aguant\u00f3 hasta el final con un coraje impresionante&nbsp;frente a un rival que fue muy superior durante los 120 minutos. Aunque sufri\u00f3 un&nbsp;verdadero baile a lo largo de todo el encuentro, la&nbsp;Selecci\u00f3n&nbsp;demostr\u00f3 un&nbsp;orgullo incre\u00edble para forzar el [&hellip;]<\/p>\n","protected":false},"author":1,"featured_media":0,"comment_status":"closed","ping_status":"closed","sticky":false,"template":"","format":"standard","meta":[],"categories":[32],"tags":[],"_links":{"self":[{"href":"http:\/\/hoycordobaweb.com\/index.php\/wp-json\/wp\/v2\/posts\/139265"}],"collection":[{"href":"http:\/\/hoycordobaweb.com\/index.php\/wp-json\/wp\/v2\/posts"}],"about":[{"href":"http:\/\/hoycordobaweb.com\/index.php\/wp-json\/wp\/v2\/types\/post"}],"author":[{"embeddable":true,"href":"http:\/\/hoycordobaweb.com\/index.php\/wp-json\/wp\/v2\/users\/1"}],"replies":[{"embeddable":true,"href":"http:\/\/hoycordobaweb.com\/index.php\/wp-json\/wp\/v2\/comments?post=139265"}],"version-history":[{"count":0,"href":"http:\/\/hoycordobaweb.com\/index.php\/wp-json\/wp\/v2\/posts\/139265\/revisions"}],"wp:attachment":[{"href":"http:\/\/hoycordobaweb.com\/index.php\/wp-json\/wp\/v2\/media?parent=139265"}],"wp:term":[{"taxonomy":"category","embeddable":true,"href":"http:\/\/hoycordobaweb.com\/index.php\/wp-json\/wp\/v2\/categories?post=139265"},{"taxonomy":"post_tag","embeddable":true,"href":"http:\/\/hoycordobaweb.com\/index.php\/wp-json\/wp\/v2\/tags?post=139265"}],"curies":[{"name":"wp","href":"https:\/\/api.w.org\/{rel}","templated":true}]}}