{"id":13697,"date":"2021-02-26T18:30:36","date_gmt":"2021-02-26T18:30:36","guid":{"rendered":"http:\/\/ladecimaweb.com\/?p=8500"},"modified":"2021-02-26T18:30:36","modified_gmt":"2021-02-26T18:30:36","slug":"dictaron-la-prision-preventiva-para-el-falso-medico-cordobes","status":"publish","type":"post","link":"http:\/\/hoycordobaweb.com\/index.php\/2021\/02\/26\/dictaron-la-prision-preventiva-para-el-falso-medico-cordobes\/","title":{"rendered":"Dictaron la prisi\u00f3n preventiva para el falso m\u00e9dico cordob\u00e9s"},"content":{"rendered":"<p>La Fiscal\u00eda de Instrucci\u00f3n de R\u00edo Cuarto, a cargo de Pablo J\u00e1vega, dict\u00f3 la prisi\u00f3n preventiva de Ignacio Mart\u00edn, imputado por los delitos de usurpaci\u00f3n de t\u00edtulo y ejercicio ilegal de la medicina, uso de documento privado falso, defraudaci\u00f3n calificada, uso de documento p\u00fablico falso, falsedad ideol\u00f3gica y defraudaci\u00f3n calificada en grado de tentativa.<\/p>\n<p>Se trata de la persona investigada por actuar como falso m\u00e9dico en el marco del COE en la ciudad de R\u00edo Cuarto, quien seguir\u00e1 alojada en el establecimiento carcelario de esa ciudad, seg\u00fan se informa en el sitio <a href=\"https:\/\/www.mpfcordoba.gob.ar\/dictaron-prision-preventiva-a-ignacio-martin-en-rio-cuarto\/\">web del Ministerio P\u00fablico Fiscal (MPF)<\/a><\/p>\n<p>&nbsp;<\/p>\n<div class=\"ubm_banner\"><a href=\"https:\/\/www.cba.gov.ar\/programa-provincial-de-entrega-de-computadoras\/\" target=\"_blank\" rel=\"dofollow noopener noreferrer\"><img src=\"http:\/\/hoycordobaweb.com\/wp-content\/uploads\/2021\/02\/dictaron-la-prision-preventiva-para-el-falso-medico-cordobes.gif\" alt=\"\"><\/a><\/div>\n<p>La entrada <a rel=\"nofollow\" href=\"https:\/\/ladecimaweb.com\/dictaron-la-prision-preventiva-para-el-falso-medico-cordobes\/\">Dictaron la prisi\u00f3n preventiva para el falso m\u00e9dico cordob\u00e9s<\/a> se public\u00f3 primero en <a rel=\"nofollow\" href=\"https:\/\/ladecimaweb.com\">LaDecima<\/a>.<\/p>\n","protected":false},"excerpt":{"rendered":"<p>La Fiscal\u00eda de Instrucci\u00f3n de R\u00edo Cuarto, a cargo de Pablo J\u00e1vega, dict\u00f3 la prisi\u00f3n preventiva de Ignacio Mart\u00edn, imputado por los delitos de usurpaci\u00f3n de t\u00edtulo y ejercicio ilegal de la medicina, uso de documento privado falso, defraudaci\u00f3n calificada, uso de documento p\u00fablico falso, falsedad ideol\u00f3gica y defraudaci\u00f3n calificada en grado de tentativa. Se [&hellip;]<\/p>\n","protected":false},"author":1,"featured_media":13698,"comment_status":"closed","ping_status":"closed","sticky":false,"template":"","format":"standard","meta":[],"categories":[19],"tags":[],"_links":{"self":[{"href":"http:\/\/hoycordobaweb.com\/index.php\/wp-json\/wp\/v2\/posts\/13697"}],"collection":[{"href":"http:\/\/hoycordobaweb.com\/index.php\/wp-json\/wp\/v2\/posts"}],"about":[{"href":"http:\/\/hoycordobaweb.com\/index.php\/wp-json\/wp\/v2\/types\/post"}],"author":[{"embeddable":true,"href":"http:\/\/hoycordobaweb.com\/index.php\/wp-json\/wp\/v2\/users\/1"}],"replies":[{"embeddable":true,"href":"http:\/\/hoycordobaweb.com\/index.php\/wp-json\/wp\/v2\/comments?post=13697"}],"version-history":[{"count":0,"href":"http:\/\/hoycordobaweb.com\/index.php\/wp-json\/wp\/v2\/posts\/13697\/revisions"}],"wp:featuredmedia":[{"embeddable":true,"href":"http:\/\/hoycordobaweb.com\/index.php\/wp-json\/wp\/v2\/media\/13698"}],"wp:attachment":[{"href":"http:\/\/hoycordobaweb.com\/index.php\/wp-json\/wp\/v2\/media?parent=13697"}],"wp:term":[{"taxonomy":"category","embeddable":true,"href":"http:\/\/hoycordobaweb.com\/index.php\/wp-json\/wp\/v2\/categories?post=13697"},{"taxonomy":"post_tag","embeddable":true,"href":"http:\/\/hoycordobaweb.com\/index.php\/wp-json\/wp\/v2\/tags?post=13697"}],"curies":[{"name":"wp","href":"https:\/\/api.w.org\/{rel}","templated":true}]}}