{"id":13667,"date":"2021-02-25T17:40:00","date_gmt":"2021-02-25T17:40:00","guid":{"rendered":"http:\/\/hoycordobaweb.com\/index.php\/2021\/02\/25\/fue-coraje-y-no-angustia-dijo-el-presidente-en-referencia-a-palabras-del-expresidente-macri\/"},"modified":"2021-02-25T17:40:00","modified_gmt":"2021-02-25T17:40:00","slug":"fue-coraje-y-no-angustia-dijo-el-presidente-en-referencia-a-palabras-del-expresidente-macri","status":"publish","type":"post","link":"http:\/\/hoycordobaweb.com\/index.php\/2021\/02\/25\/fue-coraje-y-no-angustia-dijo-el-presidente-en-referencia-a-palabras-del-expresidente-macri\/","title":{"rendered":"\u00abFue coraje y no angustia\u00bb, dijo el Presidente en referencia a palabras del expresidente Macri"},"content":{"rendered":"<p><img src=\"http:\/\/hoycordobaweb.com\/wp-content\/uploads\/2021\/02\/fue-coraje-y-no-angustia-dijo-el-presidente-en-referencia-a-palabras-del-expresidente-macri.jpg\"><\/p>\n<div class=\"image\" id=\"image\" readability=\"7\"> <img src=\"http:\/\/hoycordobaweb.com\/wp-content\/uploads\/2021\/02\/fue-coraje-y-no-angustia-dijo-el-presidente-en-referencia-a-palabras-del-expresidente-macri-2.jpg\" alt=\"El Presidente resalt\u00f3 el coraje de los pr\u00f3ceres.\" title=\"El Presidente resalt\u00f3 el coraje de los pr\u00f3ceres.\"><\/p>\n<p>El Presidente resalt\u00f3 el coraje de los pr\u00f3ceres.<\/p>\n<\/div>\n<p>El presidente Alberto Fern\u00e1ndez asegur\u00f3 que fue \u00abcoraje\u00bb y no \u00abangustia\u00bb lo que sintieron los pr\u00f3ceres que lucharon para conseguir la independencia de Am\u00e9rica latina, al lamentar las palabras pronunciadas en un acto por \u00abun presidente argentino, frente al Rey Juan Carlos, de Espa\u00f1a\u00bb.<\/p>\n<p>De esta forma, en su discurso al encabezar el acto de conmemoraci\u00f3n del 243 aniversario del nacimiento del Gral. Jos\u00e9 de San Mart\u00edn, en la localidad correntina de Yapey\u00fa, Fern\u00e1ndez hizo referencia a dichos del ex presidente Mauricio Macri, quien, en 2019, en un discurso en la Casa de Tucum\u00e1n, dijo que los pr\u00f3ceres \u00abdeber\u00edan tener angustia de tomar la decisi\u00f3n, mi querido Rey, de separarse de Espa\u00f1a\u00bb. <\/p>\n","protected":false},"excerpt":{"rendered":"<p>El Presidente resalt\u00f3 el coraje de los pr\u00f3ceres. El presidente Alberto Fern\u00e1ndez asegur\u00f3 que fue \u00abcoraje\u00bb y no \u00abangustia\u00bb lo que sintieron los pr\u00f3ceres que lucharon para conseguir la independencia de Am\u00e9rica latina, al lamentar las palabras pronunciadas en un acto por \u00abun presidente argentino, frente al Rey Juan Carlos, de Espa\u00f1a\u00bb. De esta forma, [&hellip;]<\/p>\n","protected":false},"author":1,"featured_media":13668,"comment_status":"open","ping_status":"closed","sticky":false,"template":"","format":"standard","meta":[],"categories":[19],"tags":[],"_links":{"self":[{"href":"http:\/\/hoycordobaweb.com\/index.php\/wp-json\/wp\/v2\/posts\/13667"}],"collection":[{"href":"http:\/\/hoycordobaweb.com\/index.php\/wp-json\/wp\/v2\/posts"}],"about":[{"href":"http:\/\/hoycordobaweb.com\/index.php\/wp-json\/wp\/v2\/types\/post"}],"author":[{"embeddable":true,"href":"http:\/\/hoycordobaweb.com\/index.php\/wp-json\/wp\/v2\/users\/1"}],"replies":[{"embeddable":true,"href":"http:\/\/hoycordobaweb.com\/index.php\/wp-json\/wp\/v2\/comments?post=13667"}],"version-history":[{"count":0,"href":"http:\/\/hoycordobaweb.com\/index.php\/wp-json\/wp\/v2\/posts\/13667\/revisions"}],"wp:featuredmedia":[{"embeddable":true,"href":"http:\/\/hoycordobaweb.com\/index.php\/wp-json\/wp\/v2\/media\/13668"}],"wp:attachment":[{"href":"http:\/\/hoycordobaweb.com\/index.php\/wp-json\/wp\/v2\/media?parent=13667"}],"wp:term":[{"taxonomy":"category","embeddable":true,"href":"http:\/\/hoycordobaweb.com\/index.php\/wp-json\/wp\/v2\/categories?post=13667"},{"taxonomy":"post_tag","embeddable":true,"href":"http:\/\/hoycordobaweb.com\/index.php\/wp-json\/wp\/v2\/tags?post=13667"}],"curies":[{"name":"wp","href":"https:\/\/api.w.org\/{rel}","templated":true}]}}