{"id":136001,"date":"2026-05-02T14:45:01","date_gmt":"2026-05-02T14:45:01","guid":{"rendered":"https:\/\/www.mujerhoy.com\/moda\/no-te-pierdas\/azul-marino-color-estrella-versatil-temporada-primavera-20260502212317-nt.html"},"modified":"2026-05-02T14:45:01","modified_gmt":"2026-05-02T14:45:01","slug":"siempre-termino-recurriendo-a-este-color-cuando-quiero-ir-elegante-sin-complicarme","status":"publish","type":"post","link":"http:\/\/hoycordobaweb.com\/index.php\/2026\/05\/02\/siempre-termino-recurriendo-a-este-color-cuando-quiero-ir-elegante-sin-complicarme\/","title":{"rendered":"Siempre termino recurriendo a este color cuando quiero ir elegante sin complicarme"},"content":{"rendered":"<p><!-- AUTHOR --><\/p>\n<div class=\"voc-author-timesocial \">\n<!-- AUTHOR --><\/p>\n<div class=\"voc-author-timesocial__signature \">\n<!-- IMAGE AUTHOR -->\n<picture class=\"voc-image-signature\">\n<img class=\"voc-image-signature__img\" src=\"http:\/\/hoycordobaweb.com\/wp-content\/uploads\/2026\/05\/siempre-termino-recurriendo-a-este-color-cuando-quiero-ir-elegante-sin-complicarme.jpg\" alt=\"Carla Dom\u00ednguez\">\n<\/picture>\n<!-- INFO AUTHOR --> <\/div><\/div>\n<p><!-- COMPONENTS --><\/p>\n<p class=\"voc-paragraph\">Durante mucho tiempo pens\u00e9 que el negro era la \u00fanica respuesta cuando quer\u00eda ir elegante sin pensar demasiado. Es f\u00e1cil, funciona siempre y no falla. Pero con los a\u00f1os he ido cambiando ese reflejo autom\u00e1tico por otro color que, sin hacer ruido, consigue exactamente lo mismo: <a href=\"https:\/\/www.mujerhoy.com\/moda\/no-te-pierdas\/mejores-vestidos-invitada-azul-marino-primavera-20260317193611-nt.html\" data-voc-vtm-id=\"in-text-traffic\" title=\"el azul marino.\" data-mrf-link=\"www.mujerhoy.com\">el azul marino.<\/a><\/p>\n<p class=\"voc-paragraph\">Es un color que tiene <strong>algo especial.<\/strong> Es igual de sofisticado que el negro, pero menos duro. Favorece m\u00e1s al rostro, especialmente con luz natural, y combina con una facilidad sorprendente. Es ese tipo de tono que no destaca por s\u00ed solo, pero que hace que todo el conjunto funcione.<\/p>\n<div class=\"v-c-cmp v-c-cmp--t1 \">\n<div class=\"v-cmp-rld v-cmp-rld--2 \">\n<div class=\"v-cnt-m v-cnt-m--m\">\n<div class=\"v-cnt-m__c\">\n<div class=\"v-cnt-m__w v-cnt-m__w--1\">\n<p class=\"v-cnt-m__t\">\nTAMBI\u00c9N TE INTERESA\n<\/p>\n<\/div>\n<\/div>\n<\/div>\n<div class=\"v-g v-g--2-c v-g--bdr-min-xs\">\n<div class=\"v-g__c \">\n<article class=\"v-a v-a--cmp-rld v-a--cmp-rld-2 v-a--p-l\">\n<div class=\"v-a-img-c\">\n<figure class=\"v-a-fig\">\n<a href=\"https:\/\/www.mujerhoy.com\/moda\/no-te-pierdas\/nuevo-primark-camisa-blanca-nueva-temporada-primavera-20260418074837-nt.html#vtm_modulosEngag=mod-rel:moda:noticia:1:cmp:2-not\" class=\"v-a-link\" title=\"Las compras de Primark de la semana: vestidos de invitada, zapatos de fiesta y bolsos de colores\"><br \/>\n<img loading=\"lazy\" class=\"v-a-img\" src=\"http:\/\/hoycordobaweb.com\/wp-content\/uploads\/2026\/05\/siempre-termino-recurriendo-a-este-color-cuando-quiero-ir-elegante-sin-complicarme-1.jpg\" alt=\"Las compras de Primark de la semana: vestidos de invitada, zapatos de fiesta y bolsos de colores\"><br \/>\n<\/a><br \/>\n<\/figure>\n<\/div>\n<\/article>\n<\/div>\n<div class=\"v-g__c \">\n<article class=\"v-a v-a--cmp-rld v-a--cmp-rld-2 v-a--p-l\">\n<div class=\"v-a-img-c\">\n<figure class=\"v-a-fig\">\n<a href=\"https:\/\/www.mujerhoy.com\/moda\/no-te-pierdas\/vestido-barato-nuevo-basicos-primavera-parfois-20260417073547-nt.html#vtm_modulosEngag=mod-rel:moda:noticia:2:cmp:2-not\" class=\"v-a-link\" title=\"Las novedades de Parfois de la semana: vestidos midi, camisas estampadas y bolsos de rafia que van a arrasar\"><br \/>\n<img loading=\"lazy\" class=\"v-a-img\" src=\"http:\/\/hoycordobaweb.com\/wp-content\/uploads\/2026\/05\/siempre-termino-recurriendo-a-este-color-cuando-quiero-ir-elegante-sin-complicarme-2.jpg\" alt=\"Las novedades de Parfois de la semana: vestidos midi, camisas estampadas y bolsos de rafia que van a arrasar\"><br \/>\n<\/a><br \/>\n<\/figure>\n<\/div>\n<\/article>\n<\/div>\n<\/div>\n<\/div>\n<\/div>\n<p><h3 class=\"v-cmp-suh\">\nPor qu\u00e9 el azul marino se ha convertido en mi color estrella<br \/>\n<\/h3>\n<\/p>\n<p class=\"voc-paragraph\">En primavera, por ejemplo, lo llevo con blanco roto o o beis y el resultado es siempre limpio y elegante, sin esfuerzo. En invierno, con gris o tonos m\u00e1s oscuros, aporta profundidad sin caer en el cl\u00e1sico total black. Y en eventos o <strong>momentos m\u00e1s especiales<\/strong>, sustituye al negro con una naturalidad que hace que el look se vea m\u00e1s ligero y actual.<\/p>\n<p class=\"voc-paragraph\">Otra de sus ventajas es que funciona con todo tipo de prendas. <strong>Un blazer en azul marino<\/strong> eleva autom\u00e1ticamente unos vaqueros. Un vestido en este tono resulta perfecto cuando no sabes qu\u00e9 ponerte pero quieres acertar. Incluso en piezas m\u00e1s informales, como un jersey fino o un pantal\u00f3n fluido, mantiene ese aire cuidado que a veces cuesta conseguir.<\/p>\n<p class=\"voc-paragraph\">Tambi\u00e9n es un color muy agradecido con los accesorios. <strong>Queda bien con dorado<\/strong>, con plateado, con tonos cuero e incluso con detalles m\u00e1s tendencia. No limita, sino que acompa\u00f1a. Y eso, cuando buscas simplificar el armario, es clave.<\/p>\n<p class=\"voc-paragraph\">Al final, <strong>el azul marino<\/strong> se ha convertido en ese recurso al que siempre vuelvo cuando no quiero complicarme pero s\u00ed sentir que voy bien vestida. No es el color m\u00e1s llamativo ni el m\u00e1s tendencia, pero precisamente por eso funciona: porque nunca falla y porque siempre encaja.<\/p>\n<div class=\"v-c-cmp \">\n<div class=\"v-cmp-m v-cmp-m--t1\">\n<article class=\"v-a v-a--cmp-m v-c-cmp--m-p\">\n<div class=\"v-a-img-c v-a-img-c--fw-xs\">\n<div class=\"v-a-fig\">\n<div class=\"v-a-link\">\n<img loading=\"lazy\" src=\"http:\/\/hoycordobaweb.com\/wp-content\/uploads\/2026\/05\/siempre-termino-recurriendo-a-este-color-cuando-quiero-ir-elegante-sin-complicarme-3.jpg\" class=\"v-a-img\" width=\"650\" height=\"975\" alt=\"Vestido azul marino de Maje.\" data-voc-vtm-id=\"in-text-traffic\">\n<\/div><figcaption class=\"v-fc\">\n<span class=\"v-fc__t\"><br \/>\nVestido azul marino de Maje.<br \/>\n<\/span><br \/>\n<span class=\"v-fc__p\"><br \/>\nMaje.<br \/>\n<\/span><br \/>\n<\/figcaption><\/div>\n<\/div>\n<\/article>\n<\/div>\n<\/div>\n<p><h3 class=\"v-cmp-suh\">\nVestido azul marino de Maje<br \/>\n<\/h3>\n<\/p>\n<p class=\"voc-paragraph\">Un dise\u00f1o en azul marino ideal para la temporada de primavera-verano es este modelo de la firma Maje. Es un dise\u00f1o de la marca francesa con tirantes grueso y falda en A. Un modelo que puedes lucir con sandalias o con mocasines como propone la firma.<\/p>\n<div class=\"v-c-cmp \">\n<div class=\"v-cmp-m v-cmp-m--t1\">\n<article class=\"v-a v-a--cmp-m v-c-cmp--m-p\">\n<div class=\"v-a-img-c v-a-img-c--fw-xs\">\n<div class=\"v-a-fig\">\n<div class=\"v-a-link\">\n<img loading=\"lazy\" src=\"http:\/\/hoycordobaweb.com\/wp-content\/uploads\/2026\/05\/siempre-termino-recurriendo-a-este-color-cuando-quiero-ir-elegante-sin-complicarme-4.jpg\" class=\"v-a-img\" width=\"650\" height=\"975\" alt=\"Blusa fluida de Claudie Pierlot.\" data-voc-vtm-id=\"in-text-traffic\">\n<\/div><figcaption class=\"v-fc\">\n<span class=\"v-fc__t\"><br \/>\nBlusa fluida de Claudie Pierlot.<br \/>\n<\/span><br \/>\n<span class=\"v-fc__p\"><br \/>\nClaudie Pierlot.<br \/>\n<\/span><br \/>\n<\/figcaption><\/div>\n<\/div>\n<\/article>\n<\/div>\n<\/div>\n<p><h3 class=\"v-cmp-suh\">\nBlusa fluida de Claudie Pierlot<br \/>\n<\/h3>\n<\/p>\n<p class=\"voc-paragraph\">Se trata de un dise\u00f1o fluido con detalle de lazo. Un modelo que acaba de lanzar la firma francesa Claudie Pierlot. Se trata de un dise\u00f1o de manga larga con un detalle de lazo que la convierte en una opci\u00f3n s\u00faper elegante. La buena noticia es que ahora est\u00e1 con descuento.<\/p>\n<div class=\"v-c-cmp \">\n<div class=\"v-cmp-m v-cmp-m--t1\">\n<article class=\"v-a v-a--cmp-m v-c-cmp--m-p\">\n<div class=\"v-a-img-c v-a-img-c--fw-xs\">\n<div class=\"v-a-fig\">\n<div class=\"v-a-link\">\n<img loading=\"lazy\" src=\"http:\/\/hoycordobaweb.com\/wp-content\/uploads\/2026\/05\/siempre-termino-recurriendo-a-este-color-cuando-quiero-ir-elegante-sin-complicarme-5.jpg\" class=\"v-a-img\" width=\"650\" height=\"975\" alt=\"Top halter satinado en azul de Stradivarius.\" data-voc-vtm-id=\"in-text-traffic\">\n<\/div><figcaption class=\"v-fc\">\n<span class=\"v-fc__t\"><br \/>\nTop halter satinado en azul de Stradivarius.<br \/>\n<\/span><br \/>\n<span class=\"v-fc__p\"><br \/>\nStradivarius.<br \/>\n<\/span><br \/>\n<\/figcaption><\/div>\n<\/div>\n<\/article>\n<\/div>\n<\/div>\n<p><h3 class=\"v-cmp-suh\">\nTop halter satinado en azul de Stradivarius<br \/>\n<\/h3>\n<\/p>\n<p class=\"voc-paragraph\">Se trata de un top perfecto para primavera. Es un dise\u00f1o estilo halter con espalda al descubierto. Un dise\u00f1o con efecto satinado elegant\u00edsimo para lucir combinado con cualquier prenda. Tiene un precio de unos 17,99 euros<\/p>\n<div class=\"v-c-cmp v-c-cmp--t1 \">\n<div class=\"v-cmp-rld v-cmp-rld--2 \">\n<div class=\"v-cnt-m v-cnt-m--m\">\n<div class=\"v-cnt-m__c\">\n<div class=\"v-cnt-m__w v-cnt-m__w--1\">\n<p class=\"v-cnt-m__t\">\nTAMBI\u00c9N TE INTERESA\n<\/p>\n<\/div>\n<\/div>\n<\/div>\n<div class=\"v-g v-g--2-c v-g--bdr-min-xs\">\n<div class=\"v-g__c \">\n<article class=\"v-a v-a--cmp-rld v-a--cmp-rld-2 v-a--p-l\">\n<div class=\"v-a-img-c\">\n<figure class=\"v-a-fig\">\n<a href=\"https:\/\/www.mujerhoy.com\/moda\/no-te-pierdas\/novedades-chaquetas-vestidos-massimo-dutti-20260416231550-nt.html#vtm_modulosEngag=mod-rel:moda:noticia:1:cmp:2-not\" class=\"v-a-link\" title=\"Las novedades de Massimo Dutti de la semana: vestidos negros, bolsos trenzados y chaquetas de primavera\"><br \/>\n<img loading=\"lazy\" class=\"v-a-img\" src=\"http:\/\/hoycordobaweb.com\/wp-content\/uploads\/2026\/05\/siempre-termino-recurriendo-a-este-color-cuando-quiero-ir-elegante-sin-complicarme-6.jpg\" alt=\"Las novedades de Massimo Dutti de la semana: vestidos negros, bolsos trenzados y chaquetas de primavera\"><br \/>\n<\/a><br \/>\n<\/figure>\n<\/div>\n<\/article>\n<\/div>\n<div class=\"v-g__c \">\n<article class=\"v-a v-a--cmp-rld v-a--cmp-rld-2 v-a--p-l\">\n<div class=\"v-a-img-c\">\n<figure class=\"v-a-fig\">\n<a href=\"https:\/\/www.mujerhoy.com\/moda\/no-te-pierdas\/reina-letizia-pantalones-blancos-mejor-sientan-blusa-lazo-20260415131353-nt.html#vtm_modulosEngag=mod-rel:moda:noticia:2:cmp:2-not\" class=\"v-a-link\" title=\"La reina Letizia encuentra los pantalones blancos que mejor sientan y los combina con su blusa favorita\"><br \/>\n<img loading=\"lazy\" class=\"v-a-img\" src=\"http:\/\/hoycordobaweb.com\/wp-content\/uploads\/2026\/05\/siempre-termino-recurriendo-a-este-color-cuando-quiero-ir-elegante-sin-complicarme-7.jpg\" alt=\"La reina Letizia encuentra los pantalones blancos que mejor sientan y los combina con su blusa favorita\"><br \/>\n<\/a><br \/>\n<\/figure>\n<\/div>\n<\/article>\n<\/div>\n<\/div>\n<\/div>\n<\/div>\n<div class=\"media_block\"><\/div>\n","protected":false},"excerpt":{"rendered":"<p>Durante mucho tiempo pens\u00e9 que el negro era la \u00fanica respuesta cuando quer\u00eda ir elegante sin pensar demasiado. Es f\u00e1cil, funciona siempre y no falla. Pero con los a\u00f1os he ido cambiando ese reflejo autom\u00e1tico por otro color que, sin hacer ruido, consigue exactamente lo mismo: el azul marino. Es un color que tiene algo [&hellip;]<\/p>\n","protected":false},"author":1,"featured_media":136002,"comment_status":"closed","ping_status":"closed","sticky":false,"template":"","format":"standard","meta":[],"categories":[],"tags":[],"_links":{"self":[{"href":"http:\/\/hoycordobaweb.com\/index.php\/wp-json\/wp\/v2\/posts\/136001"}],"collection":[{"href":"http:\/\/hoycordobaweb.com\/index.php\/wp-json\/wp\/v2\/posts"}],"about":[{"href":"http:\/\/hoycordobaweb.com\/index.php\/wp-json\/wp\/v2\/types\/post"}],"author":[{"embeddable":true,"href":"http:\/\/hoycordobaweb.com\/index.php\/wp-json\/wp\/v2\/users\/1"}],"replies":[{"embeddable":true,"href":"http:\/\/hoycordobaweb.com\/index.php\/wp-json\/wp\/v2\/comments?post=136001"}],"version-history":[{"count":0,"href":"http:\/\/hoycordobaweb.com\/index.php\/wp-json\/wp\/v2\/posts\/136001\/revisions"}],"wp:featuredmedia":[{"embeddable":true,"href":"http:\/\/hoycordobaweb.com\/index.php\/wp-json\/wp\/v2\/media\/136002"}],"wp:attachment":[{"href":"http:\/\/hoycordobaweb.com\/index.php\/wp-json\/wp\/v2\/media?parent=136001"}],"wp:term":[{"taxonomy":"category","embeddable":true,"href":"http:\/\/hoycordobaweb.com\/index.php\/wp-json\/wp\/v2\/categories?post=136001"},{"taxonomy":"post_tag","embeddable":true,"href":"http:\/\/hoycordobaweb.com\/index.php\/wp-json\/wp\/v2\/tags?post=136001"}],"curies":[{"name":"wp","href":"https:\/\/api.w.org\/{rel}","templated":true}]}}