{"id":135991,"date":"2026-05-03T02:01:21","date_gmt":"2026-05-03T02:01:21","guid":{"rendered":"https:\/\/www.ole.com.ar\/futbol-internacional\/america\/cruzeiro-atletico-mineiro-brasileirao-post-boca_0_V71QhVWVbP.html"},"modified":"2026-05-03T02:01:21","modified_gmt":"2026-05-03T02:01:21","slug":"tras-ganarle-a-boca-cruzeiro-perdio-el-clasico-con-a-mineiro-y-termino-con-9","status":"publish","type":"post","link":"http:\/\/hoycordobaweb.com\/index.php\/2026\/05\/03\/tras-ganarle-a-boca-cruzeiro-perdio-el-clasico-con-a-mineiro-y-termino-con-9\/","title":{"rendered":"Tras ganarle a Boca, Cruzeiro perdi\u00f3 el cl\u00e1sico con A. Mineiro y termin\u00f3 con 9"},"content":{"rendered":"<p><img src=\"http:\/\/hoycordobaweb.com\/wp-content\/uploads\/2026\/05\/tras-ganarle-a-boca-cruzeiro-perdio-el-clasico-con-a-mineiro-y-termino-con-9.jpg\"><\/p>\n<p><time class=\"createDate\" datetime=\"2026-05-02T23:01:21-03:00\">02\/05\/2026 23:01hs.<\/time><\/p>\n<div id=\"storyBody\">\n<div id=\"element-body-0\" class=\"sc-136cd478-0 ekTCfV\" readability=\"31.933121019108\">\n<p>Despu\u00e9s del <a href=\"https:\/\/www.ole.com.ar\/tema\/\/futbol-internacional\/libertadores\/cruziero-vs-boca-partido-fecha-3-copa-libertadores-minuto-minuto_0_B0FtVfvnMZ.html\" target=\"_self\" title=\"picante 1-0 a Boca\" alt=\"picante 1-0 a Boca\" rel=\"noopener noreferrer\">picante 1-0 a Boca<\/a> por la Copa Libertadores, <a href=\"https:\/\/www.ole.com.ar\/tema\/cruzeiro.html\" title=\"Cruzeiro\" alt=\"Cruzeiro\" class=\"slug\">Cruzeiro<\/a> salt\u00f3 al campo de juego de Mineirao para fajarse nada menos que con <a href=\"https:\/\/www.ole.com.ar\/tema\/atletico-mineiro.html\" title=\"Atletico Mineiro\" alt=\"Atletico Mineiro\" class=\"slug\">Atl\u00e9tico Mineiro<\/a>, un Atl\u00e9tico Mineiro que llegaba muy golpeado y con Eduardo Dom\u00ednguez cuestionado&#8230; Un Galo que golpe\u00f3 en la parte inicial y a los 32 minutos ya ganaba 2-0.<\/p>\n<\/div>\n<div id=\"element-body-1\" class=\"sc-136cd478-0 ekTCfV\" readability=\"37\">\n<p>Artur Jorge <strong>decidi\u00f3 usar a 10 de los 11 titulares que el pasado martes empezaron el duelo ante el Xeneize<\/strong> (s\u00f3lo cambi\u00f3 a Fagner por Kaua Moraes en el lateral derecho) y no pudieron contra su cl\u00e1sico rival. El ecuatoriano Minda primero y Maycon, de penal, un rato despu\u00e9s anotaron los dos tantos en la parte inicial.<\/p>\n<\/div>\n<div id=\"element-body-2\" class=\"sc-136cd478-0 ekTCfV\" readability=\"39\">\n<p>En la parte final, Mateo Casierra aument\u00f3 la ventaja con un gran cabezazo: en ese momento, Cruzeiro jugaba con 10 por la roja (por doble amarilla) a Arroyo, pero un ratito m\u00e1s tarde se quedar\u00eda con 9 por la roja a Kaiki. Tras la roja a Maycon en el visitante, Kaio Jorge descont\u00f3 de penal para el 3-1 final.<\/p>\n<\/div>\n<div class=\"sc-e7b891c4-0 ifHnQL image-embed\" id=\"element-body-3\"><img alt=\"Eduardo Dom\u00ednguez y una gran victoria con Atl\u00e9tico Mineiro.\" loading=\"lazy\" width=\"720\" height=\"100\" decoding=\"async\" data-nimg=\"1\" src=\"http:\/\/hoycordobaweb.com\/wp-content\/uploads\/2026\/05\/tras-ganarle-a-boca-cruzeiro-perdio-el-clasico-con-a-mineiro-y-termino-con-9-2.jpg\"><span class=\"epigraphe\">Eduardo Dom\u00ednguez y una gran victoria con Atl\u00e9tico Mineiro.<\/span><\/div>\n<div id=\"element-body-4\" class=\"sc-136cd478-0 ekTCfV\" readability=\"39\">\n<p>De esta forma, <strong>Atl\u00e9tico Mineiro y Eduardo Dom\u00ednguez levantan cabeza a full e<\/strong> n un momento complejo (lleg\u00f3 a los 17 puntos en 14 partidos). Cruzeiro, por su parte, se qued\u00f3 con 16 unidades antes de visitar a U. Cat\u00f3lica, este mi\u00e9rcoles a las 23, en un partido clave por la zona de Boca.<\/p>\n<\/div>\n<p><h2><strong>Los detalles del partido<\/strong><\/h2>\n<\/p>\n<\/div>\n","protected":false},"excerpt":{"rendered":"<p>02\/05\/2026 23:01hs. Despu\u00e9s del picante 1-0 a Boca por la Copa Libertadores, Cruzeiro salt\u00f3 al campo de juego de Mineirao para fajarse nada menos que con Atl\u00e9tico Mineiro, un Atl\u00e9tico Mineiro que llegaba muy golpeado y con Eduardo Dom\u00ednguez cuestionado&#8230; Un Galo que golpe\u00f3 en la parte inicial y a los 32 minutos ya ganaba [&hellip;]<\/p>\n","protected":false},"author":1,"featured_media":135992,"comment_status":"open","ping_status":"closed","sticky":false,"template":"","format":"standard","meta":[],"categories":[16],"tags":[],"_links":{"self":[{"href":"http:\/\/hoycordobaweb.com\/index.php\/wp-json\/wp\/v2\/posts\/135991"}],"collection":[{"href":"http:\/\/hoycordobaweb.com\/index.php\/wp-json\/wp\/v2\/posts"}],"about":[{"href":"http:\/\/hoycordobaweb.com\/index.php\/wp-json\/wp\/v2\/types\/post"}],"author":[{"embeddable":true,"href":"http:\/\/hoycordobaweb.com\/index.php\/wp-json\/wp\/v2\/users\/1"}],"replies":[{"embeddable":true,"href":"http:\/\/hoycordobaweb.com\/index.php\/wp-json\/wp\/v2\/comments?post=135991"}],"version-history":[{"count":0,"href":"http:\/\/hoycordobaweb.com\/index.php\/wp-json\/wp\/v2\/posts\/135991\/revisions"}],"wp:featuredmedia":[{"embeddable":true,"href":"http:\/\/hoycordobaweb.com\/index.php\/wp-json\/wp\/v2\/media\/135992"}],"wp:attachment":[{"href":"http:\/\/hoycordobaweb.com\/index.php\/wp-json\/wp\/v2\/media?parent=135991"}],"wp:term":[{"taxonomy":"category","embeddable":true,"href":"http:\/\/hoycordobaweb.com\/index.php\/wp-json\/wp\/v2\/categories?post=135991"},{"taxonomy":"post_tag","embeddable":true,"href":"http:\/\/hoycordobaweb.com\/index.php\/wp-json\/wp\/v2\/tags?post=135991"}],"curies":[{"name":"wp","href":"https:\/\/api.w.org\/{rel}","templated":true}]}}