{"id":13598,"date":"2021-02-24T21:43:00","date_gmt":"2021-02-24T21:43:00","guid":{"rendered":"https:\/\/fm-comunicar.com.ar\/contenido\/17102\/jesus-maria-designo-nuevas-autoridades-en-el-organo-ejecutivo-y-legislativo"},"modified":"2021-02-24T21:43:00","modified_gmt":"2021-02-24T21:43:00","slug":"jesus-maria-designo-nuevas-autoridades-en-el-organo-ejecutivo-y-legislativo","status":"publish","type":"post","link":"http:\/\/hoycordobaweb.com\/index.php\/2021\/02\/24\/jesus-maria-designo-nuevas-autoridades-en-el-organo-ejecutivo-y-legislativo\/","title":{"rendered":"Jes\u00fas Mar\u00eda design\u00f3 nuevas autoridades en el \u00f3rgano Ejecutivo y Legislativo"},"content":{"rendered":"<p>Oscar Peralta asumi\u00f3 como subsecretario de Ambiente y Servicios P\u00fablicos, en reemplazo de Javier V\u00e1zquez. Mario Montiel es el nuevo presidente del Concejo Deliberante.<img src=\"http:\/\/hoycordobaweb.com\/wp-content\/uploads\/2021\/02\/jesus-maria-designo-nuevas-autoridades-en-el-organo-ejecutivo-y-legislativo.jpg\"><\/p>\n","protected":false},"excerpt":{"rendered":"<p>Oscar Peralta asumi\u00f3 como subsecretario de Ambiente y Servicios P\u00fablicos, en reemplazo de Javier V\u00e1zquez. Mario Montiel es el nuevo presidente del Concejo Deliberante.<\/p>\n","protected":false},"author":1,"featured_media":13599,"comment_status":"closed","ping_status":"closed","sticky":false,"template":"","format":"standard","meta":[],"categories":[18],"tags":[],"_links":{"self":[{"href":"http:\/\/hoycordobaweb.com\/index.php\/wp-json\/wp\/v2\/posts\/13598"}],"collection":[{"href":"http:\/\/hoycordobaweb.com\/index.php\/wp-json\/wp\/v2\/posts"}],"about":[{"href":"http:\/\/hoycordobaweb.com\/index.php\/wp-json\/wp\/v2\/types\/post"}],"author":[{"embeddable":true,"href":"http:\/\/hoycordobaweb.com\/index.php\/wp-json\/wp\/v2\/users\/1"}],"replies":[{"embeddable":true,"href":"http:\/\/hoycordobaweb.com\/index.php\/wp-json\/wp\/v2\/comments?post=13598"}],"version-history":[{"count":0,"href":"http:\/\/hoycordobaweb.com\/index.php\/wp-json\/wp\/v2\/posts\/13598\/revisions"}],"wp:featuredmedia":[{"embeddable":true,"href":"http:\/\/hoycordobaweb.com\/index.php\/wp-json\/wp\/v2\/media\/13599"}],"wp:attachment":[{"href":"http:\/\/hoycordobaweb.com\/index.php\/wp-json\/wp\/v2\/media?parent=13598"}],"wp:term":[{"taxonomy":"category","embeddable":true,"href":"http:\/\/hoycordobaweb.com\/index.php\/wp-json\/wp\/v2\/categories?post=13598"},{"taxonomy":"post_tag","embeddable":true,"href":"http:\/\/hoycordobaweb.com\/index.php\/wp-json\/wp\/v2\/tags?post=13598"}],"curies":[{"name":"wp","href":"https:\/\/api.w.org\/{rel}","templated":true}]}}