{"id":135979,"date":"2026-05-03T03:26:15","date_gmt":"2026-05-03T03:26:15","guid":{"rendered":"http:\/\/hoycordobaweb.com\/index.php\/2026\/05\/03\/a-tres-anos-de-su-retiro-el-sorprendente-cambio-de-look-del-pipa-higuain-cadena-3\/"},"modified":"2026-05-03T03:26:15","modified_gmt":"2026-05-03T03:26:15","slug":"a-tres-anos-de-su-retiro-el-sorprendente-cambio-de-look-del-pipa-higuain-cadena-3","status":"publish","type":"post","link":"http:\/\/hoycordobaweb.com\/index.php\/2026\/05\/03\/a-tres-anos-de-su-retiro-el-sorprendente-cambio-de-look-del-pipa-higuain-cadena-3\/","title":{"rendered":"A tres a\u00f1os de su retiro: el sorprendente cambio de look del &quot;Pipa&quot; Higua\u00edn &#8211; Cadena 3"},"content":{"rendered":"<p>El ex delantero de la Selecci\u00f3n <b>argentina<\/b> fue visto en Miami con un look casual y una prominente barba que sorprendi\u00f3 a todos. <\/p>\n","protected":false},"excerpt":{"rendered":"<p>El ex delantero de la Selecci\u00f3n argentina fue visto en Miami con un look casual y una prominente barba que sorprendi\u00f3 a todos.<\/p>\n","protected":false},"author":1,"featured_media":0,"comment_status":"closed","ping_status":"closed","sticky":false,"template":"","format":"standard","meta":[],"categories":[22],"tags":[],"_links":{"self":[{"href":"http:\/\/hoycordobaweb.com\/index.php\/wp-json\/wp\/v2\/posts\/135979"}],"collection":[{"href":"http:\/\/hoycordobaweb.com\/index.php\/wp-json\/wp\/v2\/posts"}],"about":[{"href":"http:\/\/hoycordobaweb.com\/index.php\/wp-json\/wp\/v2\/types\/post"}],"author":[{"embeddable":true,"href":"http:\/\/hoycordobaweb.com\/index.php\/wp-json\/wp\/v2\/users\/1"}],"replies":[{"embeddable":true,"href":"http:\/\/hoycordobaweb.com\/index.php\/wp-json\/wp\/v2\/comments?post=135979"}],"version-history":[{"count":0,"href":"http:\/\/hoycordobaweb.com\/index.php\/wp-json\/wp\/v2\/posts\/135979\/revisions"}],"wp:attachment":[{"href":"http:\/\/hoycordobaweb.com\/index.php\/wp-json\/wp\/v2\/media?parent=135979"}],"wp:term":[{"taxonomy":"category","embeddable":true,"href":"http:\/\/hoycordobaweb.com\/index.php\/wp-json\/wp\/v2\/categories?post=135979"},{"taxonomy":"post_tag","embeddable":true,"href":"http:\/\/hoycordobaweb.com\/index.php\/wp-json\/wp\/v2\/tags?post=135979"}],"curies":[{"name":"wp","href":"https:\/\/api.w.org\/{rel}","templated":true}]}}