{"id":135963,"date":"2026-05-01T14:43:08","date_gmt":"2026-05-01T14:43:08","guid":{"rendered":"https:\/\/www.mujerhoy.com\/vivir\/ocio\/manzanares-el-real-pueblo-sierra-madrid-ideal-excursion-castillo-paisajes-senderismo-20260501001617-nt.html"},"modified":"2026-05-01T14:43:08","modified_gmt":"2026-05-01T14:43:08","slug":"el-pueblo-mas-aristocratico-de-madrid-es-ideal-para-una-excursion-el-castillo-de-los-mendoza-el-paraiso-de-las-aves-y-una-montana-magica","status":"publish","type":"post","link":"http:\/\/hoycordobaweb.com\/index.php\/2026\/05\/01\/el-pueblo-mas-aristocratico-de-madrid-es-ideal-para-una-excursion-el-castillo-de-los-mendoza-el-paraiso-de-las-aves-y-una-montana-magica\/","title":{"rendered":"El pueblo m\u00e1s aristocr\u00e1tico de Madrid es ideal para una excursi\u00f3n: el castillo de los Mendoza, el para\u00edso de las aves y una monta\u00f1a m\u00e1gica"},"content":{"rendered":"<p><!-- AUTHOR --><\/p>\n<div class=\"voc-author-timesocial \">\n<!-- AUTHOR --><\/p>\n<div class=\"voc-author-timesocial__signature \">\n<!-- IMAGE AUTHOR -->\n<picture class=\"voc-image-signature\">\n<img class=\"voc-image-signature__img\" src=\"http:\/\/hoycordobaweb.com\/wp-content\/uploads\/2026\/05\/el-pueblo-mas-aristocratico-de-madrid-es-ideal-para-una-excursion-el-castillo-de-los-mendoza-el-paraiso-de-las-aves-y-una-montana-magica.jpg\" alt=\"\u00c1ngeles Castillo\">\n<\/picture>\n<!-- INFO AUTHOR --> <\/div><\/div>\n<p><!-- COMPONENTS --><\/p>\n<p class=\"voc-paragraph\">Es verdad que el madrile\u00f1o <strong>Manzanares el Real<\/strong> tiene una identificaci\u00f3n plena con su castillo, el nuevo, que en realidad no lo es tanto porque data del siglo XV, aunque s\u00ed lo es en contraposici\u00f3n con el viejo. Un castillo, propiedad de<strong> los Mendoza<\/strong>, que<a href=\"https:\/\/www.mujerhoy.com\/vivir\/ocio\/chinchilla-montearagon-secreto-albacete-pueblo-medieval-castillo-20251031151642-nt.html\" target=\"_self\" data-voc-vtm-id=\"in-text-traffic\" title=\" tiene mucho de palacio\" data-mrf-link=\"www.mujerhoy.com\" rel=\"noopener noreferrer\"> tiene mucho de palacio<\/a> pues adem\u00e1s de lo caballeresco medieval, de lo que da fe su barbacana con saeteras, presume del refinamiento contenido de sus salones, con tapices y mobiliario del siglo XVII y una<strong> galer\u00eda g\u00f3tica<\/strong> que es la envidia de todos los de su condici\u00f3n. V\u00e9ase el de<a href=\"https:\/\/www.mujerhoy.com\/vivir\/ocio\/belmonte-pueblo-medieval-bonito-cuenca-castillo-molinos-escapadas-cercanas-20260403132419-nt.html\" target=\"_self\" data-voc-vtm-id=\"in-text-traffic\" title=\" la elegante Eugenia de Montijo\" data-mrf-link=\"www.mujerhoy.com\" rel=\"noopener noreferrer\"> la elegante Eugenia de Montijo<\/a>, en el cercano Belmonte (Cuenca). Es Real porque as\u00ed lo quiso Alfonso X el Sabio.<\/p>\n<p class=\"voc-paragraph\">Pero Manzanares el Real, al noroeste de la regi\u00f3n, cuando <a href=\"https:\/\/www.mujerhoy.com\/vivir\/ocio\/maderuelo-segovia-bello-pueblo-medieval-ideal-escapada-cercana-20260110135614-nt.html\" target=\"_self\" data-voc-vtm-id=\"in-text-traffic\" title=\"est\u00e1 a punto de rozar Segovia\" data-mrf-link=\"www.mujerhoy.com\" rel=\"noopener noreferrer\">est\u00e1 a punto de rozar Segovia<\/a>, es mucho m\u00e1s que este insigne monumento, que est\u00e1 a punto de reabrir sus puertas por parte de la <a href=\"https:\/\/www.mujerhoy.com\/celebrities\/duquesa-infantado-almudena-arteaga-polemica-parque-ocupado-20240904123217-nt.html\" target=\"_self\" data-voc-vtm-id=\"in-text-traffic\" title=\"Casa Ducal del Infantado\" data-mrf-link=\"www.mujerhoy.com\" rel=\"noopener noreferrer\">Casa Ducal del Infantado<\/a>, herederos directos de <strong>Diego Hurtado de Mendoza<\/strong>, despu\u00e9s de casi medio siglo gestionado por la Comunidad de Madrid como espacio muse\u00edstico. <\/p>\n<div class=\"v-c-cmp v-c-cmp--t1 \">\n<div class=\"v-cmp-rld v-cmp-rld--2 \">\n<div class=\"v-cnt-m v-cnt-m--m\">\n<div class=\"v-cnt-m__c\">\n<div class=\"v-cnt-m__w v-cnt-m__w--1\">\n<p class=\"v-cnt-m__t\">\nTAMBI\u00c9N TE INTERESA\n<\/p>\n<\/div>\n<\/div>\n<\/div>\n<div class=\"v-g v-g--2-c v-g--bdr-min-xs\">\n<div class=\"v-g__c \">\n<article class=\"v-a v-a--cmp-rld v-a--cmp-rld-2 v-a--p-l\">\n<div class=\"v-a-img-c\">\n<figure class=\"v-a-fig\">\n<a href=\"https:\/\/www.mujerhoy.com\/vivir\/ocio\/ayamonte-pueblo-costero-huelva-alma-portuguesa-playas-ensueno-20260424123133-nt.html#vtm_modulosEngag=mod-rel:vivir:noticia:1:cmp:2-not\" class=\"v-a-link\" title=\"El pueblo costero de Huelva con alma portuguesa: playas de ensue\u00f1o, dos culturas y un puente internacional\"><br \/>\n<img loading=\"lazy\" class=\"v-a-img\" src=\"http:\/\/hoycordobaweb.com\/wp-content\/uploads\/2026\/05\/el-pueblo-mas-aristocratico-de-madrid-es-ideal-para-una-excursion-el-castillo-de-los-mendoza-el-paraiso-de-las-aves-y-una-montana-magica-1.jpg\" alt=\"El pueblo costero de Huelva con alma portuguesa: playas de ensue\u00f1o, dos culturas y un puente internacional\"><br \/>\n<\/a><br \/>\n<\/figure>\n<\/div>\n<\/article>\n<\/div>\n<div class=\"v-g__c \">\n<article class=\"v-a v-a--cmp-rld v-a--cmp-rld-2 v-a--p-l\">\n<div class=\"v-a-img-c\">\n<figure class=\"v-a-fig\">\n<a href=\"https:\/\/www.mujerhoy.com\/vivir\/ocio\/agua-amarga-pueblo-cabo-gata-calas-playas-paradisiacas-rutas-senderismo-20260423134318-nt.html#vtm_modulosEngag=mod-rel:vivir:noticia:2:cmp:2-not\" class=\"v-a-link\" title=\"El rinc\u00f3n del Cabo de Gata donde quitarse las ganas de verano: un pueblo blanco con encanto marinero y una ruta por calas paradisiacas\"><br \/>\n<img loading=\"lazy\" class=\"v-a-img\" src=\"http:\/\/hoycordobaweb.com\/wp-content\/uploads\/2026\/05\/el-pueblo-mas-aristocratico-de-madrid-es-ideal-para-una-excursion-el-castillo-de-los-mendoza-el-paraiso-de-las-aves-y-una-montana-magica-2.jpg\" alt=\"El rinc\u00f3n del Cabo de Gata donde quitarse las ganas de verano: un pueblo blanco con encanto marinero y una ruta por calas paradisiacas\"><br \/>\n<\/a><br \/>\n<\/figure>\n<\/div>\n<\/article>\n<\/div>\n<\/div>\n<\/div>\n<\/div>\n<p class=\"voc-paragraph\">La historia nos lleva hasta 1385, a\u00f1o en que Pedro Gonz\u00e1lez de Mendoza recibe el castillo como pago por salvar la vida del rey Juan I de Castilla en la batalla de Aljubarrota (Portugal). Y, pegando un salto en el tiempo, hasta 1475, cuando su descendiente Diego Hurtado de Mendoza, I duque del Infantado, manda construir la nueva fortaleza, acabada por su hijo \u00cd\u00f1igo L\u00f3pez de Mendoza con la participaci\u00f3n de <strong>Juan Guas<\/strong>, el arquitecto de los Reyes Cat\u00f3licos. Manzanares el Real es de <strong>corte aristocr\u00e1tico<\/strong> ya desde su nombre. <\/p>\n<p class=\"voc-paragraph\">Solo el lugar en el que se encuentra merece por s\u00ed mismo la pena. Atravesado por el<strong> r\u00edo Manzanares<\/strong>, que lo bautiz\u00f3 con su nombre, al poco de nacer en las cumbres de <a href=\"https:\/\/www.mujerhoy.com\/vivir\/ocio\/rascafria-sierra-guadarrama-monasterio-bosque-finlandes-senderismo-quijote-20250920105836-nt.html\" target=\"_self\" data-voc-vtm-id=\"in-text-traffic\" title=\"la Sierra de Guadarrama\" data-mrf-link=\"www.mujerhoy.com\" rel=\"noopener noreferrer\">la Sierra de Guadarrama<\/a>, en el Ventisquero de la Condesa, y almacen\u00e1ndose sus aguas en el <strong>embalse de Santillana<\/strong>, con lo que eso significa a nivel medioambiental. A solo 53 de kil\u00f3metros de la capital, un para\u00edso para las aves acu\u00e1ticas y para nosotros, hombres sin alas. Otro honor es estar integrado en la Reserva de la Biosfera de la Cuenca Alta del Manzanares.<\/p>\n<p><h3 class=\"v-cmp-suh\">\nManzanares el Real, un pueblo de altura<br \/>\n<\/h3>\n<\/p>\n<p class=\"voc-paragraph\">Este pueblo se encuentra, adem\u00e1s, a los pies de ese otro castillo natural, y van tres, que es <strong>La Pedriza<\/strong>, que tambi\u00e9n es su se\u00f1a de identidad. Adem\u00e1s de un pasaporte hacia el cielo. O, geol\u00f3gicamente, un gran batolito gran\u00edtico que tiene su atalaya en<strong> el Yelmo<\/strong> (1.717 m); sus Torres, de m\u00e1s de 2.000 metros de altitud; sus <strong>Cuatro Damas<\/strong> (1.564 m), entre sus formaciones m\u00e1s pintorescas y representativas, y si nos ponemos po\u00e9ticos, su P\u00e1jaro, como posado en plena cresta a 1.549 metros. <\/p>\n<div class=\"v-c-cmp v-c-cmp--s\">\n<div class=\"v-cmp-m \">\n<article class=\"v-a v-a--cmp-m v-c-cmp--m-z\">\n<div class=\"v-a-img-c \">\n<div class=\"v-a-fig\">\n<button class=\"v-a-link\" popovertarget=\"photo-883\"><br \/>\n<img loading=\"lazy\" src=\"http:\/\/hoycordobaweb.com\/wp-content\/uploads\/2026\/05\/el-pueblo-mas-aristocratico-de-madrid-es-ideal-para-una-excursion-el-castillo-de-los-mendoza-el-paraiso-de-las-aves-y-una-montana-magica-3.jpg\" class=\"v-a-img\" width=\"650\" height=\"650\" alt=\"La presa vieja, inaugurada por Alfonso XIII, se hizo a imagen y semejanza del castillo.\" data-voc-vtm-id=\"in-text-traffic\"> <\/button><figcaption class=\"v-fc\">\n<span class=\"v-fc__t\"><br \/>\nLa presa vieja, inaugurada por Alfonso XIII, se hizo a imagen y semejanza del castillo.<br \/>\n<\/span><br \/>\n<span class=\"v-fc__p\"><br \/>\nWIKIPEDIA\/DEENSEL<br \/>\n<\/span><br \/>\n<\/figcaption><\/div>\n<\/div>\n<div id=\"photo-883\" popover class=\"v-mdl v-mdl--fw\">\n<button class=\"v-x\" popovertarget=\"photo-883\" popovertargetaction=\"hide\"><br \/>\n<span class=\"v-i\"><br \/>\n<svg width=\"24\" height=\"23.996\" viewBox=\"0 0 24 23.996\">\n<path data-name=\"Uni\u00f3n 29\" d=\"M12,14.03,2.031,24,0,21.963,9.968,12,0,2.033,2.031,0,12,9.966,21.969,0,24,2.033,14.032,12,24,21.963,21.969,24Z\" \/>\n<\/svg><br \/>\n<\/span><br \/>\n<\/button><\/p>\n<div class=\"v-mdl__c\">\n<div class=\"v-mdl__w\">\n<img loading=\"lazy\" src=\"http:\/\/hoycordobaweb.com\/wp-content\/uploads\/2026\/05\/el-pueblo-mas-aristocratico-de-madrid-es-ideal-para-una-excursion-el-castillo-de-los-mendoza-el-paraiso-de-las-aves-y-una-montana-magica-3.jpg\" class=\"v-mdl__img-z\" width=\"650\" height=\"650\" alt>\n<\/div>\n<\/div>\n<\/div>\n<p><span class=\"v-bdp\"><\/span><br \/>\n<\/article>\n<\/div>\n<\/div>\n<p class=\"voc-paragraph\">Hay riscos, canchales y rocas de las m\u00e1s diversas formas que son pura tentaci\u00f3n para los escaladores, igual que sus caminos lo son para lo <strong>senderistas<\/strong>, que acuden en tropel a la llamada de la naturaleza para batirse en duelo con las alturas. Tambi\u00e9n esta fortaleza parece inexpugnable. Una manera de asomarse a sus abismos es llegar hasta el<strong> collado Quebrantaherraduras<\/strong>, situado en la carretera de La Pedriza, y desde ah\u00ed acceder al <strong>mirador<\/strong>, que queda a unos 100 metros.<\/p>\n<p><h3 class=\"v-cmp-suh\">\nEl mejor balc\u00f3n para ver La Pedriza<br \/>\n<\/h3>\n<\/p>\n<p class=\"voc-paragraph\">Desde este balc\u00f3n al infinito se ve la loma de la<strong> Cuerda Larga<\/strong>, La Pedriza Posterior en forma de circo, La Pedriza Anterior coronada por el Yelmo y, t\u00edmidamente, la Garganta de La Camorza, por donde el Manzanares sale en busca del embalse. Su <strong>presa vieja<\/strong>, por cierto, recrea el estilo arquitect\u00f3nico del castillo, al gusto de Joaqu\u00edn de Arteaga y Echag\u00fce, XVIII marqu\u00e9s de Santillana y XVII duque del Infantado, su promotor. La \u00faltima piedra la puso <a href=\"https:\/\/www.mujerhoy.com\/celebrities\/realeza\/rey-alfonso-xiii-amante-celia-gamez-vedette-humillacion-victoria-eugenia-20251208234522-nt.html\" target=\"_self\" data-voc-vtm-id=\"in-text-traffic\" title=\"el rey Alfonso XIII\" data-mrf-link=\"www.mujerhoy.com\" rel=\"noopener noreferrer\">el rey Alfonso XIII<\/a> en 1907. Una estampa emblem\u00e1tica imborrable: una torre que parece flotar en la aguas, que han anegado el ingenio en su mayor parte. Imposible no acordarse de la torre de Bel\u00e9m, en Lisboa.<\/p>\n<p class=\"voc-paragraph\">Se nota que este pueblo es la puerta de entrada al <strong>Parque Nacional Sierra de Guadarrama<\/strong>. Serranas son sus calles y serrana es su gastronom\u00eda, que se sirve en tradicionales <strong>asadores castellanos<\/strong>. A Manzanares el Real le sobre encanto. Se da la circunstancia adem\u00e1s de que ha sido elevado al olimpo cinematogr\u00e1fico, al haber aparecido en pel\u00edculas de la talla de El Cid (1961),<a href=\"https:\/\/www.mujerhoy.com\/belleza\/tratamientos\/sophia-loren-gina-lollobrigida-trucos-belleza-iconos-50-hollywood-20230118124353-nt.html\" target=\"_self\" data-voc-vtm-id=\"in-text-traffic\" title=\" con Sophia Loren\" data-mrf-link=\"www.mujerhoy.com\" rel=\"noopener noreferrer\"> con Sophia Loren<\/a> y Charlton Heston; La ca\u00edda del Imperio Romano (1964), tambi\u00e9n de Anthony Mann y con la actriz italiana; o Alejandro Magno (1956), de Robert Rossen, con <a href=\"https:\/\/www.mujerhoy.com\/lujo-slow\/casas-impresionantes-famosos-mansion-elizabeth-taylor-richard-burton-puerto-vallarta-casa-kimberly-hotel-lujo-20240310103953-nt.html\" target=\"_self\" data-voc-vtm-id=\"in-text-traffic\" title=\"Richard Burton\" data-mrf-link=\"www.mujerhoy.com\" rel=\"noopener noreferrer\">Richard Burton<\/a> interpretando al macedonio. As\u00ed que mayor es su gloria.<\/p>\n<div class=\"v-c-cmp v-c-cmp--s\">\n<div class=\"v-cmp-m \">\n<article class=\"v-a v-a--cmp-m v-c-cmp--m-z\">\n<div class=\"v-a-img-c \">\n<div class=\"v-a-fig\">\n<button class=\"v-a-link\" popovertarget=\"photo-275\"><br \/>\n<img loading=\"lazy\" src=\"http:\/\/hoycordobaweb.com\/wp-content\/uploads\/2026\/05\/el-pueblo-mas-aristocratico-de-madrid-es-ideal-para-una-excursion-el-castillo-de-los-mendoza-el-paraiso-de-las-aves-y-una-montana-magica-4.jpg\" class=\"v-a-img\" width=\"650\" height=\"650\" alt=\"La iglesia de Nuestra Se\u00f1ora de las Nieves es del siglo XV.\" data-voc-vtm-id=\"in-text-traffic\"> <\/button><figcaption class=\"v-fc\">\n<span class=\"v-fc__t\"><br \/>\nLa iglesia de Nuestra Se\u00f1ora de las Nieves es del siglo XV.<br \/>\n<\/span><br \/>\n<span class=\"v-fc__p\"><br \/>\nTURISMO MANZANARES EL REAL<br \/>\n<\/span><br \/>\n<\/figcaption><\/div>\n<\/div>\n<div id=\"photo-275\" popover class=\"v-mdl v-mdl--fw\">\n<button class=\"v-x\" popovertarget=\"photo-275\" popovertargetaction=\"hide\"><br \/>\n<span class=\"v-i\"><br \/>\n<svg width=\"24\" height=\"23.996\" viewBox=\"0 0 24 23.996\">\n<path data-name=\"Uni\u00f3n 29\" d=\"M12,14.03,2.031,24,0,21.963,9.968,12,0,2.033,2.031,0,12,9.966,21.969,0,24,2.033,14.032,12,24,21.963,21.969,24Z\" \/>\n<\/svg><br \/>\n<\/span><br \/>\n<\/button><\/p>\n<div class=\"v-mdl__c\">\n<div class=\"v-mdl__w\">\n<img loading=\"lazy\" src=\"http:\/\/hoycordobaweb.com\/wp-content\/uploads\/2026\/05\/el-pueblo-mas-aristocratico-de-madrid-es-ideal-para-una-excursion-el-castillo-de-los-mendoza-el-paraiso-de-las-aves-y-una-montana-magica-4.jpg\" class=\"v-mdl__img-z\" width=\"650\" height=\"650\" alt>\n<\/div>\n<\/div>\n<\/div>\n<p><span class=\"v-bdp\"><\/span><br \/>\n<\/article>\n<\/div>\n<\/div>\n<p class=\"voc-paragraph\">Lo ver\u00e1s claro frente al castillo de los Mendoza, pero tambi\u00e9n cara a cara con la <strong>iglesia de Nuestra Se\u00f1ora de las Nieves<\/strong> (s. XV), que se construy\u00f3 a instancias del II duque del Infantado, \u00cd\u00f1igo L\u00f3pez de Mendoza y Luna, con elementos rom\u00e1nicos, g\u00f3ticos y renacentistas. Te gustar\u00e1 la <strong>ermita de nuestra Se\u00f1ora de la Pe\u00f1a Sacra<\/strong>, de finales del siglo XV, la \u00e9poca de esplendor de la villa, con unas vistas que son un regalo y que habr\u00e1s de ganarte. En ella se festeja cada a\u00f1o a la que es su patrona. Adem\u00e1s, est\u00e1 relacionada con <strong>cultos druidas<\/strong>, los ritos que sacerdotes celtas celebraban durante el primer milenio antes de Cristo en estos m\u00e1gicos bosques.<\/p>\n<p><h3 class=\"v-cmp-suh\">\nAqu\u00ed naci\u00f3 la Comunidad de Madrid<br \/>\n<\/h3>\n<\/p>\n<p class=\"voc-paragraph\">Puestos a merodear por los alrededores, hay que localizar tambi\u00e9n el<strong> puente de la Ca\u00f1ada Real Segoviana<\/strong>, sobre el Manzanares, de origen medieval y con un solo arco, de medio punto. Dentro del pueblo, un pase\u00edto por la plaza es obligado. Es <a href=\"https:\/\/www.mujerhoy.com\/vivir\/ocio\/colmenar-oreja-pueblos-bonitos-madrid-plaza-restaurantes-escapadas-20260402131526-nt.html\" target=\"_self\" data-voc-vtm-id=\"in-text-traffic\" title=\"una plaza porticada\" data-mrf-link=\"www.mujerhoy.com\" rel=\"noopener noreferrer\">una plaza porticada<\/a> al estilo tradicional, en la que sobresalen las antiguas<strong> casas consistoriales<\/strong> (XVII), con arquer\u00eda de piedra y galer\u00eda de madera al estilo serrano, pero con elementos t\u00edpicamente castellanos.<\/p>\n<p class=\"voc-paragraph\">A todas estas bondades hay que a\u00f1adir, como curiosidad, que Manzanares es la <strong>cuna de la Comunidad de Madrid<\/strong> porque fue en su castillo nuevo, el de los Mendoza, que es de pel\u00edcula, donde se celebr\u00f3 en 1982 el acto de constituci\u00f3n de la Asamblea de Parlamentarios y donde se aprob\u00f3 el Estatuto de Autonom\u00eda en 1983.<\/p>\n<div class=\"v-c-cmp v-c-cmp--t1 \">\n<div class=\"v-cmp-rld v-cmp-rld--2 \">\n<div class=\"v-cnt-m v-cnt-m--m\">\n<div class=\"v-cnt-m__c\">\n<div class=\"v-cnt-m__w v-cnt-m__w--1\">\n<p class=\"v-cnt-m__t\">\nNO TE PIERDAS\n<\/p>\n<\/div>\n<\/div>\n<\/div>\n<div class=\"v-g v-g--2-c v-g--bdr-min-xs\">\n<div class=\"v-g__c \">\n<article class=\"v-a v-a--cmp-rld v-a--cmp-rld-2 v-a--p-l\">\n<div class=\"v-a-img-c\">\n<figure class=\"v-a-fig\">\n<a href=\"https:\/\/www.mujerhoy.com\/vivir\/ocio\/ona-pueblo-medieval-bonito-burgos-monasterio-escapadas-primavera-20260425212517-nt.html#vtm_modulosEngag=mod-rel:vivir:noticia:1:cmp:2-not\" class=\"v-a-link\" title=\"Este pueblo de Burgos es todo un lujo primaveral: un monasterio de reyes, calles con encanto y naturaleza\"><br \/>\n<img loading=\"lazy\" class=\"v-a-img\" src=\"http:\/\/hoycordobaweb.com\/wp-content\/uploads\/2026\/05\/el-pueblo-mas-aristocratico-de-madrid-es-ideal-para-una-excursion-el-castillo-de-los-mendoza-el-paraiso-de-las-aves-y-una-montana-magica-5.jpg\" alt=\"Este pueblo de Burgos es todo un lujo primaveral: un monasterio de reyes, calles con encanto y naturaleza\"><br \/>\n<\/a><br \/>\n<\/figure>\n<\/div>\n<\/article>\n<\/div>\n<div class=\"v-g__c \">\n<article class=\"v-a v-a--cmp-rld v-a--cmp-rld-2 v-a--p-l\">\n<div class=\"v-a-img-c\">\n<figure class=\"v-a-fig\">\n<a href=\"https:\/\/www.mujerhoy.com\/vivir\/ocio\/baga-precioso-pueblo-medieval-pirineo-catalan-una-hora-barcelona-20260426131921-nt.html#vtm_modulosEngag=mod-rel:vivir:noticia:2:cmp:2-not\" class=\"v-a-link\" title=\"Este es el precioso pueblo medieval del Pirineo catal\u00e1n a una hora de Barcelona donde parece que se ha parado el tiempo\"><br \/>\n<img loading=\"lazy\" class=\"v-a-img\" src=\"http:\/\/hoycordobaweb.com\/wp-content\/uploads\/2026\/05\/el-pueblo-mas-aristocratico-de-madrid-es-ideal-para-una-excursion-el-castillo-de-los-mendoza-el-paraiso-de-las-aves-y-una-montana-magica-6.jpg\" alt=\"Este es el precioso pueblo medieval del Pirineo catal\u00e1n a una hora de Barcelona donde parece que se ha parado el tiempo\"><br \/>\n<\/a><br \/>\n<\/figure>\n<\/div>\n<\/article>\n<\/div>\n<\/div>\n<\/div>\n<\/div>\n","protected":false},"excerpt":{"rendered":"<p>Es verdad que el madrile\u00f1o Manzanares el Real tiene una identificaci\u00f3n plena con su castillo, el nuevo, que en realidad no lo es tanto porque data del siglo XV, aunque s\u00ed lo es en contraposici\u00f3n con el viejo. Un castillo, propiedad de los Mendoza, que tiene mucho de palacio pues adem\u00e1s de lo caballeresco medieval, [&hellip;]<\/p>\n","protected":false},"author":1,"featured_media":135964,"comment_status":"closed","ping_status":"closed","sticky":false,"template":"","format":"standard","meta":[],"categories":[],"tags":[],"_links":{"self":[{"href":"http:\/\/hoycordobaweb.com\/index.php\/wp-json\/wp\/v2\/posts\/135963"}],"collection":[{"href":"http:\/\/hoycordobaweb.com\/index.php\/wp-json\/wp\/v2\/posts"}],"about":[{"href":"http:\/\/hoycordobaweb.com\/index.php\/wp-json\/wp\/v2\/types\/post"}],"author":[{"embeddable":true,"href":"http:\/\/hoycordobaweb.com\/index.php\/wp-json\/wp\/v2\/users\/1"}],"replies":[{"embeddable":true,"href":"http:\/\/hoycordobaweb.com\/index.php\/wp-json\/wp\/v2\/comments?post=135963"}],"version-history":[{"count":0,"href":"http:\/\/hoycordobaweb.com\/index.php\/wp-json\/wp\/v2\/posts\/135963\/revisions"}],"wp:featuredmedia":[{"embeddable":true,"href":"http:\/\/hoycordobaweb.com\/index.php\/wp-json\/wp\/v2\/media\/135964"}],"wp:attachment":[{"href":"http:\/\/hoycordobaweb.com\/index.php\/wp-json\/wp\/v2\/media?parent=135963"}],"wp:term":[{"taxonomy":"category","embeddable":true,"href":"http:\/\/hoycordobaweb.com\/index.php\/wp-json\/wp\/v2\/categories?post=135963"},{"taxonomy":"post_tag","embeddable":true,"href":"http:\/\/hoycordobaweb.com\/index.php\/wp-json\/wp\/v2\/tags?post=135963"}],"curies":[{"name":"wp","href":"https:\/\/api.w.org\/{rel}","templated":true}]}}