{"id":135955,"date":"2026-05-01T22:47:04","date_gmt":"2026-05-01T22:47:04","guid":{"rendered":"https:\/\/www.ole.com.ar\/futbol-internacional\/espana\/demichelis-victoria-mallorca-girona-puntos-gordos_0_PkvRpwhxvq.html"},"modified":"2026-05-01T22:47:04","modified_gmt":"2026-05-01T22:47:04","slug":"demichelis-un-jugador-debio-salir-para-ir-al-bano-y-la-tierna-dedicatoria-a-su-hijo-bastian","status":"publish","type":"post","link":"http:\/\/hoycordobaweb.com\/index.php\/2026\/05\/01\/demichelis-un-jugador-debio-salir-para-ir-al-bano-y-la-tierna-dedicatoria-a-su-hijo-bastian\/","title":{"rendered":"Demichelis: un jugador debi\u00f3 salir para ir al ba\u00f1o y la tierna dedicatoria a su hijo Bastian"},"content":{"rendered":"<p><img src=\"http:\/\/hoycordobaweb.com\/wp-content\/uploads\/2026\/05\/demichelis-un-jugador-debio-salir-para-ir-al-bano-y-la-tierna-dedicatoria-a-su-hijo-bastian.jpg\"><\/p>\n<p><span class=\"createDate\">01\/05\/2026 19:47hs.<\/span><time class=\"modificatedDate\" datetime=\"2026-05-01T20:09:46-03:00\"> Actualizado al 01\/05\/2026 20:09hs.<\/time><\/p>\n<div id=\"storyBody\">\n<div id=\"element-body-0\" class=\"sc-136cd478-0 ekTCfV\" readability=\"35.506849315068\">\n<p>El <a href=\"https:\/\/www.ole.com.ar\/tema\/mallorca.html\" title=\"Mallorca\" alt=\"Mallorca\" class=\"slug\">Mallorca<\/a>, el equipo que dirige <strong><a href=\"https:\/\/www.ole.com.ar\/tema\/martin-demichelis.html\" title=\"Martin Demichelis\" alt=\"Martin Demichelis\" class=\"slug\">Mart\u00edn Demichelis<\/a><\/strong>, gan\u00f3 un partido clave, <strong><a href=\"https:\/\/www.ole.com.ar\/futbol-internacional\/espana\/mallorca-demichelis-ganpo-girona-lucha-descenso-laliga_0_cQwVzqNJeH.html\" target=\"_self\" title=\"1 a 0 al Girona\" alt=\"1 a 0 al Girona\" rel=\"noopener noreferrer\">1 a 0 al Girona<\/a><\/strong>, el primero de visitante con el DT argentino, y se potenci\u00f3 en la lucha por mantener la categor\u00eda en LaLiga. Y fue una victoria que sobresale por las circunstacias en la que debieron jugar los baleares: seis jugadores hab\u00edan sufrido problemas estomacales en la semana.<\/p>\n<\/div>\n<div id=\"element-body-1\" class=\"sc-136cd478-0 ekTCfV\" readability=\"39\">\n<p>\u201cNo pudimos hacerlo p\u00fablico porque era una desventaja, <strong>pero tuvimos jugadores con virus.<\/strong> El equipo se fue sobreponiendo a todas esas cosas, tenemos car\u00e1cter, creo que lo demostramos, con muchas ganas de seguir compitiendo bien\u201d, explic\u00f3 el t\u00e9cnico.<\/p>\n<\/div>\n<div id=\"element-body-2\" class=\"sc-136cd478-0 ekTCfV\" readability=\"33\">\n<p>\u00abA algunos hasta le costaba comer\u00bb, cont\u00f3 como dato revelador.<\/p>\n<\/div>\n<div id=\"element-body-3\" class=\"sc-136cd478-0 ekTCfV\" readability=\"35\">\n<p>Y as\u00ed explic\u00f3 un caso muy fuerte: <strong>el de Jan Virgili, quien ingres\u00f3 en el entretiempo y debi\u00f3 salir a los 27 minutos.<\/strong> \u00abHab\u00eda estado dos o tres d\u00edas sin entrenarse. Un jugador que no est\u00e1 al 100% desde lo f\u00edsico no nos sirve. <strong>Entr\u00f3 y \u00e9l mismo pidi\u00f3 salir porque ten\u00eda que ir al ba\u00f1o\u00bb.<\/strong><\/p>\n<\/div>\n<div id=\"element-body-4\" class=\"sc-136cd478-0 ekTCfV\" readability=\"40\">\n<p>Adem\u00e1s, explic\u00f3 la situaci\u00f3n del defensor eslovaco Martin Valjent. \u00abEstaba enojado, me gusta, le dije que no quer\u00eda verlo re\u00edr, mostr\u00f3 esa cara de l\u00edder. Eso me gusta, hasta estaba enojado conmigo. Eso me gusta\u00bb , explic\u00f3 Micho por otro de sus jugadores que la pas\u00f3 mal.<\/p>\n<\/div>\n<div id=\"element-body-5\" class=\"sc-136cd478-0 ekTCfV\" readability=\"40\">\n<p>Tambi\u00e9n, se permiti\u00f3 un saludo para su hijo mayor Bastian, que juega en las Inferiores de River. \u00abSe lo quiero dedicar, me apoya mucho, el domingo es su cumplea\u00f1os, no voy a poder estar y se lo quiero dedicar\u00bb, afirm\u00f3.<\/p>\n<\/div>\n<p><h2><strong>Mir\u00e1 sus declaraciones<\/strong><\/h2>\n<\/p>\n<div id=\"element-body-7\" class=\"sc-ef81c825-1 evSCNc\" readability=\"32\"><figcaption class=\"JWvideoNota_title\" readability=\"4\">\n<p>El t\u00e9cnico cont\u00f3 las dificultades por la gastroenteritis de sus jugadores y pidi\u00f3 una menci\u00f3n para Bastian, tras superar al Girona.<\/p>\n<\/figcaption><\/div>\n<div class=\"sc-e7b891c4-0 ifHnQL image-embed\" id=\"element-body-8\"><img alt=\"Demichelis destac\u00f3 qye esta victoria &quot;desmoraliza&quot; a sus competidores (EFE\/David Borrat).\" loading=\"lazy\" width=\"720\" height=\"100\" decoding=\"async\" data-nimg=\"1\" src=\"http:\/\/hoycordobaweb.com\/wp-content\/uploads\/2026\/05\/demichelis-un-jugador-debio-salir-para-ir-al-bano-y-la-tierna-dedicatoria-a-su-hijo-bastian-2.jpg\"><span class=\"epigraphe\">Demichelis destac\u00f3 qye esta victoria \u00abdesmoraliza\u00bb a sus competidores (EFE\/David Borrat).<\/span><\/div>\n<p><h2><strong>La importancia del triunfo<\/strong><\/h2>\n<\/p>\n<div id=\"element-body-10\" class=\"sc-136cd478-0 ekTCfV\" readability=\"40\">\n<p><strong>\u00abEran tres puntos muy gordos que te pon\u00edan de lleno en la pelea\u00bb, valor\u00f3 sobre el partido. <\/strong>\u00abVi muy mal al equipo el otro d\u00eda cuando nos gan\u00f3 el Alav\u00e9s. Nos miramos a las caras y no quer\u00edamos seguir siendo eso, as\u00ed que destaco la rebeld\u00eda despu\u00e9s de perder, que qued\u00f3 demostrado en el campo de juego\u00bb, cont\u00f3. Por eso, Micho indic\u00f3 que \u00aberan tres puntos muy gordos que llegan en un momento crucial\u00bb.<\/p>\n<\/div>\n<div id=\"element-body-11\" class=\"sc-136cd478-0 ekTCfV\" readability=\"38.852459016393\">\n<p>Y claro, a falta de cuatro fechas para que termine <a href=\"https:\/\/www.ole.com.ar\/tema\/la-liga.html\" title=\"La Liga\" alt=\"La Liga\" class=\"slug\">LaLiga<\/a>, el <a href=\"https:\/\/www.ole.com.ar\/tema\/mallorca.html\" title=\"Mallorca\" alt=\"Mallorca\" class=\"slug\">Mallorca<\/a> no pod\u00eda darse el lujo de perder unidades en una lucha que es sumamente pareja: \u00abLo necesit\u00e1bamos. <strong> Abriendo la jornada sab\u00edamos que ganar nos iba a beneficiar por los tres puntos y porque desmoraliza a los que compiten por lo que competimos\u00bb,<\/strong> cont\u00f3 un Demichelis \u00abmuy orgulloso por lo que hizo el equipo para quedarse con la victoria\u00bb, la cual <strong>\u00abnos ha fortalecido en lo espiritual, en lo an\u00edmico y en lo grupal\u00bb.<\/strong><\/p>\n<\/div>\n<div id=\"element-body-12\" class=\"sc-136cd478-0 ekTCfV\" readability=\"36.186813186813\">\n<p>En lo que respecta al juego, Demichelis destac\u00f3 que su equipo fue <strong> \u00abmuy valiente\u00bb<\/strong> en la primera parte y que \u00able complicamos la vida al <a href=\"https:\/\/www.ole.com.ar\/tema\/girona.html\" title=\"girona\" alt=\"girona\" class=\"slug\">Girona<\/a> con una presi\u00f3n alt\u00edsima\u00bb, as\u00ed como reconoci\u00f3 que el local en el segundo tiempo fue m\u00e1s, pero <strong>\u00ablos jugadores supieron sufrir\u00bb. <\/strong><\/p>\n<\/div>\n<div id=\"element-body-13\" class=\"sc-136cd478-0 ekTCfV\" readability=\"39\">\n<p>De todos modos, y a pesar de la importancia de la victoria, Demichelis fue prudente ya que si bien <strong> \u00absumar de a tres nos acerca al objetivo, no nos podemos relajar\u00bb.<\/strong> Por \u00faltimo, el DT cerr\u00f3 d\u00e1ndole \u00abmis felicitaciones a los chicos. Nos volvemos a la isla reconfortados con los tres puntos y ahora hay que preparar la triple jornada\u00bb.<\/p>\n<\/div>\n<p><h2><strong>La lucha del Mallorca por salvarse del descenso<\/strong><\/h2>\n<\/p>\n<div id=\"element-body-15\" class=\"sc-136cd478-0 ekTCfV\" readability=\"44\">\n<p>Claro que este triunfo ante el Girona vale oro para el Mallorca, ya que el det\u00e9 sum\u00f3 otra victoria clave y, desde que lleg\u00f3 al club, <strong>sac\u00f3 14 de 24 puntos posibles,<\/strong> lo que lo llev\u00f3 de estar casi descendido a so\u00f1ar seriamente con la salvaci\u00f3n. Y es que con estos tres puntos, <strong>el conjunto mallorqu\u00edn escal\u00f3 al 15\u00b0 lugar con 38 unidades,<\/strong> los mismos que Girona. Adem\u00e1s, le sac\u00f3 cuatro de ventaja al Sevilla, que es el primer equipo que estar\u00eda bajando. Eso s\u00ed, los andaluces tienen un partido menos.<\/p>\n<\/div>\n<div class=\"sc-e7b891c4-0 ifHnQL image-embed\" id=\"element-body-16\"><img alt=\"Desde que lleg\u00f3, Demichelis sac\u00f3 14 puntos de 24 (EFE\/ Cati Cladera).\" loading=\"lazy\" width=\"720\" height=\"100\" decoding=\"async\" data-nimg=\"1\" src=\"http:\/\/hoycordobaweb.com\/wp-content\/uploads\/2026\/05\/demichelis-un-jugador-debio-salir-para-ir-al-bano-y-la-tierna-dedicatoria-a-su-hijo-bastian-3.jpg\"><span class=\"epigraphe\">Desde que lleg\u00f3, Demichelis sac\u00f3 14 puntos de 24 (EFE\/ Cati Cladera).<\/span><\/div>\n<div id=\"element-body-17\" class=\"sc-136cd478-0 ekTCfV\" readability=\"39\">\n<p>Pero poco importa eso en Mallorca, <strong>porque el equipo sigue dependiendo de s\u00ed mismo<\/strong> y ya sabe que, pase lo que pase con el Sevilla, continuar\u00e1 afuera de la zona roja. Por eso, a falta de cuatro fechas para el final, <strong> en el equipo de la isla se ilusionan con la salvaci\u00f3n.<\/strong><\/p>\n<\/div>\n<p><h2><strong>Los partidos que le quedan al Girona<\/strong><\/h2>\n<\/p>\n<div id=\"element-body-19\" class=\"sc-136cd478-0 ekTCfV\">\n<ul>\n<li>Fecha 35: Mallorca vs. Villarreal<\/li>\n<li>Fecha 36: Getafe vs. Mallorca<\/li>\n<li>Fecha 37: Levante vs. Mallorca<\/li>\n<li>Fecha 38: Mallorca vs. Real Oviedo<\/li>\n<\/ul>\n<\/div>\n<p><h2><strong>Las posiciones de LaLiga<\/strong><\/h2>\n<\/p>\n<div id=\"element-body-22\" class=\"sc-a7166897-0 eoLsBE\" readability=\"31.5\">\n<section readability=\"3\"><picture><img alt=\"El Mallorca de Demichelis le gan\u00f3 un partido clave al Girona de Echeverri en la lucha por no descender\" loading=\"lazy\" width=\"290\" height=\"290\" decoding=\"async\" data-nimg=\"1\" src=\"http:\/\/hoycordobaweb.com\/wp-content\/uploads\/2026\/05\/demichelis-un-jugador-debio-salir-para-ir-al-bano-y-la-tierna-dedicatoria-a-su-hijo-bastian-4.jpg\"><\/picture>\n<p><span>Mir\u00e1 tambi\u00e9n<\/span><\/p>\n<hr>\n<h3>El Mallorca de Demichelis le gan\u00f3 un partido clave al Girona de Echeverri en la lucha por no descender<\/h3>\n<\/p>\n<\/section>\n<\/div>\n<div id=\"element-body-23\" class=\"sc-a7166897-0 eoLsBE\" readability=\"31.5\">\n<section readability=\"3\"><picture><img alt=\"Video: el ni\u00f1o de ocho a\u00f1os que se hizo viral por su imitaci\u00f3n de los relatos de Mariano Closs\" loading=\"lazy\" width=\"290\" height=\"290\" decoding=\"async\" data-nimg=\"1\" src=\"http:\/\/hoycordobaweb.com\/wp-content\/uploads\/2026\/05\/demichelis-un-jugador-debio-salir-para-ir-al-bano-y-la-tierna-dedicatoria-a-su-hijo-bastian-5.jpg\"><\/picture>\n<p><span>Mir\u00e1 tambi\u00e9n<\/span><\/p>\n<hr>\n<h3>Video: el ni\u00f1o de ocho a\u00f1os que se hizo viral por su imitaci\u00f3n de los relatos de Mariano Closs<\/h3>\n<\/p>\n<\/section>\n<\/div>\n<div id=\"element-body-24\" class=\"sc-a7166897-0 eoLsBE\" readability=\"31\">\n<section readability=\"2\"><picture><img alt=\"Descendi\u00f3 el Pisa con Loyola en el banco de suplentes\" loading=\"lazy\" width=\"290\" height=\"290\" decoding=\"async\" data-nimg=\"1\" src=\"http:\/\/hoycordobaweb.com\/wp-content\/uploads\/2026\/05\/demichelis-un-jugador-debio-salir-para-ir-al-bano-y-la-tierna-dedicatoria-a-su-hijo-bastian-6.jpg\"><\/picture>\n<p><span>Mir\u00e1 tambi\u00e9n<\/span><\/p>\n<hr>\n<h3>Descendi\u00f3 el Pisa con Loyola en el banco de suplentes<\/h3>\n<\/p>\n<\/section>\n<\/div>\n<\/div>\n","protected":false},"excerpt":{"rendered":"<p>01\/05\/2026 19:47hs. Actualizado al 01\/05\/2026 20:09hs. El Mallorca, el equipo que dirige Mart\u00edn Demichelis, gan\u00f3 un partido clave, 1 a 0 al Girona, el primero de visitante con el DT argentino, y se potenci\u00f3 en la lucha por mantener la categor\u00eda en LaLiga. Y fue una victoria que sobresale por las circunstacias en la que [&hellip;]<\/p>\n","protected":false},"author":1,"featured_media":135956,"comment_status":"open","ping_status":"closed","sticky":false,"template":"","format":"standard","meta":[],"categories":[16],"tags":[],"_links":{"self":[{"href":"http:\/\/hoycordobaweb.com\/index.php\/wp-json\/wp\/v2\/posts\/135955"}],"collection":[{"href":"http:\/\/hoycordobaweb.com\/index.php\/wp-json\/wp\/v2\/posts"}],"about":[{"href":"http:\/\/hoycordobaweb.com\/index.php\/wp-json\/wp\/v2\/types\/post"}],"author":[{"embeddable":true,"href":"http:\/\/hoycordobaweb.com\/index.php\/wp-json\/wp\/v2\/users\/1"}],"replies":[{"embeddable":true,"href":"http:\/\/hoycordobaweb.com\/index.php\/wp-json\/wp\/v2\/comments?post=135955"}],"version-history":[{"count":0,"href":"http:\/\/hoycordobaweb.com\/index.php\/wp-json\/wp\/v2\/posts\/135955\/revisions"}],"wp:featuredmedia":[{"embeddable":true,"href":"http:\/\/hoycordobaweb.com\/index.php\/wp-json\/wp\/v2\/media\/135956"}],"wp:attachment":[{"href":"http:\/\/hoycordobaweb.com\/index.php\/wp-json\/wp\/v2\/media?parent=135955"}],"wp:term":[{"taxonomy":"category","embeddable":true,"href":"http:\/\/hoycordobaweb.com\/index.php\/wp-json\/wp\/v2\/categories?post=135955"},{"taxonomy":"post_tag","embeddable":true,"href":"http:\/\/hoycordobaweb.com\/index.php\/wp-json\/wp\/v2\/tags?post=135955"}],"curies":[{"name":"wp","href":"https:\/\/api.w.org\/{rel}","templated":true}]}}