{"id":135951,"date":"2026-05-02T00:15:06","date_gmt":"2026-05-02T00:15:06","guid":{"rendered":"https:\/\/www.ole.com.ar\/futbol-internacional\/zaragoza-granada-segunda-expulsion_0_rjLqFi4dai.html"},"modified":"2026-05-02T00:15:06","modified_gmt":"2026-05-02T00:15:06","slug":"zaragoza-tras-la-pina-de-andrada-insolita-derrota-y-piedrazos-al-micro","status":"publish","type":"post","link":"http:\/\/hoycordobaweb.com\/index.php\/2026\/05\/02\/zaragoza-tras-la-pina-de-andrada-insolita-derrota-y-piedrazos-al-micro\/","title":{"rendered":"Zaragoza tras la pi\u00f1a de Andrada: ins\u00f3lita derrota y piedrazos al micro"},"content":{"rendered":"<p><img src=\"http:\/\/hoycordobaweb.com\/wp-content\/uploads\/2026\/05\/zaragoza-tras-la-pina-de-andrada-insolita-derrota-y-piedrazos-al-micro.jpg\"><\/p>\n<p><span class=\"createDate\">01\/05\/2026 21:15hs.<\/span><time class=\"modificatedDate\" datetime=\"2026-05-01T22:36:50-03:00\"> Actualizado al 01\/05\/2026 22:36hs.<\/time><\/p>\n<div id=\"storyBody\">\n<div id=\"element-body-0\" class=\"sc-136cd478-0 ekTCfV\" readability=\"31.432835820896\">\n<p>El <strong><a href=\"https:\/\/www.ole.com.ar\/tema\/real-zaragoza.html\" title=\"Real Zaragoza\" alt=\"Real Zaragoza\" class=\"slug\">Zaragoza<\/a><\/strong> hab\u00eda sufrido un dur\u00edsimo golpe con la derrota ante el Huesca y la expulsi\u00f3n del arquero <strong><a href=\"https:\/\/www.ole.com.ar\/tema\/esteban-andrada.html\" title=\"Esteban Andrada\" alt=\"Esteban Andrada\" class=\"slug\">Esteban Andrada<\/a><\/strong>: el argentino fue suspendido <a href=\"https:\/\/www.ole.com.ar\/futbol-internacional\/espana\/sancion-andrada-top-3-graves-historia-espana_0_7YqMRSwprj.html\" target=\"_self\" title=\"por 13 fechas (12 por la pi\u00f1a a Pulido y una por la doble amarilla)\" alt=\"por 13 fechas (12 por la pi\u00f1a a Pulido y una por la doble amarilla)\" rel=\"noopener noreferrer\">por 13 fechas (12 por la pi\u00f1a a Pulido y una por la doble amarilla)<\/a>. El equipo volvi\u00f3 a jugar este viernes, ante el Granada de local, y volvi\u00f3 a pasarla muy mal, con otra derrota que lo deja m\u00e1s expuesto a caer de Segunda a Segunda B. Fue ante el Granada, 1 <strong> a 0 con un gol ins\u00f3lito en el octavo minuto de descuento.<\/strong><\/p>\n<\/div>\n<div id=\"element-body-1\" class=\"sc-136cd478-0 ekTCfV\" readability=\"40\">\n<p>El equipo aragon\u00e9s estaba con un jugador m\u00e1s, por la roja a Pascual, y tuvo una chance de marcar. De todas maneras, los jugadores se adelantaron y tras una mala resoluci\u00f3n de un tiro libre a favor le regalaron todo el campo a los andaluces: <strong>\u00c1lex Sola marc\u00f3 libre sin que el arquero Adri\u00e1n Fern\u00e1ndez, reemplazante de Andrada, pudiera reaccionar.<\/strong><\/p>\n<\/div>\n<div id=\"element-body-2\" class=\"sc-136cd478-0 ekTCfV\" readability=\"38\">\n<p>La hinchada reaccion\u00f3 no solo en el estadio Ibercaja, con insultos a los jugadores y los directivos. <strong>A la salida, hubo 200 que esperaron m\u00e1s de una hora la salida del micro. Lo m\u00e1s bajo fueron los insultos, tambi\u00e9n hubo piedrazos. <\/strong> Y esto debe contextualizarse en una masa de fans que no tiene antecedentes de proceder con violencia.<\/p>\n<\/div>\n<div id=\"element-body-3\" class=\"sc-136cd478-0 ekTCfV\" readability=\"36\">\n<p>Incluso, el jugador Ra\u00fal Guti fue hasta una de las tribunas, intent\u00f3 hablar con los aficionados y solo escuch\u00f3 gritos, con personal de seguridad a su lado.<\/p>\n<\/div>\n<div class=\"sc-e7b891c4-0 ifHnQL image-embed\" id=\"element-body-4\"><img alt=\"Ra\u00fal Guti discute con los fan\u00e1ticos (captura de pantalla mejorada con IA).\" loading=\"lazy\" width=\"720\" height=\"100\" decoding=\"async\" data-nimg=\"1\" src=\"http:\/\/hoycordobaweb.com\/wp-content\/uploads\/2026\/05\/zaragoza-tras-la-pina-de-andrada-insolita-derrota-y-piedrazos-al-micro-2.jpg\"><span class=\"epigraphe\">Ra\u00fal Guti discute con los fan\u00e1ticos (captura de pantalla mejorada con IA).<\/span><\/div>\n<div id=\"element-body-5\" class=\"sc-136cd478-0 ekTCfV\" readability=\"38\">\n<p>El editorialista de El Heraldo consider\u00f3 \u00abtr\u00e1gico\u00bb lo del Real Zaragoza. \u00abEra un partido para llevar al rival contra las cuerdas, dejar todo en el campo y generar f\u00fatbol buscando fallos, como lo hacen los que se est\u00e1n muriendo. <strong>No ha hecho nada de eso. Ha fundado su acta de defunci\u00f3n\u00bb<\/strong>, afirm\u00f3.<\/p>\n<\/div>\n<div id=\"element-body-6\" class=\"sc-136cd478-0 ekTCfV\" readability=\"38\">\n<p>Aunque est\u00e9 a tres puntos de la salvaci\u00f3n, la realidad marca que sus rivales directos todav\u00eda no jugaron. Bajan cuatro equipos de Segunda a Segunda B y en Espa\u00f1a la dirigencia jam\u00e1s se plantea anular las p\u00e9rdidas de categor\u00eda en plena competencia, a diferencia de lo que ocurri\u00f3 en Argentina, y m\u00e1s de una vez.<\/p>\n<\/div>\n<p><h2><strong>Mir\u00e1 el gol y la salida del micro<\/strong><\/h2>\n<\/p>\n<div id=\"element-body-8\" class=\"sc-ef81c825-1 evSCNc\" readability=\"31.5\"><figcaption class=\"JWvideoNota_title\" readability=\"3\">\n<p>El equipo aragon\u00e9s cay\u00f3 en el \u00faltimo segundo ante el Granada y los hinchas se tomaron revancha con los jugadores.<\/p>\n<\/figcaption><\/div>\n<div id=\"element-body-9\" class=\"sc-a7166897-0 eoLsBE\" readability=\"31.5\">\n<section readability=\"3\"><picture><img alt=\"Los 100 de Messi en Inter Miami: t\u00edtulos, r\u00e9cords y mucho m\u00e1s\" loading=\"lazy\" width=\"290\" height=\"290\" decoding=\"async\" data-nimg=\"1\" src=\"http:\/\/hoycordobaweb.com\/wp-content\/uploads\/2026\/05\/zaragoza-tras-la-pina-de-andrada-insolita-derrota-y-piedrazos-al-micro-3.jpg\"><\/picture>\n<p><span>Mir\u00e1 tambi\u00e9n<\/span><\/p>\n<hr>\n<h3>Los 100 de Messi en Inter Miami: t\u00edtulos, r\u00e9cords y mucho m\u00e1s<\/h3>\n<\/p>\n<\/section>\n<\/div>\n<div id=\"element-body-10\" class=\"sc-a7166897-0 eoLsBE\" readability=\"31.5\">\n<section readability=\"3\"><picture><img alt=\"Demichelis: un jugador debi\u00f3 salir para ir al ba\u00f1o y la tierna dedicatoria a su hijo Bastian\" loading=\"lazy\" width=\"290\" height=\"290\" decoding=\"async\" data-nimg=\"1\" src=\"http:\/\/hoycordobaweb.com\/wp-content\/uploads\/2026\/05\/zaragoza-tras-la-pina-de-andrada-insolita-derrota-y-piedrazos-al-micro-4.jpg\"><\/picture>\n<p><span>Mir\u00e1 tambi\u00e9n<\/span><\/p>\n<hr>\n<h3>Demichelis: un jugador debi\u00f3 salir para ir al ba\u00f1o y la tierna dedicatoria a su hijo Bastian<\/h3>\n<\/p>\n<\/section>\n<\/div>\n<\/div>\n","protected":false},"excerpt":{"rendered":"<p>01\/05\/2026 21:15hs. Actualizado al 01\/05\/2026 22:36hs. El Zaragoza hab\u00eda sufrido un dur\u00edsimo golpe con la derrota ante el Huesca y la expulsi\u00f3n del arquero Esteban Andrada: el argentino fue suspendido por 13 fechas (12 por la pi\u00f1a a Pulido y una por la doble amarilla). El equipo volvi\u00f3 a jugar este viernes, ante el Granada [&hellip;]<\/p>\n","protected":false},"author":1,"featured_media":135952,"comment_status":"open","ping_status":"closed","sticky":false,"template":"","format":"standard","meta":[],"categories":[16],"tags":[],"_links":{"self":[{"href":"http:\/\/hoycordobaweb.com\/index.php\/wp-json\/wp\/v2\/posts\/135951"}],"collection":[{"href":"http:\/\/hoycordobaweb.com\/index.php\/wp-json\/wp\/v2\/posts"}],"about":[{"href":"http:\/\/hoycordobaweb.com\/index.php\/wp-json\/wp\/v2\/types\/post"}],"author":[{"embeddable":true,"href":"http:\/\/hoycordobaweb.com\/index.php\/wp-json\/wp\/v2\/users\/1"}],"replies":[{"embeddable":true,"href":"http:\/\/hoycordobaweb.com\/index.php\/wp-json\/wp\/v2\/comments?post=135951"}],"version-history":[{"count":0,"href":"http:\/\/hoycordobaweb.com\/index.php\/wp-json\/wp\/v2\/posts\/135951\/revisions"}],"wp:featuredmedia":[{"embeddable":true,"href":"http:\/\/hoycordobaweb.com\/index.php\/wp-json\/wp\/v2\/media\/135952"}],"wp:attachment":[{"href":"http:\/\/hoycordobaweb.com\/index.php\/wp-json\/wp\/v2\/media?parent=135951"}],"wp:term":[{"taxonomy":"category","embeddable":true,"href":"http:\/\/hoycordobaweb.com\/index.php\/wp-json\/wp\/v2\/categories?post=135951"},{"taxonomy":"post_tag","embeddable":true,"href":"http:\/\/hoycordobaweb.com\/index.php\/wp-json\/wp\/v2\/tags?post=135951"}],"curies":[{"name":"wp","href":"https:\/\/api.w.org\/{rel}","templated":true}]}}