{"id":135947,"date":"2026-05-02T02:03:28","date_gmt":"2026-05-02T02:03:28","guid":{"rendered":"https:\/\/www.ole.com.ar\/boca-juniors\/conmebol-libertadores-betancur-boca_0_CuDDoeFTN4.html"},"modified":"2026-05-02T02:03:28","modified_gmt":"2026-05-02T02:03:28","slug":"un-referi-colombiano-para-boca-en-ecuador","status":"publish","type":"post","link":"http:\/\/hoycordobaweb.com\/index.php\/2026\/05\/02\/un-referi-colombiano-para-boca-en-ecuador\/","title":{"rendered":"Un refer\u00ed colombiano para Boca en Ecuador"},"content":{"rendered":"<p><img src=\"http:\/\/hoycordobaweb.com\/wp-content\/uploads\/2026\/05\/un-referi-colombiano-para-boca-en-ecuador.jpg\"><\/p>\n<p><span class=\"createDate\">01\/05\/2026 23:03hs.<\/span><time class=\"modificatedDate\" datetime=\"2026-05-01T23:16:52-03:00\"> Actualizado al 01\/05\/2026 23:16hs.<\/time><\/p>\n<div id=\"storyBody\">\n<div id=\"element-body-0\" class=\"sc-136cd478-0 ekTCfV\" readability=\"34.512658227848\">\n<p>La <strong><a href=\"https:\/\/www.ole.com.ar\/tema\/conmebol.html\" title=\"Conmebol\" alt=\"Conmebol\" class=\"slug\">Conmebol<\/a><\/strong> anunci\u00f3 las designaciones arbitrales para la cuarta fecha de la <strong><a href=\"https:\/\/www.ole.com.ar\/tema\/copa-libertadores.html\" title=\"Copa Libertadores\" alt=\"Copa Libertadores\" class=\"slug\">Copa Libertadores<\/a><\/strong>. Por supuesto, los hinchas de <a href=\"https:\/\/www.ole.com.ar\/tema\/boca-juniors.html\" title=\"Boca Juniors\" alt=\"Boca Juniors\" class=\"slug\">Boca<\/a> est\u00e1n muy interesados luego de la discutida expulsi\u00f3n de Adam Bareiro ante Cruzeiro en Belo Horizonte. <strong>El Xeneize enfrentar\u00e1 el pr\u00f3ximo martes, a las 21.00, a Barcelona en Guayaquil.<\/strong><\/p>\n<\/div>\n<div id=\"element-body-1\" class=\"sc-136cd478-0 ekTCfV\" readability=\"33\">\n<p>Los elegidos fueron colombianos. <strong> Carlos Betancur ser\u00e1 el refer\u00ed principal.<\/strong> Los asistentes: Jhon Le\u00f3n y Miguel Rold\u00e1n. El cuarto \u00e1rbitro: Diego Ulloa. El VAR: Nicol\u00e1s Gallo. AVAR: Luis Pic\u00f3n.<\/p>\n<\/div>\n<div id=\"element-body-2\" class=\"sc-136cd478-0 ekTCfV\" readability=\"37\">\n<p>Es un refer\u00ed que jam\u00e1s dirigi\u00f3 a Boca, pero s\u00ed al equipo Sub 20, en la Copa Libertadores de la categor\u00eda: en 2024, el equipo que dirig\u00eda Silvio Rudman perdi\u00f3 2 a 1 con Flamengo. Para el Xeneize jugaron Di Lollo y Milton Delgado.<\/p>\n<\/div>\n<div id=\"element-body-3\" class=\"sc-136cd478-0 ekTCfV\" readability=\"39\">\n<p>Betancur por primera vez dirigir\u00e1 a un equipo argentino en Libertadores, s\u00ed ya lo hab\u00eda hecho en Sudamericana con Newell&#8217;s, Racing, San Lorenzo y a Barracas Central cuando empat\u00f3 de local ante Vasco da Gama (ech\u00f3 a Puig, del Guapo, en forma correcta).<\/p>\n<\/div>\n<div class=\"sc-e7b891c4-0 ifHnQL image-embed\" id=\"element-body-4\"><img alt=\"El refer\u00ed Carlos Andres Betancur tras la expulsi\u00f3n de Puig (Fotobaires).\" loading=\"lazy\" width=\"720\" height=\"100\" decoding=\"async\" data-nimg=\"1\" src=\"http:\/\/hoycordobaweb.com\/wp-content\/uploads\/2026\/05\/un-referi-colombiano-para-boca-en-ecuador-2.jpg\"><span class=\"epigraphe\">El refer\u00ed Carlos Andres Betancur tras la expulsi\u00f3n de Puig (Fotobaires).<\/span><\/div>\n<p><h2><strong>Los dem\u00e1s partidos<\/strong><\/h2>\n<\/p>\n<div id=\"element-body-6\" class=\"sc-136cd478-0 ekTCfV\" readability=\"33\">\n<p><strong>Martes, 19.00: Rosario Central (ARG) vs. Libertad (PAR)<\/strong><\/p>\n<\/div>\n<div id=\"element-body-7\" class=\"sc-136cd478-0 ekTCfV\" readability=\"33\">\n<p>\u00c1rbitro: Wilton Sampaio, de Brasil<\/p>\n<\/div>\n<div id=\"element-body-8\" class=\"sc-136cd478-0 ekTCfV\" readability=\"32\">\n<p>Asistentes: Rodrigo Correa y Rafael Alves<\/p>\n<\/div>\n<div id=\"element-body-9\" class=\"sc-136cd478-0 ekTCfV\" readability=\"32\">\n<p>Cuarto \u00c1rbitro: Flavio de Souza<\/p>\n<\/div>\n<div id=\"element-body-10\" class=\"sc-136cd478-0 ekTCfV\" readability=\"32\">\n<p>VAR \/ AVAR: Wagner Reway y Rodrigo Nunes<\/p>\n<\/div>\n<div id=\"element-body-11\" class=\"sc-136cd478-0 ekTCfV\" readability=\"33\">\n<p><strong>Martes, 20.30: Always Ready (BOL) vs. Lan\u00fas (ARG)<\/strong><\/p>\n<\/div>\n<div id=\"element-body-12\" class=\"sc-136cd478-0 ekTCfV\" readability=\"33\">\n<p>\u00c1rbitro: Roberto P\u00e9rez, de Per\u00fa<\/p>\n<\/div>\n<div id=\"element-body-13\" class=\"sc-136cd478-0 ekTCfV\" readability=\"32\">\n<p>Asistentes: Stephen Atoche y Leonar Soto<\/p>\n<\/div>\n<div id=\"element-body-14\" class=\"sc-136cd478-0 ekTCfV\" readability=\"32\">\n<p>Cuarto \u00c1rbitro: Augusto Men\u00e9ndez<\/p>\n<\/div>\n<div id=\"element-body-15\" class=\"sc-136cd478-0 ekTCfV\" readability=\"32\">\n<p>VAR \/ AVAR: Michael Espinoza y Milagros Arruela<\/p>\n<\/div>\n<div id=\"element-body-16\" class=\"sc-136cd478-0 ekTCfV\" readability=\"32\">\n<p><strong>Mi\u00e9rcoles a las 19.00: Cusco (PER) vs. Estudiantes LP (ARG)<\/strong><\/p>\n<\/div>\n<div id=\"element-body-17\" class=\"sc-136cd478-0 ekTCfV\" readability=\"33\">\n<p>\u00c1rbitro: Guillermo Guerrero, de Colombia<\/p>\n<\/div>\n<div id=\"element-body-18\" class=\"sc-136cd478-0 ekTCfV\" readability=\"32\">\n<p>Asistentes: Christian Lescano y Andres Tola<\/p>\n<\/div>\n<div id=\"element-body-19\" class=\"sc-136cd478-0 ekTCfV\" readability=\"32\">\n<p>Cuarto \u00c1rbitro: Robert Cabrera<\/p>\n<\/div>\n<div id=\"element-body-20\" class=\"sc-136cd478-0 ekTCfV\" readability=\"32\">\n<p>VAR \/ AVAR: Franklin Congo y Roddy Zambrano<\/p>\n<\/div>\n<div id=\"element-body-21\" class=\"sc-136cd478-0 ekTCfV\" readability=\"33\">\n<p><strong>Mi\u00e9rcoles, a las 21.30: Independiente Rivadavia (ARG) vs. Fluminense (BRA)<\/strong><\/p>\n<\/div>\n<div id=\"element-body-22\" class=\"sc-136cd478-0 ekTCfV\" readability=\"33\">\n<p>\u00c1rbitro: Gustavo Tejera, de Uruguay<\/p>\n<\/div>\n<div id=\"element-body-23\" class=\"sc-136cd478-0 ekTCfV\" readability=\"32\">\n<p>Asistentes: Martin Soppi y Agustin Berisso<\/p>\n<\/div>\n<div id=\"element-body-24\" class=\"sc-136cd478-0 ekTCfV\" readability=\"32\">\n<p>Cuarto \u00c1rbitro: Alberto Javier Feres<\/p>\n<\/div>\n<div id=\"element-body-25\" class=\"sc-136cd478-0 ekTCfV\" readability=\"32\">\n<p>VAR \/ AVAR: Antonio Garcia y Richard Trinidad<\/p>\n<\/div>\n<div id=\"element-body-26\" class=\"sc-136cd478-0 ekTCfV\" readability=\"32\">\n<p><strong>Jueves a las 19.00: Platense (ARG) vs. Pe\u00f1arol (URU)<\/strong><\/p>\n<\/div>\n<div id=\"element-body-27\" class=\"sc-136cd478-0 ekTCfV\" readability=\"33\">\n<p>\u00c1rbitro: Juan Benitez, de Paraguay<\/p>\n<\/div>\n<div id=\"element-body-28\" class=\"sc-136cd478-0 ekTCfV\" readability=\"32\">\n<p>Asistentes: Eduardo Cardozo y Milciades Saldivar<\/p>\n<\/div>\n<div id=\"element-body-29\" class=\"sc-136cd478-0 ekTCfV\" readability=\"32\">\n<p>Cuarto \u00c1rbitro: Blas Romero<\/p>\n<\/div>\n<div id=\"element-body-30\" class=\"sc-136cd478-0 ekTCfV\" readability=\"32\">\n<p>VAR \/ AVAR: Ulises Mereles y Luis Onieva<\/p>\n<\/div>\n<div id=\"element-body-31\" class=\"sc-a7166897-0 eoLsBE\" readability=\"31\">\n<section readability=\"2\"><picture><img alt=\"El ranking Conmebol para el Mundial de Clubes 2029\" loading=\"lazy\" width=\"290\" height=\"290\" decoding=\"async\" data-nimg=\"1\" src=\"http:\/\/hoycordobaweb.com\/wp-content\/uploads\/2026\/05\/un-referi-colombiano-para-boca-en-ecuador-3.jpg\"><\/picture>\n<p><span>Mir\u00e1 tambi\u00e9n<\/span><\/p>\n<hr>\n<h3>El ranking Conmebol para el Mundial de Clubes 2029<\/h3>\n<\/p>\n<\/section>\n<\/div>\n<div id=\"element-body-32\" class=\"sc-a7166897-0 eoLsBE\" readability=\"31.5\">\n<section readability=\"3\"><picture><img alt=\"\u00daltima fecha del Apertura: las finales para entrar a playoff y la definici\u00f3n de los cruces de octavos\" loading=\"lazy\" width=\"290\" height=\"290\" decoding=\"async\" data-nimg=\"1\" src=\"http:\/\/hoycordobaweb.com\/wp-content\/uploads\/2026\/05\/un-referi-colombiano-para-boca-en-ecuador-4.jpg\"><\/picture>\n<p><span>Mir\u00e1 tambi\u00e9n<\/span><\/p>\n<hr>\n<h3>\u00daltima fecha del Apertura: las finales para entrar a playoff y la definici\u00f3n de los cruces de octavos<\/h3>\n<\/p>\n<\/section>\n<\/div>\n<\/div>\n","protected":false},"excerpt":{"rendered":"<p>01\/05\/2026 23:03hs. Actualizado al 01\/05\/2026 23:16hs. La Conmebol anunci\u00f3 las designaciones arbitrales para la cuarta fecha de la Copa Libertadores. Por supuesto, los hinchas de Boca est\u00e1n muy interesados luego de la discutida expulsi\u00f3n de Adam Bareiro ante Cruzeiro en Belo Horizonte. El Xeneize enfrentar\u00e1 el pr\u00f3ximo martes, a las 21.00, a Barcelona en Guayaquil. [&hellip;]<\/p>\n","protected":false},"author":1,"featured_media":135948,"comment_status":"open","ping_status":"closed","sticky":false,"template":"","format":"standard","meta":[],"categories":[16],"tags":[],"_links":{"self":[{"href":"http:\/\/hoycordobaweb.com\/index.php\/wp-json\/wp\/v2\/posts\/135947"}],"collection":[{"href":"http:\/\/hoycordobaweb.com\/index.php\/wp-json\/wp\/v2\/posts"}],"about":[{"href":"http:\/\/hoycordobaweb.com\/index.php\/wp-json\/wp\/v2\/types\/post"}],"author":[{"embeddable":true,"href":"http:\/\/hoycordobaweb.com\/index.php\/wp-json\/wp\/v2\/users\/1"}],"replies":[{"embeddable":true,"href":"http:\/\/hoycordobaweb.com\/index.php\/wp-json\/wp\/v2\/comments?post=135947"}],"version-history":[{"count":0,"href":"http:\/\/hoycordobaweb.com\/index.php\/wp-json\/wp\/v2\/posts\/135947\/revisions"}],"wp:featuredmedia":[{"embeddable":true,"href":"http:\/\/hoycordobaweb.com\/index.php\/wp-json\/wp\/v2\/media\/135948"}],"wp:attachment":[{"href":"http:\/\/hoycordobaweb.com\/index.php\/wp-json\/wp\/v2\/media?parent=135947"}],"wp:term":[{"taxonomy":"category","embeddable":true,"href":"http:\/\/hoycordobaweb.com\/index.php\/wp-json\/wp\/v2\/categories?post=135947"},{"taxonomy":"post_tag","embeddable":true,"href":"http:\/\/hoycordobaweb.com\/index.php\/wp-json\/wp\/v2\/tags?post=135947"}],"curies":[{"name":"wp","href":"https:\/\/api.w.org\/{rel}","templated":true}]}}