{"id":135941,"date":"2026-04-30T12:41:24","date_gmt":"2026-04-30T12:41:24","guid":{"rendered":"https:\/\/ladecimaweb.com\/?p=34119"},"modified":"2026-04-30T12:41:24","modified_gmt":"2026-04-30T12:41:24","slug":"dos-docentes-detenidas-por-maltratos-en-un-jardin-de-infantes-privado","status":"publish","type":"post","link":"http:\/\/hoycordobaweb.com\/index.php\/2026\/04\/30\/dos-docentes-detenidas-por-maltratos-en-un-jardin-de-infantes-privado\/","title":{"rendered":"Dos docentes detenidas por maltratos en un jard\u00edn de infantes privado\u00a0"},"content":{"rendered":"<div class=\"boldgrid-section\">\n<div class=\"container\">\n<div class=\"row\">\n<div class=\"col-lg-12 col-md-12 col-xs-12 col-sm-12\">\n<p class=\"at-above-post addthis_tool\" data-url=\"https:\/\/www.mpfcordoba.gob.ar\/dos-docentes-detenidas-por-maltratos-en-un-jardin-de-infantes-privado-en-cordoba\/\">&nbsp;<\/p>\n<div class=\"tVu25\">\n<div class=\"nH\">\n<div class=\"nH\">\n<div class=\"nH aqk aql bkL\">\n<div class=\"nH bkK\">\n<div class=\"nH\">\n<div class=\"nH ar4 z\">\n<div class=\"\">\n<div class=\"AO\">\n<div id=\":3\" class=\"Tm aeJ cgjhk\">\n<div id=\":1\" class=\"aeF\">\n<div class=\"nH\">\n<div class=\"nH\" role=\"main\">\n<div class=\"nH g\">\n<div class=\"nH a98 iY\">\n<div class=\"nH\">\n<div class=\"aHU hx\">\n<div role=\"list\">\n<div class=\"h7 ie\" role=\"listitem\" aria-expanded=\"true\" tabindex=\"-1\">\n<div class=\"Bk\">\n<div class=\"G3 G2\">\n<div>\n<div id=\"avWBGd-842\">\n<div id=\"avWBGd-843\">\n<div class=\"adn ads\" data-message-id=\"#msg-a:r-8749904615237648761\" data-legacy-message-id=\"19dda03f8462202e\">\n<div class=\"gs\">\n<div class=\" \">\n<div id=\":162\" class=\"ii gt\">\n<div id=\":161\" class=\"a3s aiL \">\n<div dir=\"auto\">\n<div dir=\"auto\">La Fiscal\u00eda de Instrucci\u00f3n del Distrito III Turno 6, a cargo de Iv\u00e1n Rodr\u00edguez,<strong> detuvo a dos docentes de un jard\u00edn de infantes privado ubicado en barrio Cofico<\/strong> de la ciudad de C\u00f3rdoba por hechos relacionados a <strong>episodios de maltrato en contra de ni\u00f1as y ni\u00f1os.<\/strong><\/div>\n<div dir=\"auto\"><\/div>\n<div dir=\"auto\">A la maestra de la sala, detenida desde hace varios d\u00edas, se le tomar\u00e1 declaraci\u00f3n en calidad de imputada como supuesta autora de <em>hechos calificados como Lesiones Leves calificadas por Alevos\u00eda Reiteradas.<\/em><\/div>\n<div dir=\"auto\"><\/div>\n<div dir=\"auto\">En tanto, con el avance de la investigaci\u00f3n fue posible confirmar la sospecha acerca de que <em>la directora de ese jard\u00edn estaba al tanto de lo que suced\u00eda<\/em>, por lo que se orden\u00f3 su detenci\u00f3n e imputaci\u00f3n por el <em>delito de Encubrimiento<\/em>.<\/div>\n<div dir=\"auto\"><\/div>\n<div dir=\"auto\">La investigaci\u00f3n sigue en desarrollo y en las pr\u00f3ximas semanas se diligenciar\u00e1n distintas medidas probatorias, principalmente pericias e informes t\u00e9cnicos.<\/div>\n<div dir=\"auto\"><\/div>\n<\/div>\n<p dir=\"auto\">\n<div class=\"ubm_banner\"><a href=\"https:\/\/cordoba.gob.ar\/\" target=\"_blank\" rel=\"dofollow noopener noreferrer\"><img decoding=\"async\" src=\"http:\/\/hoycordobaweb.com\/wp-content\/uploads\/2026\/05\/dos-docentes-detenidas-por-maltratos-en-un-jardin-de-infantes-privado.gif\" alt=\"\"><\/a><\/div>\n<div dir=\"auto\"><\/div>\n<\/div>\n<\/div>\n<\/div>\n<\/div>\n<\/div>\n<\/div>\n<\/div>\n<\/div>\n<\/div>\n<\/div>\n<\/div>\n<\/div>\n<\/div>\n<\/div>\n<\/div>\n<\/div>\n<\/div>\n<\/div>\n<\/div>\n<\/div>\n<\/div>\n<\/div>\n<\/div>\n<\/div>\n<\/div>\n<\/div>\n<\/div>\n<\/div>\n<\/div>\n<\/div>\n<\/div>\n<\/div>\n<\/div>\n<p>La entrada <a href=\"https:\/\/ladecimaweb.com\/dos-docentes-detenidas-por-maltratos-en-un-jardin-de-infantes-privado\/\">Dos docentes detenidas por maltratos en un jard\u00edn de infantes privado\u00a0<\/a> se public\u00f3 primero en <a href=\"https:\/\/ladecimaweb.com\">LaDecima<\/a>.<\/p>\n","protected":false},"excerpt":{"rendered":"<p>&nbsp; La Fiscal\u00eda de Instrucci\u00f3n del Distrito III Turno 6, a cargo de Iv\u00e1n Rodr\u00edguez, detuvo a dos docentes de un jard\u00edn de infantes privado ubicado en barrio Cofico de la ciudad de C\u00f3rdoba por hechos relacionados a episodios de maltrato en contra de ni\u00f1as y ni\u00f1os. A la maestra de la sala, detenida desde [&hellip;]<\/p>\n","protected":false},"author":1,"featured_media":0,"comment_status":"closed","ping_status":"closed","sticky":false,"template":"","format":"standard","meta":[],"categories":[32],"tags":[],"_links":{"self":[{"href":"http:\/\/hoycordobaweb.com\/index.php\/wp-json\/wp\/v2\/posts\/135941"}],"collection":[{"href":"http:\/\/hoycordobaweb.com\/index.php\/wp-json\/wp\/v2\/posts"}],"about":[{"href":"http:\/\/hoycordobaweb.com\/index.php\/wp-json\/wp\/v2\/types\/post"}],"author":[{"embeddable":true,"href":"http:\/\/hoycordobaweb.com\/index.php\/wp-json\/wp\/v2\/users\/1"}],"replies":[{"embeddable":true,"href":"http:\/\/hoycordobaweb.com\/index.php\/wp-json\/wp\/v2\/comments?post=135941"}],"version-history":[{"count":0,"href":"http:\/\/hoycordobaweb.com\/index.php\/wp-json\/wp\/v2\/posts\/135941\/revisions"}],"wp:attachment":[{"href":"http:\/\/hoycordobaweb.com\/index.php\/wp-json\/wp\/v2\/media?parent=135941"}],"wp:term":[{"taxonomy":"category","embeddable":true,"href":"http:\/\/hoycordobaweb.com\/index.php\/wp-json\/wp\/v2\/categories?post=135941"},{"taxonomy":"post_tag","embeddable":true,"href":"http:\/\/hoycordobaweb.com\/index.php\/wp-json\/wp\/v2\/tags?post=135941"}],"curies":[{"name":"wp","href":"https:\/\/api.w.org\/{rel}","templated":true}]}}