{"id":135925,"date":"2026-04-30T13:04:56","date_gmt":"2026-04-30T13:04:56","guid":{"rendered":"https:\/\/www.mujerhoy.com\/vivir\/ocio\/el-diablo-viste-de-prada-secuela-anne-hathaway-emily-blunt-simone-ashley-estreno-20260430171900-nt.html"},"modified":"2026-04-30T13:04:56","modified_gmt":"2026-04-30T13:04:56","slug":"emily-blunt-y-anne-hatthaway-el-diablo-viste-de-prada-es-parte-de-nuestra-cultura","status":"publish","type":"post","link":"http:\/\/hoycordobaweb.com\/index.php\/2026\/04\/30\/emily-blunt-y-anne-hatthaway-el-diablo-viste-de-prada-es-parte-de-nuestra-cultura\/","title":{"rendered":"Emily Blunt y Anne Hatthaway: \u00abEl diablo viste de Prada es parte de nuestra cultura\u00bb"},"content":{"rendered":"<p><!-- AUTHOR --> <!-- COMPONENTS --><\/p>\n<p class=\"voc-paragraph\">Han pasado dos d\u00e9cadas desde que El diablo viste de Prada convirti\u00f3 las revistas de moda, las redacciones ca\u00f3ticas y las flores en primavera en parte del imaginario colectivo. Ahora, con el estreno de su tan esperada secuela, el universo de Miranda Priestly vuelve a desplegar sus tacones sobre la alfombra roja con un reparto que mezcla nostalgia y caras nuevas: <strong>Anne Hathaway, Emily Blunt y Simone Ashley<\/strong>. Con ellas hemos hablado sobre lo que supone formar parte de este plantel ic\u00f3nico, el fen\u00f3meno cultural que marc\u00f3 a toda una generaci\u00f3n (e incluso a varias) y el empoderamiento femenino.<\/p>\n<p class=\"voc-paragraph\">Nos citamos con las protagonistas en el Corinthia London, uno de esos hoteles de la capital brit\u00e1nica donde todo parece oler a perfume caro y espresso reci\u00e9n hecho. Hathaway y Blunt aparecieron relajadas, divertidas y con esa qu\u00edmica intacta que convirti\u00f3 a Andy Sachs y Emily Charlton en personajes inolvidables. Simone Ashley, por su parte, irradiaba entusiasmo ante la oportunidad de entrar en una franquicia que define como <strong>\u00abuno de los mejores momentos\u00bb<\/strong> de su carrera. Entre cumplidos, respuestas compartidas y carcajadas c\u00f3mplices, las tres demostraron que el encanto de esta cinta sigue tan vivo como hace veinte a\u00f1os.<\/p>\n<div class=\"v-c-cmp v-c-cmp--t1 \">\n<div class=\"v-cmp-rld v-cmp-rld--2 \">\n<div class=\"v-cnt-m v-cnt-m--m\">\n<div class=\"v-cnt-m__c\">\n<div class=\"v-cnt-m__w v-cnt-m__w--1\">\n<p class=\"v-cnt-m__t\">\nTAMBI\u00c9N TE INTERESA\n<\/p>\n<\/div>\n<\/div>\n<\/div>\n<div class=\"v-g v-g--2-c v-g--bdr-min-xs\">\n<div class=\"v-g__c \">\n<article class=\"v-a v-a--cmp-rld v-a--cmp-rld-2 v-a--p-l\">\n<div class=\"v-a-img-c\">\n<figure class=\"v-a-fig\">\n<a href=\"https:\/\/www.mujerhoy.com\/lujo-slow\/anne-hathaway-analisis-icono-estilo-mejores-looks-prada-oscar-valentino-alta-costura-20260428171042-nt.html#vtm_modulosEngag=mod-rel:vivir:noticia:1:cmp:2-not\" class=\"v-a-link\" title=\"El estilo de Anne Hathaway, a examen como icono de moda: del pol\u00e9mico Prada de los Oscar 2013 a la Alta Costura de Valentino en Roma\"><br \/>\n<img loading=\"lazy\" class=\"v-a-img\" src=\"http:\/\/hoycordobaweb.com\/wp-content\/uploads\/2026\/05\/emily-blunt-y-anne-hatthaway-el-diablo-viste-de-prada-es-parte-de-nuestra-cultura.jpg\" alt=\"El estilo de Anne Hathaway, a examen como icono de moda: del pol\u00e9mico Prada de los Oscar 2013 a la Alta Costura de Valentino en Roma\"><br \/>\n<\/a><br \/>\n<\/figure>\n<\/div>\n<\/article>\n<\/div>\n<div class=\"v-g__c \">\n<article class=\"v-a v-a--cmp-rld v-a--cmp-rld-2 v-a--p-l\">\n<div class=\"v-a-img-c\">\n<figure class=\"v-a-fig\">\n<a href=\"https:\/\/www.mujerhoy.com\/lujo-slow\/method-dressing-diablo-viste-prada-meryl-streep-anne-hathaway-20260416132404-nt.html#vtm_modulosEngag=mod-rel:vivir:noticia:2:cmp:2-not\" class=\"v-a-link\" title=\"El method dressing de El diablo viste de Prada 2 con Meryl Streep y Anne Hathaway\"><br \/>\n<img loading=\"lazy\" class=\"v-a-img\" src=\"http:\/\/hoycordobaweb.com\/wp-content\/uploads\/2026\/05\/emily-blunt-y-anne-hatthaway-el-diablo-viste-de-prada-es-parte-de-nuestra-cultura-1.jpg\" alt=\"El method dressing de El diablo viste de Prada 2 con Meryl Streep y Anne Hathaway\"><br \/>\n<\/a><br \/>\n<\/figure>\n<\/div>\n<\/article>\n<\/div>\n<\/div>\n<\/div>\n<\/div>\n<p class=\"voc-paragraph\">Y es que pocas pel\u00edculas han envejecido con la fuerza cultural de El diablo viste de Prada. Lo que comenz\u00f3 como una s\u00e1tira del mundo editorial termin\u00f3 convirti\u00e9ndose en un <strong>fen\u00f3meno pop capaz de atravesar generaciones<\/strong>. Emily Blunt reconoce que no fue plenamente consciente de su trascendencia hasta el rodaje de esta segunda entrega: \u00abNo s\u00e9 si me di cuenta del impacto real de la pel\u00edcula hasta que empezamos a rodar la segunda y se desat\u00f3 esta tormenta de atenci\u00f3n\u00bb. Y a\u00f1ade: \u00abAh\u00ed pens\u00e9: &#8216;Oh, guau, esta pel\u00edcula realmente se ha quedado grabada en la cultura\u00bb. <\/p>\n<p><h3 class=\"v-cmp-suh\">\nEl debut en el universo Runway<br \/>\n<\/h3>\n<\/p>\n<p class=\"voc-paragraph\">Las dos protagonistas recuerdan perfectamente el instante en el que descubrieron que formar\u00edan parte de aquella historia por primera vez, all\u00e1 por 2005. Hathaway estaba con unos amigos en su apartamento, cambi\u00e1ndose de camiseta, cuando recibi\u00f3 la llamada y se puso a gritar: \u00ab\u00a1He conseguido (el papel en) El diablo viste de Prada!\u00bb. Blunt, en cambio, se encontraba en el jard\u00edn de la casa de sus padres. \u00abMi madre me dijo: &#8216;<strong>Vas a trabajar con Meryl Streep<\/strong>. \u00a1J*der!&#8217;\u00bb, nos cuenta entre carcajadas. Dos d\u00e9cadas despu\u00e9s, Simone Ashley se suma a este elenco ic\u00f3nico y vive unas sensaciones parecidas: \u00abEstoy s\u00faper emocionada y es un honor enorme estar trabajando con este reparto y equipo incre\u00edbles\u00bb.<\/p>\n<div class=\"v-c-cmp v-c-cmp--s\">\n<div class=\"v-cmp-m \">\n<article class=\"v-a v-a--cmp-m v-c-cmp--m-z\">\n<div class=\"v-a-img-c \">\n<div class=\"v-a-fig\">\n<button class=\"v-a-link\" popovertarget=\"photo-738\"><br \/>\n<img loading=\"lazy\" src=\"http:\/\/hoycordobaweb.com\/wp-content\/uploads\/2026\/05\/emily-blunt-y-anne-hatthaway-el-diablo-viste-de-prada-es-parte-de-nuestra-cultura-2.jpg\" class=\"v-a-img\" width=\"650\" height=\"650\" alt=\"Simone Ashley en la premiere europea de El diablo viste de Prada 2 en Londres.\" data-voc-vtm-id=\"in-text-traffic\"> <\/button><figcaption class=\"v-fc\">\n<span class=\"v-fc__t\"><br \/>\nSimone Ashley en la premiere europea de El diablo viste de Prada 2 en Londres.<br \/>\n<\/span><br \/>\n<span class=\"v-fc__p\"><br \/>\nDisney<br \/>\n<\/span><br \/>\n<\/figcaption><\/div>\n<\/div>\n<div id=\"photo-738\" popover class=\"v-mdl v-mdl--fw\">\n<button class=\"v-x\" popovertarget=\"photo-738\" popovertargetaction=\"hide\"><br \/>\n<span class=\"v-i\"><br \/>\n<svg width=\"24\" height=\"23.996\" viewBox=\"0 0 24 23.996\">\n<path data-name=\"Uni\u00f3n 29\" d=\"M12,14.03,2.031,24,0,21.963,9.968,12,0,2.033,2.031,0,12,9.966,21.969,0,24,2.033,14.032,12,24,21.963,21.969,24Z\" \/>\n<\/svg><br \/>\n<\/span><br \/>\n<\/button><\/p>\n<div class=\"v-mdl__c\">\n<div class=\"v-mdl__w\">\n<img loading=\"lazy\" src=\"http:\/\/hoycordobaweb.com\/wp-content\/uploads\/2026\/05\/emily-blunt-y-anne-hatthaway-el-diablo-viste-de-prada-es-parte-de-nuestra-cultura-2.jpg\" class=\"v-mdl__img-z\" width=\"650\" height=\"650\" alt>\n<\/div>\n<\/div>\n<\/div>\n<p><span class=\"v-bdp\"><\/span><br \/>\n<\/article>\n<\/div>\n<\/div>\n<p class=\"voc-paragraph\">El <strong>rodaje de esta secuela<\/strong> parece haber sido tan vertiginoso como lleno de buenos momentos. Qui\u00e9n no recuerda las im\u00e1genes que se hicieron virales de los fans agolp\u00e1ndose en las calles de Nueva York, mientras Meryl Streep volv\u00eda a meterse en la piel de Miranda Priestly. Simone Ashley recuerda cada jornada como \u00abuna aventura\u00bb: desde filmar en Mil\u00e1n hasta recorrer Manhattan o rodar en las oficinas de Runway. \u00abCada d\u00eda se sent\u00eda como un recuerdo ic\u00f3nico\u00bb, confiesa la actriz.<\/p>\n<p class=\"voc-paragraph\">Pero entre glamour, firmas de lujo y di\u00e1logos afilados, la conversaci\u00f3n tambi\u00e9n deriva hacia algo mucho m\u00e1s universal: el s\u00edndrome del impostor. Las tres coinciden en que <strong>la autoconfianza sigue siendo una batalla constante para muchas mujeres<\/strong>. \u00abLa vida es corta\u00bb, repiten Hathaway y Blunt casi al un\u00edsono antes de animar a disfrutarla sin pedir permiso. Y la inolvidable Andy Sachs a\u00f1ade: \u00abDisfruta tu vida. Nadie m\u00e1s puede disfrutarla por ti. Nadie m\u00e1s puede vivirla por ti. Averigua qu\u00e9 te hace sentir bien y hazlo cada d\u00eda\u00bb. Por su parte, Ashley cree que ha llegado hasta donde est\u00e1, precisamente, porque aprendi\u00f3 a confiar en s\u00ed misma. Y espera que otras mujeres \u00abpuedan tomar eso como inspiraci\u00f3n\u00bb.<\/p>\n<p><h3 class=\"v-cmp-suh\">\nSobrevivir a una jefa complicada<br \/>\n<\/h3>\n<\/p>\n<p class=\"voc-paragraph\">Hablar de El diablo viste de Prada implica <strong>mencionar inevitablemente a Miranda Priestly<\/strong>, ese personaje capaz de destruir tu autoestima con solo arquear una ceja. \u00bfLa clave para sobrevivir a una jefa como ella? Blunt no duda: \u00abCorre. Corre r\u00e1pido\u00bb. Hathaway, m\u00e1s pr\u00e1ctica, apuesta por la cafe\u00edna y por no tomarse nada de manera personal. \u00abMiranda no pierde tiempo con formalidades. Solo tienes que seguirle el ritmo. No te lo tomes como algo personal. Simplemente, haz tu trabajo\u00bb, explica. Ashley a\u00f1ade otra herramienta imprescindible: \u00abDesarrollar una piel gruesa y aprender a adaptarse r\u00e1pido al entorno\u00bb.<\/p>\n<div class=\"v-c-cmp v-c-cmp--s\">\n<div class=\"v-cmp-m \">\n<article class=\"v-a v-a--cmp-m v-c-cmp--m-z\">\n<div class=\"v-a-img-c \">\n<div class=\"v-a-fig\">\n<button class=\"v-a-link\" popovertarget=\"photo-509\"><br \/>\n<img loading=\"lazy\" src=\"http:\/\/hoycordobaweb.com\/wp-content\/uploads\/2026\/05\/emily-blunt-y-anne-hatthaway-el-diablo-viste-de-prada-es-parte-de-nuestra-cultura-3.jpg\" class=\"v-a-img\" width=\"650\" height=\"650\" alt=\"Meryl Streep y Anne Hathaway en una imagen de El diablo viste de Prada 2, que llega a los cines hoy.\" data-voc-vtm-id=\"in-text-traffic\"> <\/button><figcaption class=\"v-fc\">\n<span class=\"v-fc__t\"><br \/>\nMeryl Streep y Anne Hathaway en una imagen de El diablo viste de Prada 2, que llega a los cines hoy.<br \/>\n<\/span><br \/>\n<span class=\"v-fc__p\"><br \/>\n20th Century Studios<br \/>\n<\/span><br \/>\n<\/figcaption><\/div>\n<\/div>\n<div id=\"photo-509\" popover class=\"v-mdl v-mdl--fw\">\n<button class=\"v-x\" popovertarget=\"photo-509\" popovertargetaction=\"hide\"><br \/>\n<span class=\"v-i\"><br \/>\n<svg width=\"24\" height=\"23.996\" viewBox=\"0 0 24 23.996\">\n<path data-name=\"Uni\u00f3n 29\" d=\"M12,14.03,2.031,24,0,21.963,9.968,12,0,2.033,2.031,0,12,9.966,21.969,0,24,2.033,14.032,12,24,21.963,21.969,24Z\" \/>\n<\/svg><br \/>\n<\/span><br \/>\n<\/button><\/p>\n<div class=\"v-mdl__c\">\n<div class=\"v-mdl__w\">\n<img loading=\"lazy\" src=\"http:\/\/hoycordobaweb.com\/wp-content\/uploads\/2026\/05\/emily-blunt-y-anne-hatthaway-el-diablo-viste-de-prada-es-parte-de-nuestra-cultura-3.jpg\" class=\"v-mdl__img-z\" width=\"650\" height=\"650\" alt>\n<\/div>\n<\/div>\n<\/div>\n<p><span class=\"v-bdp\"><\/span><br \/>\n<\/article>\n<\/div>\n<\/div>\n<p class=\"voc-paragraph\">Lo m\u00e1s interesante es que ninguna habla de la pel\u00edcula \u00fanicamente desde la nostalgia. Para ellas, El diablo viste de Prada sigue siendo una historia vigente porque habla de <strong>ambici\u00f3n, inseguridades, \u00e9xito y supervivencia profesional<\/strong>, temas que contin\u00faan resonando especialmente entre las mujeres. Quiz\u00e1 por eso esta secuela genera tanta expectaci\u00f3n: no se trata solo de reencontrarse con personajes ic\u00f3nicos, sino tambi\u00e9n con una historia que acompa\u00f1\u00f3 a toda una generaci\u00f3n mientras intentaba descubrir qui\u00e9n quer\u00eda ser.<\/p>\n<p class=\"voc-paragraph\">Dos d\u00e9cadas despu\u00e9s, El diablo viste de Prada sigue funcionando como ese refugio cinematogr\u00e1fico al que siempre apetece volver: inteligente, divertido y ferozmente entretenido. Ahora, con una nueva generaci\u00f3n entrando en escena y las protagonistas originales retomando sus personajes m\u00e1s queridos, <strong>la secuela demuestra que algunas historias nunca pasan de moda<\/strong>. Y si algo qued\u00f3 claro en Londres es que Hathaway, Blunt y Ashley entienden perfectamente por qu\u00e9 el p\u00fablico sigue obsesionado con este universo. Al fin y al cabo, no todo el mundo puede presumir de haber convertido el azul cer\u00faleo en un s\u00edmbolo cultural.<\/p>\n<div class=\"v-c-cmp v-c-cmp--t1 \">\n<div class=\"v-cmp-rld v-cmp-rld--2 \">\n<div class=\"v-cnt-m v-cnt-m--m\">\n<div class=\"v-cnt-m__c\">\n<div class=\"v-cnt-m__w v-cnt-m__w--1\">\n<p class=\"v-cnt-m__t\">\nTAMBI\u00c9N TE INTERESA\n<\/p>\n<\/div>\n<\/div>\n<\/div>\n<div class=\"v-g v-g--2-c v-g--bdr-min-xs\">\n<div class=\"v-g__c \">\n<article class=\"v-a v-a--cmp-rld v-a--cmp-rld-2 v-a--p-l\">\n<div class=\"v-a-img-c\">\n<figure class=\"v-a-fig\">\n<a href=\"https:\/\/www.mujerhoy.com\/moda\/no-te-pierdas\/looks-meryl-streep-ideas-inspiracion-20260417200446-nt.html#vtm_modulosEngag=mod-rel:vivir:noticia:1:cmp:2-not\" class=\"v-a-link\" title=\"Por qu\u00e9 tienes que fichar los \u00faltimos looks de Meryl Streep si quieres ser la mejor vestida\"><br \/>\n<img loading=\"lazy\" class=\"v-a-img\" src=\"http:\/\/hoycordobaweb.com\/wp-content\/uploads\/2026\/05\/emily-blunt-y-anne-hatthaway-el-diablo-viste-de-prada-es-parte-de-nuestra-cultura-4.jpg\" alt=\"Por qu\u00e9 tienes que fichar los \u00faltimos looks de Meryl Streep si quieres ser la mejor vestida\"><br \/>\n<\/a><br \/>\n<\/figure>\n<\/div>\n<\/article>\n<\/div>\n<div class=\"v-g__c \">\n<article class=\"v-a v-a--cmp-rld v-a--cmp-rld-2 v-a--p-l\">\n<div class=\"v-a-img-c\">\n<figure class=\"v-a-fig\">\n<a href=\"https:\/\/www.mujerhoy.com\/moda\/no-te-pierdas\/prendas-azul-ceruleo-color-moda-tendencia-el-diablo-viste-de-prada-2-20260429134942-nt.html#vtm_modulosEngag=mod-rel:vivir:noticia:2:cmp:2-not\" class=\"v-a-link\" title=\"5 prendas azul cer\u00faleo, el color que ha puesto de moda el regreso de El diablo viste de Prada 2\"><br \/>\n<img loading=\"lazy\" class=\"v-a-img\" src=\"http:\/\/hoycordobaweb.com\/wp-content\/uploads\/2026\/05\/emily-blunt-y-anne-hatthaway-el-diablo-viste-de-prada-es-parte-de-nuestra-cultura-5.jpg\" alt=\"5 prendas azul cer\u00faleo, el color que ha puesto de moda el regreso de El diablo viste de Prada 2\"><br \/>\n<\/a><br \/>\n<\/figure>\n<\/div>\n<\/article>\n<\/div>\n<\/div>\n<\/div>\n<\/div>\n","protected":false},"excerpt":{"rendered":"<p>Han pasado dos d\u00e9cadas desde que El diablo viste de Prada convirti\u00f3 las revistas de moda, las redacciones ca\u00f3ticas y las flores en primavera en parte del imaginario colectivo. Ahora, con el estreno de su tan esperada secuela, el universo de Miranda Priestly vuelve a desplegar sus tacones sobre la alfombra roja con un reparto [&hellip;]<\/p>\n","protected":false},"author":1,"featured_media":135926,"comment_status":"closed","ping_status":"closed","sticky":false,"template":"","format":"standard","meta":[],"categories":[],"tags":[],"_links":{"self":[{"href":"http:\/\/hoycordobaweb.com\/index.php\/wp-json\/wp\/v2\/posts\/135925"}],"collection":[{"href":"http:\/\/hoycordobaweb.com\/index.php\/wp-json\/wp\/v2\/posts"}],"about":[{"href":"http:\/\/hoycordobaweb.com\/index.php\/wp-json\/wp\/v2\/types\/post"}],"author":[{"embeddable":true,"href":"http:\/\/hoycordobaweb.com\/index.php\/wp-json\/wp\/v2\/users\/1"}],"replies":[{"embeddable":true,"href":"http:\/\/hoycordobaweb.com\/index.php\/wp-json\/wp\/v2\/comments?post=135925"}],"version-history":[{"count":0,"href":"http:\/\/hoycordobaweb.com\/index.php\/wp-json\/wp\/v2\/posts\/135925\/revisions"}],"wp:featuredmedia":[{"embeddable":true,"href":"http:\/\/hoycordobaweb.com\/index.php\/wp-json\/wp\/v2\/media\/135926"}],"wp:attachment":[{"href":"http:\/\/hoycordobaweb.com\/index.php\/wp-json\/wp\/v2\/media?parent=135925"}],"wp:term":[{"taxonomy":"category","embeddable":true,"href":"http:\/\/hoycordobaweb.com\/index.php\/wp-json\/wp\/v2\/categories?post=135925"},{"taxonomy":"post_tag","embeddable":true,"href":"http:\/\/hoycordobaweb.com\/index.php\/wp-json\/wp\/v2\/tags?post=135925"}],"curies":[{"name":"wp","href":"https:\/\/api.w.org\/{rel}","templated":true}]}}