{"id":135923,"date":"2026-04-30T14:47:59","date_gmt":"2026-04-30T14:47:59","guid":{"rendered":"https:\/\/www.mujerhoy.com\/moda\/no-te-pierdas\/festivales-musica-espana-look-tendencias-primavera-sound-mad-cool-20260430165727-nt.html"},"modified":"2026-04-30T14:47:59","modified_gmt":"2026-04-30T14:47:59","slug":"del-primavera-sound-al-mad-cool-el-look-perfecto-segun-el-festival-de-musica-que-elijas-en-2026","status":"publish","type":"post","link":"http:\/\/hoycordobaweb.com\/index.php\/2026\/04\/30\/del-primavera-sound-al-mad-cool-el-look-perfecto-segun-el-festival-de-musica-que-elijas-en-2026\/","title":{"rendered":"Del Primavera Sound al Mad Cool: el look perfecto seg\u00fan el festival de m\u00fasica que elijas en 2026"},"content":{"rendered":"<p><!-- AUTHOR --><\/p>\n<div class=\"voc-author-timesocial \">\n<!-- AUTHOR --><\/p>\n<div class=\"voc-author-timesocial__signature \">\n<!-- IMAGE AUTHOR -->\n<picture class=\"voc-image-signature\">\n<img class=\"voc-image-signature__img\" src=\"http:\/\/hoycordobaweb.com\/wp-content\/uploads\/2026\/05\/del-primavera-sound-al-mad-cool-el-look-perfecto-segun-el-festival-de-musica-que-elijas-en-2026.jpg\" alt=\"Patricia Mart\u00edn\">\n<\/picture>\n<!-- INFO AUTHOR --> <\/div><\/div>\n<p><!-- COMPONENTS --><\/p>\n<p class=\"voc-paragraph\">Llega el buen tiempo y comienza una de mis \u00e9pocas favoritas del a\u00f1o: la temporada de<strong> festivales de m\u00fasica<\/strong>. El circuito festivalero vuelve a convertirse en el mejor escaparate de tendencias en tiempo real: un lugar donde la moda se prueba, se mezcla y se reinventa sin reglas.<\/p>\n<p class=\"voc-paragraph\">Lejos de los estilismos improvisados, cada festival exige ahora su propia <strong>narrativa est\u00e9tica. <\/strong>No se trata solo de seguir tendencias, sino de entender el contexto, el ritmo y la energ\u00eda para construir <a href=\"https:\/\/www.mujerhoy.com\/moda\/no-te-pierdas\/look-hailey-bieber-coachella-anticipa-prenda-viral-verano-vestido-lencero-20260415115125-nt.html\" data-voc-vtm-id=\"in-text-traffic\" title=\"un look que funcione \" data-mrf-link=\"www.mujerhoy.com\">un look que funcione <\/a>y con el que nos sintamos c\u00f3modas. <\/p>\n<div class=\"v-c-cmp v-c-cmp--t1 \">\n<div class=\"v-cmp-rld v-cmp-rld--2 \">\n<div class=\"v-cnt-m v-cnt-m--m\">\n<div class=\"v-cnt-m__c\">\n<div class=\"v-cnt-m__w v-cnt-m__w--1\">\n<p class=\"v-cnt-m__t\">\nTAMBI\u00c9N TE INTERESA\n<\/p>\n<\/div>\n<\/div>\n<\/div>\n<div class=\"v-g v-g--2-c v-g--bdr-min-xs\">\n<div class=\"v-g__c \">\n<article class=\"v-a v-a--cmp-rld v-a--cmp-rld-2 v-a--p-l\">\n<div class=\"v-a-img-c\">\n<figure class=\"v-a-fig\">\n<a href=\"https:\/\/www.mujerhoy.com\/moda\/no-te-pierdas\/vestido-vaquero-sienta-bien-zara-hm-20260427172252-nt.html#vtm_modulosEngag=mod-rel:moda:noticia:1:cmp:2-not\" class=\"v-a-link\" title=\"Este es el vestido vaquero que sienta bien a todas y est\u00e1 por todas partes\"><br \/>\n<img loading=\"lazy\" class=\"v-a-img\" src=\"http:\/\/hoycordobaweb.com\/wp-content\/uploads\/2026\/05\/del-primavera-sound-al-mad-cool-el-look-perfecto-segun-el-festival-de-musica-que-elijas-en-2026-1.jpg\" alt=\"Este es el vestido vaquero que sienta bien a todas y est\u00e1 por todas partes\"><br \/>\n<\/a><br \/>\n<\/figure>\n<\/div>\n<\/article>\n<\/div>\n<div class=\"v-g__c \">\n<article class=\"v-a v-a--cmp-rld v-a--cmp-rld-2 v-a--p-l\">\n<div class=\"v-a-img-c\">\n<figure class=\"v-a-fig\">\n<a href=\"https:\/\/www.mujerhoy.com\/moda\/no-te-pierdas\/collares-cuerda-complemento-imprescindible-primavera-2026-20260427142757-nt.html#vtm_modulosEngag=mod-rel:moda:noticia:2:cmp:2-not\" class=\"v-a-link\" title=\"Collares de cuerda, el complemento imprescindible para esta primavera: 6 modelos que merece la pena fichar\"><br \/>\n<img loading=\"lazy\" class=\"v-a-img\" src=\"http:\/\/hoycordobaweb.com\/wp-content\/uploads\/2026\/05\/del-primavera-sound-al-mad-cool-el-look-perfecto-segun-el-festival-de-musica-que-elijas-en-2026-2.jpg\" alt=\"Collares de cuerda, el complemento imprescindible para esta primavera: 6 modelos que merece la pena fichar\"><br \/>\n<\/a><br \/>\n<\/figure>\n<\/div>\n<\/article>\n<\/div>\n<\/div>\n<\/div>\n<\/div>\n<p class=\"voc-paragraph\">A la hora de asistir a un festival, todas tenemos en mente los ic\u00f3nicos estilismos de Coachella. Pero la realidad es otra: son jornadas largas, muchas horas de pie y es muy <strong>importante estar c\u00f3modas.<\/strong> Con el tiempo he aprendido que un zapato inc\u00f3modo o un vestido imposible pueden arruinar el d\u00eda, y que la clave est\u00e1 en <strong>adaptar las tendencias <\/strong>al estilo personal, siempre desde la funcionalidad. <\/p>\n<p class=\"voc-paragraph\">No es lo mismo un festival indie que uno de techno o de pop, y resulta interesante ver c\u00f3mo<strong> los c\u00f3digos est\u00e9ticos <\/strong>cambian en cada uno. En la escena indie predominan los looks relajados: capas ligeras, b\u00e1sicos y tejidos c\u00f3modos. El techno, en cambio, se inclina hacia una est\u00e9tica m\u00e1s depurada y nocturna, con tonos oscuros, siluetas t\u00e9cnicas y acabados futuristas. El pop apuesta por el exceso: colores vibrantes, brillos y accesorios que dif\u00edcilmente llevar\u00edamos en el d\u00eda a d\u00eda. <\/p>\n<p class=\"voc-paragraph\">Si este verano tienes un festival en tu calendario, esta e<strong>s la gu\u00eda definitiva <\/strong>para acertar con el look perfecto seg\u00fan el tipo de evento. C\u00f3modos, estilosos y en tendencia: as\u00ed son los estilismos que yo elegir\u00eda para triunfar esta temporada. <\/p>\n<div class=\"v-c-cmp \">\n<div class=\"v-cmp-m v-cmp-m--t1\">\n<article class=\"v-a v-a--cmp-m v-c-cmp--m-p\">\n<div class=\"v-a-img-c v-a-img-c--fw-xs\">\n<div class=\"v-a-fig\">\n<div class=\"v-a-link\">\n<img loading=\"lazy\" src=\"http:\/\/hoycordobaweb.com\/wp-content\/uploads\/2026\/05\/del-primavera-sound-al-mad-cool-el-look-perfecto-segun-el-festival-de-musica-que-elijas-en-2026-3.jpg\" class=\"v-a-img\" width=\"650\" height=\"975\" alt=\"Idea de look para un festival de m\u00fasica\" data-voc-vtm-id=\"in-text-traffic\">\n<\/div><figcaption class=\"v-fc\">\n<span class=\"v-fc__t\"><br \/>\nIdea de look para un festival de m\u00fasica<br \/>\n<\/span><br \/>\n<span class=\"v-fc__p\"><br \/>\nMujerhoy<br \/>\n<\/span><br \/>\n<\/figcaption><\/div>\n<\/div>\n<\/article>\n<\/div>\n<\/div>\n<p><h3 class=\"v-cmp-suh\">\nWarm Up<br \/>\n<\/h3>\n<\/p>\n<p class=\"voc-paragraph\">Durante los meses de primavera tenemos varios festivales de m\u00fasica donde jugar con<strong> looks de entretiempo<\/strong>, incorporando prendas m\u00e1s abrigadas como chaquetas o botas de ca\u00f1a alta. Empezando por el Warmp Up, un festival que combina la m\u00fasica indie y la electr\u00f3nica y que se celebra el 1 y 2 de mayo en Murcia. <\/p>\n<p class=\"voc-paragraph\">La<strong> pieza principal<\/strong> del estilismo son unos pantalones vaqueros de Zara, con estampado de rayas y tiro bajo, una prenda muy llamativa ideal para un festival. Queda genial con esta camiseta de Susmies de manga corta y frase estampada, el cintur\u00f3n de Zara en marr\u00f3n con tachuelas plateadas y la chaqueta vaquera con el detalle de cierre mediante broches met\u00e1licos de Lagaam. Completamos el look con las zapatillas Salomon Salomon XA PRO 3D v9 Lifelong, en color gris claro y beige. <\/p>\n<div class=\"v-c-cmp \">\n<div class=\"v-cmp-m v-cmp-m--t1\">\n<article class=\"v-a v-a--cmp-m v-c-cmp--m-p\">\n<div class=\"v-a-img-c v-a-img-c--fw-xs\">\n<div class=\"v-a-fig\">\n<div class=\"v-a-link\">\n<img loading=\"lazy\" src=\"http:\/\/hoycordobaweb.com\/wp-content\/uploads\/2026\/05\/del-primavera-sound-al-mad-cool-el-look-perfecto-segun-el-festival-de-musica-que-elijas-en-2026-4.jpg\" class=\"v-a-img\" width=\"650\" height=\"975\" alt=\"Idea de look para un festival de m\u00fasica\" data-voc-vtm-id=\"in-text-traffic\">\n<\/div><figcaption class=\"v-fc\">\n<span class=\"v-fc__t\"><br \/>\nIdea de look para un festival de m\u00fasica<br \/>\n<\/span><br \/>\n<span class=\"v-fc__p\"><br \/>\nMujerhoy<br \/>\n<\/span><br \/>\n<\/figcaption><\/div>\n<\/div>\n<\/article>\n<\/div>\n<\/div>\n<p><h3 class=\"v-cmp-suh\">\nPrimavera Sound<br \/>\n<\/h3>\n<\/p>\n<p class=\"voc-paragraph\">El Primavera Sound es probablemente el festival m\u00e1s internacional que tenemos en Espa\u00f1a, y este a\u00f1o se celebra del 3 al 7 de junio en Barcelona. Su cartel junta m\u00fasica de muchos estilos: indie, rock, pop, electr\u00f3nica, hip hop, etc., y la est\u00e9tica del festival es bastante<strong> moderna y experimental<\/strong>, por lo que es el evento perfecto para arriesgar con la ropa. <\/p>\n<p class=\"voc-paragraph\">La clave est\u00e1 en<strong> combinar prendas <\/strong>m\u00e1s deportivas con otras m\u00e1s arregladas, como la chaqueta deportiva Firebird Classic de Adidas en color rojo, con esa faldade tiro medio con cintura el\u00e1stica y detalle de quillas de Zara. Las zapatillas Samba Jane de Adidas son comod\u00edsimas y diferentes, y el truco de llevarlas con calcetines altos eleva el look. El bolso es el modelo MiniOna de \u00d6lend al que a\u00f1adimos un charm de Bimba y Lola para hacer el outfit m\u00e1s interesante. <\/p>\n<div class=\"v-c-cmp \">\n<div class=\"v-cmp-m v-cmp-m--t1\">\n<article class=\"v-a v-a--cmp-m v-c-cmp--m-p\">\n<div class=\"v-a-img-c v-a-img-c--fw-xs\">\n<div class=\"v-a-fig\">\n<div class=\"v-a-link\">\n<img loading=\"lazy\" src=\"http:\/\/hoycordobaweb.com\/wp-content\/uploads\/2026\/05\/del-primavera-sound-al-mad-cool-el-look-perfecto-segun-el-festival-de-musica-que-elijas-en-2026-5.jpg\" class=\"v-a-img\" width=\"650\" height=\"975\" alt=\"Idea de look para un festival de m\u00fasica\" data-voc-vtm-id=\"in-text-traffic\">\n<\/div><figcaption class=\"v-fc\">\n<span class=\"v-fc__t\"><br \/>\nIdea de look para un festival de m\u00fasica<br \/>\n<\/span><br \/>\n<span class=\"v-fc__p\"><br \/>\nMujerhoy<br \/>\n<\/span><br \/>\n<\/figcaption><\/div>\n<\/div>\n<\/article>\n<\/div>\n<\/div>\n<p><h3 class=\"v-cmp-suh\">\nBilbao BBK Live<br \/>\n<\/h3>\n<\/p>\n<p class=\"voc-paragraph\">El Bilbao BBK Live es uno de los festivales de m\u00fasica m\u00e1s importantes de Espa\u00f1a y del sur de Europa, que se celebra durante el fin de semana del 9, 10 y 11 de julio en Bilbao. El recinto del festival est\u00e1 en la cima del monte Kobetamendi, a las afueras de la ciudad, y este a\u00f1o acoger\u00e1 a artistas como Lilly Allen, Calvin Harris o Charlotte de Witte. La localizaci\u00f3n es espectacular, pero hay que tener en cuenta <strong>el clima <\/strong>a la hora de hacer la maleta y pensar los looks. <\/p>\n<p class=\"voc-paragraph\">Una de las tendencias de este a\u00f1o son las <strong>prendas lenceras <\/strong>y para festivales el short siempre es un acierto. Este modelo es de Stradivarius, en tejido satinado y con detalle de encaje en color blanco. La mejor combinaci\u00f3n es con una camiseta b\u00e1sica de Uniqlo, una chaqueta de piel tipo bomber oversize de Mango y bolso tipo bandolera de It&#8217;s Lava. Para el BBK lo mejor es ir con botas c\u00f3modas, como estas de Vagabond que cuentan con tiras decorativas con hebillas dobles. <\/p>\n<div class=\"v-c-cmp \">\n<div class=\"v-cmp-m v-cmp-m--t1\">\n<article class=\"v-a v-a--cmp-m v-c-cmp--m-p\">\n<div class=\"v-a-img-c v-a-img-c--fw-xs\">\n<div class=\"v-a-fig\">\n<div class=\"v-a-link\">\n<img loading=\"lazy\" src=\"http:\/\/hoycordobaweb.com\/wp-content\/uploads\/2026\/05\/del-primavera-sound-al-mad-cool-el-look-perfecto-segun-el-festival-de-musica-que-elijas-en-2026-6.jpg\" class=\"v-a-img\" width=\"650\" height=\"975\" alt=\"Idea de look para un festival de m\u00fasica\" data-voc-vtm-id=\"in-text-traffic\">\n<\/div><figcaption class=\"v-fc\">\n<span class=\"v-fc__t\"><br \/>\nIdea de look para un festival de m\u00fasica<br \/>\n<\/span><br \/>\n<span class=\"v-fc__p\"><br \/>\nMujerhoy<br \/>\n<\/span><br \/>\n<\/figcaption><\/div>\n<\/div>\n<\/article>\n<\/div>\n<\/div>\n<p><h3 class=\"v-cmp-suh\">\nMad Cool<br \/>\n<\/h3>\n<\/p>\n<p class=\"voc-paragraph\">El mismo fin de semana de julio tiene lugar en Madrid el Mad Cool, mucho m\u00e1s enfocado a m\u00fasica pop. Si hay un festival d\u00f3nde lucir looks festivaleros mucho m\u00e1s <strong>llamativos y especiales<\/strong>, es este. Eso s\u00ed, suele hacer mucho calor, por lo que es importante adaptar el estilismo a las temperaturas. <\/p>\n<p class=\"voc-paragraph\">El vestido<strong> Jon Dress de Hand Over <\/strong>es una opci\u00f3n ideal para ir c\u00f3moda y tiene muchas de las tendencias de la temporada. Es un vestido con lentejuelas en tonos rosa, verde y toques de animal print, de ca\u00edda fluida y estructura ligera. El dise\u00f1o es muy llamativo por lo que los complementos deben de ser sencillos: sandalias de plataformas con tachuelas de Pull&amp;Bear, gafas de estilo retro de Etnia y un bolso de hombro de est\u00e9tica vintage. <\/p>\n<div class=\"v-c-cmp \">\n<div class=\"v-cmp-m v-cmp-m--t1\">\n<article class=\"v-a v-a--cmp-m v-c-cmp--m-p\">\n<div class=\"v-a-img-c v-a-img-c--fw-xs\">\n<div class=\"v-a-fig\">\n<div class=\"v-a-link\">\n<img loading=\"lazy\" src=\"http:\/\/hoycordobaweb.com\/wp-content\/uploads\/2026\/05\/del-primavera-sound-al-mad-cool-el-look-perfecto-segun-el-festival-de-musica-que-elijas-en-2026-7.jpg\" class=\"v-a-img\" width=\"650\" height=\"975\" alt=\"Idea de look para un festival de m\u00fasica\" data-voc-vtm-id=\"in-text-traffic\">\n<\/div><figcaption class=\"v-fc\">\n<span class=\"v-fc__t\"><br \/>\nIdea de look para un festival de m\u00fasica<br \/>\n<\/span><br \/>\n<span class=\"v-fc__p\"><br \/>\nMujerhoy<br \/>\n<\/span><br \/>\n<\/figcaption><\/div>\n<\/div>\n<\/article>\n<\/div>\n<\/div>\n<p><h3 class=\"v-cmp-suh\">\nSonorama<br \/>\n<\/h3>\n<\/p>\n<p class=\"voc-paragraph\">Durante el mes de Agosto la programaci\u00f3n de festivales<strong> es muy amplia y diversa<\/strong>, pero si tuviera que quedarme con uno sin duda ser\u00eda el Sonorama. Se celebra del 5 al 9 de Agosto de 2026 en Aranda de Duero, su cartel es principalmente de m\u00fasica indie y por la ma\u00f1ana hay un mont\u00f3n de actividades programadas por todo el pueblo, por lo que la diversi\u00f3n est\u00e1 asegurada. <\/p>\n<p class=\"voc-paragraph\">Es un festival que dura desde la ma\u00f1ana hasta la noche, por lo que la prioridad es escoger un look lo <strong>m\u00e1s c\u00f3modo <\/strong>posible, y este cumple con ese requisito sin sacrificar el estilo. Los lunares son el estampado tendencia de la temporada, por lo que estos shorts tipo globo de Zara no pod\u00edan faltar. Los combinamos con una camiseta b\u00e1sica negra de Zara, las zapatillas Taekwondo de Adidas y un bolso acolchado de Oysho. Para a\u00f1adir un toque festivalero, la bandana para el pelo de crochet en color verde con abalorios naranjas. <\/p>\n<div class=\"v-c-cmp v-c-cmp--t1 \">\n<div class=\"v-cmp-rld v-cmp-rld--2 \">\n<div class=\"v-cnt-m v-cnt-m--m\">\n<div class=\"v-cnt-m__c\">\n<div class=\"v-cnt-m__w v-cnt-m__w--1\">\n<p class=\"v-cnt-m__t\">\nTAMBI\u00c9N TE INTERESA\n<\/p>\n<\/div>\n<\/div>\n<\/div>\n<div class=\"v-g v-g--2-c v-g--bdr-min-xs\">\n<div class=\"v-g__c \">\n<article class=\"v-a v-a--cmp-rld v-a--cmp-rld-2 v-a--p-l\">\n<div class=\"v-a-img-c\">\n<figure class=\"v-a-fig\">\n<a href=\"https:\/\/www.mujerhoy.com\/moda\/no-te-pierdas\/mejores-basicos-para-looks-elegantes-20260426120808-nt.html#vtm_modulosEngag=mod-rel:moda:noticia:1:cmp:2-not\" class=\"v-a-link\" title=\"Seis b\u00e1sicos que siempre hacen que mis looks parezcan m\u00e1s caros de lo que son\"><br \/>\n<img loading=\"lazy\" class=\"v-a-img\" src=\"http:\/\/hoycordobaweb.com\/wp-content\/uploads\/2026\/05\/del-primavera-sound-al-mad-cool-el-look-perfecto-segun-el-festival-de-musica-que-elijas-en-2026-8.jpg\" alt=\"Seis b\u00e1sicos que siempre hacen que mis looks parezcan m\u00e1s caros de lo que son\"><br \/>\n<\/a><br \/>\n<\/figure>\n<\/div>\n<\/article>\n<\/div>\n<div class=\"v-g__c \">\n<article class=\"v-a v-a--cmp-rld v-a--cmp-rld-2 v-a--p-l\">\n<div class=\"v-a-img-c\">\n<figure class=\"v-a-fig\">\n<a href=\"https:\/\/www.mujerhoy.com\/moda\/no-te-pierdas\/pantalones-rayas-alternativa-primavera-clasico-vaquero-20260426140823-nt.html#vtm_modulosEngag=mod-rel:moda:noticia:2:cmp:2-not\" class=\"v-a-link\" title=\"Los pantalones a rayas son la alternativa de primavera al cl\u00e1sico vaquero\"><br \/>\n<img loading=\"lazy\" class=\"v-a-img\" src=\"http:\/\/hoycordobaweb.com\/wp-content\/uploads\/2026\/05\/del-primavera-sound-al-mad-cool-el-look-perfecto-segun-el-festival-de-musica-que-elijas-en-2026-9.jpg\" alt=\"Los pantalones a rayas son la alternativa de primavera al cl\u00e1sico vaquero\"><br \/>\n<\/a><br \/>\n<\/figure>\n<\/div>\n<\/article>\n<\/div>\n<\/div>\n<\/div>\n<\/div>\n<div class=\"media_block\"><\/div>\n","protected":false},"excerpt":{"rendered":"<p>Llega el buen tiempo y comienza una de mis \u00e9pocas favoritas del a\u00f1o: la temporada de festivales de m\u00fasica. El circuito festivalero vuelve a convertirse en el mejor escaparate de tendencias en tiempo real: un lugar donde la moda se prueba, se mezcla y se reinventa sin reglas. Lejos de los estilismos improvisados, cada festival [&hellip;]<\/p>\n","protected":false},"author":1,"featured_media":135924,"comment_status":"closed","ping_status":"closed","sticky":false,"template":"","format":"standard","meta":[],"categories":[],"tags":[],"_links":{"self":[{"href":"http:\/\/hoycordobaweb.com\/index.php\/wp-json\/wp\/v2\/posts\/135923"}],"collection":[{"href":"http:\/\/hoycordobaweb.com\/index.php\/wp-json\/wp\/v2\/posts"}],"about":[{"href":"http:\/\/hoycordobaweb.com\/index.php\/wp-json\/wp\/v2\/types\/post"}],"author":[{"embeddable":true,"href":"http:\/\/hoycordobaweb.com\/index.php\/wp-json\/wp\/v2\/users\/1"}],"replies":[{"embeddable":true,"href":"http:\/\/hoycordobaweb.com\/index.php\/wp-json\/wp\/v2\/comments?post=135923"}],"version-history":[{"count":0,"href":"http:\/\/hoycordobaweb.com\/index.php\/wp-json\/wp\/v2\/posts\/135923\/revisions"}],"wp:featuredmedia":[{"embeddable":true,"href":"http:\/\/hoycordobaweb.com\/index.php\/wp-json\/wp\/v2\/media\/135924"}],"wp:attachment":[{"href":"http:\/\/hoycordobaweb.com\/index.php\/wp-json\/wp\/v2\/media?parent=135923"}],"wp:term":[{"taxonomy":"category","embeddable":true,"href":"http:\/\/hoycordobaweb.com\/index.php\/wp-json\/wp\/v2\/categories?post=135923"},{"taxonomy":"post_tag","embeddable":true,"href":"http:\/\/hoycordobaweb.com\/index.php\/wp-json\/wp\/v2\/tags?post=135923"}],"curies":[{"name":"wp","href":"https:\/\/api.w.org\/{rel}","templated":true}]}}