{"id":135921,"date":"2026-04-30T14:50:27","date_gmt":"2026-04-30T14:50:27","guid":{"rendered":"https:\/\/www.mujerhoy.com\/moda\/no-te-pierdas\/mejores-basicos-elegantes-practicos-para-oficina-primavera-20260430123356-nt.html"},"modified":"2026-04-30T14:50:27","modified_gmt":"2026-04-30T14:50:27","slug":"seis-basicos-muy-practicos-y-elegantes-para-llevar-a-la-oficina-en-primavera","status":"publish","type":"post","link":"http:\/\/hoycordobaweb.com\/index.php\/2026\/04\/30\/seis-basicos-muy-practicos-y-elegantes-para-llevar-a-la-oficina-en-primavera\/","title":{"rendered":"Seis b\u00e1sicos muy pr\u00e1cticos y elegantes para llevar a la oficina en primavera"},"content":{"rendered":"<p><!-- AUTHOR --><\/p>\n<div class=\"voc-author-timesocial \">\n<!-- AUTHOR --><\/p>\n<div class=\"voc-author-timesocial__signature \">\n<!-- IMAGE AUTHOR -->\n<picture class=\"voc-image-signature\">\n<img class=\"voc-image-signature__img\" src=\"http:\/\/hoycordobaweb.com\/wp-content\/uploads\/2026\/05\/seis-basicos-muy-practicos-y-elegantes-para-llevar-a-la-oficina-en-primavera.jpg\" alt=\"Lauren Izquierdo\">\n<\/picture>\n<!-- INFO AUTHOR --> <\/div><\/div>\n<p><!-- COMPONENTS --><\/p>\n<p class=\"voc-paragraph\">El <a href=\"https:\/\/www.mujerhoy.com\/moda\/no-te-pierdas\/basicos-para-looks-caros-20260405182342-nt.html\" title=\"www.mujerhoy.com\" data-voc-vtm-id=\"in-text-traffic\" data-mrf-link=\"www.mujerhoy.com\">armario c\u00e1psula<\/a> por fin tiene el <strong>reconocimiento<\/strong> que debe y en esta materia, las cl\u00e1sicas han conseguido posicionarse como las <strong>nuevas gur\u00fas que marcan tendencia<\/strong>. La <strong>gran mayor\u00eda<\/strong> de ellas son francesas, y tambi\u00e9n ejecutivas, ya que las <a href=\"https:\/\/www.mujerhoy.com\/moda\/no-te-pierdas\/mejores-basicos-discretos-elegantes-nuevo-ano-2026-2027-20251221155853-nt.html\" title=\"www.mujerhoy.com\" data-voc-vtm-id=\"in-text-traffic\" data-mrf-link=\"www.mujerhoy.com\">prendas (tradicionalmente) de oficina<\/a> han experimentado un nuevo renacer.<\/p>\n<p class=\"voc-paragraph\">Lo que antes era r\u00edgido, austero o sobrio, ahora se percibe como <strong>atemporal<\/strong>, <em>refinado<\/em> y <strong>elegante<\/strong>. Esta preferencia por las siluetas sastre hablan de cultivar un estilo propio m\u00e1s que de <strong>destacar la \u00faltima pieza viral<\/strong>. Y ojo, porque esto no significa que tu armario tenga que ser siempre igual. La <strong>clave<\/strong>, una vez m\u00e1s, est\u00e1 en complementar lo <strong>mejor de los dos mundos<\/strong>.<\/p>\n<div class=\"v-c-cmp v-c-cmp--t1 \">\n<div class=\"v-cmp-rld v-cmp-rld--2 \">\n<div class=\"v-cnt-m v-cnt-m--m\">\n<div class=\"v-cnt-m__c\">\n<div class=\"v-cnt-m__w v-cnt-m__w--1\">\n<p class=\"v-cnt-m__t\">\nTAMBI\u00c9N TE INTERESA\n<\/p>\n<\/div>\n<\/div>\n<\/div>\n<div class=\"v-g v-g--2-c v-g--bdr-min-xs\">\n<div class=\"v-g__c \">\n<article class=\"v-a v-a--cmp-rld v-a--cmp-rld-2 v-a--p-l\">\n<div class=\"v-a-img-c\">\n<figure class=\"v-a-fig\">\n<a href=\"https:\/\/www.mujerhoy.com\/moda\/no-te-pierdas\/mejores-basicos-hm-parecen-caros-20260402125400-nt.html#vtm_modulosEngag=mod-rel:moda:noticia:1:cmp:2-not\" class=\"v-a-link\" title=\"Mi mejor amiga siempre consigue que H&amp;M parezca caro: las prendas que incluy\u00f3 en su armario y yo copiar\u00e9\"><br \/>\n<img loading=\"lazy\" class=\"v-a-img\" src=\"http:\/\/hoycordobaweb.com\/wp-content\/uploads\/2026\/05\/seis-basicos-muy-practicos-y-elegantes-para-llevar-a-la-oficina-en-primavera-1.jpg\" alt=\"Mi mejor amiga siempre consigue que H&amp;M parezca caro: las prendas que incluy\u00f3 en su armario y yo copiar\u00e9\"><br \/>\n<\/a><br \/>\n<\/figure>\n<\/div>\n<\/article>\n<\/div>\n<div class=\"v-g__c \">\n<article class=\"v-a v-a--cmp-rld v-a--cmp-rld-2 v-a--p-l\">\n<div class=\"v-a-img-c\">\n<figure class=\"v-a-fig\">\n<a href=\"https:\/\/www.mujerhoy.com\/moda\/no-te-pierdas\/nueva-coleccion-sezane-primavera-verano-merece-pena-comprar-20260408122953-nt.html#vtm_modulosEngag=mod-rel:moda:noticia:2:cmp:2-not\" class=\"v-a-link\" title=\"Todo lo que merece la pena comprar de la nueva colecci\u00f3n de S\u00e9zane para ser la mejor vestida esta temporada\"><br \/>\n<img loading=\"lazy\" class=\"v-a-img\" src=\"http:\/\/hoycordobaweb.com\/wp-content\/uploads\/2026\/05\/seis-basicos-muy-practicos-y-elegantes-para-llevar-a-la-oficina-en-primavera-2.jpg\" alt=\"Todo lo que merece la pena comprar de la nueva colecci\u00f3n de S\u00e9zane para ser la mejor vestida esta temporada\"><br \/>\n<\/a><br \/>\n<\/figure>\n<\/div>\n<\/article>\n<\/div>\n<\/div>\n<\/div>\n<\/div>\n<p class=\"voc-paragraph\">Mi consejo es que optes por <strong>b\u00e1sicos ponibles con l\u00edneas depuradas<\/strong>, detalles minimalistas y estampados que sabes que cada a\u00f1o van a volver con m\u00e1s fuerza si cabe. De esta forma, podr\u00e1s invertir en una <strong>base de calidad<\/strong> que hable de qui\u00e9n eres y de qu\u00e9 mensaje quieres transmitir al mundo dentro y fuera de la oficina.<\/p>\n<p><h3 class=\"v-cmp-suh\">\nLos mejores b\u00e1sicos elegantes y pr\u00e1cticos<br \/>\n<\/h3>\n<\/p>\n<div class=\"v-c-cmp v-c-cmp--s\">\n<div class=\"v-cmp-m \">\n<article class=\"v-a v-a--cmp-m v-c-cmp--m-z\">\n<div class=\"v-a-img-c \">\n<div class=\"v-a-fig\">\n<button class=\"v-a-link\" popovertarget=\"photo-958\"><br \/>\n<img loading=\"lazy\" src=\"http:\/\/hoycordobaweb.com\/wp-content\/uploads\/2026\/05\/seis-basicos-muy-practicos-y-elegantes-para-llevar-a-la-oficina-en-primavera-3.jpg\" class=\"v-a-img\" width=\"650\" height=\"650\" alt=\"Chaleco beige estructurado de Sfera, 49,99 euros\" data-voc-vtm-id=\"in-text-traffic\"> <\/button><figcaption class=\"v-fc\">\n<span class=\"v-fc__t\"><br \/>\nChaleco beige estructurado de Sfera, 49,99 euros<br \/>\n<\/span><br \/>\n<\/figcaption><\/div>\n<\/div>\n<div id=\"photo-958\" popover class=\"v-mdl v-mdl--fw\">\n<button class=\"v-x\" popovertarget=\"photo-958\" popovertargetaction=\"hide\"><br \/>\n<span class=\"v-i\"><br \/>\n<svg width=\"24\" height=\"23.996\" viewBox=\"0 0 24 23.996\">\n<path data-name=\"Uni\u00f3n 29\" d=\"M12,14.03,2.031,24,0,21.963,9.968,12,0,2.033,2.031,0,12,9.966,21.969,0,24,2.033,14.032,12,24,21.963,21.969,24Z\" \/>\n<\/svg><br \/>\n<\/span><br \/>\n<\/button><\/p>\n<div class=\"v-mdl__c\">\n<div class=\"v-mdl__w\">\n<img loading=\"lazy\" src=\"http:\/\/hoycordobaweb.com\/wp-content\/uploads\/2026\/05\/seis-basicos-muy-practicos-y-elegantes-para-llevar-a-la-oficina-en-primavera-3.jpg\" class=\"v-mdl__img-z\" width=\"650\" height=\"650\" alt>\n<\/div>\n<\/div>\n<\/div>\n<p><span class=\"v-bdp\"><\/span><br \/>\n<\/article>\n<\/div>\n<\/div>\n<p class=\"voc-paragraph\"><strong>Chaleco beige estructurado de Sfera, 49,99 euros<\/strong>. Es uno de esos b\u00e1sicos que elevan cualquier look sin complicaciones. Su corte limpio y estructurado favorece a cualquier edad y queda genial tanto con vaqueros como con pantalones de traje o faldas midi.<\/p>\n<div class=\"v-c-cmp v-c-cmp--s\">\n<div class=\"v-cmp-m \">\n<article class=\"v-a v-a--cmp-m v-c-cmp--m-z\">\n<div class=\"v-a-img-c \">\n<div class=\"v-a-fig\">\n<button class=\"v-a-link\" popovertarget=\"photo-144\"><br \/>\n<img loading=\"lazy\" src=\"http:\/\/hoycordobaweb.com\/wp-content\/uploads\/2026\/05\/seis-basicos-muy-practicos-y-elegantes-para-llevar-a-la-oficina-en-primavera-4.jpg\" class=\"v-a-img\" width=\"650\" height=\"650\" alt=\"Traje de lino con raya diplom\u00e1tica de Trucco: pantal\u00f3n 79,99 euros y blazer 130 euros.\" data-voc-vtm-id=\"in-text-traffic\"> <\/button><figcaption class=\"v-fc\">\n<span class=\"v-fc__t\"><br \/>\nTraje de lino con raya diplom\u00e1tica de Trucco: pantal\u00f3n 79,99 euros y blazer 130 euros.<br \/>\n<\/span><br \/>\n<\/figcaption><\/div>\n<\/div>\n<div id=\"photo-144\" popover class=\"v-mdl v-mdl--fw\">\n<button class=\"v-x\" popovertarget=\"photo-144\" popovertargetaction=\"hide\"><br \/>\n<span class=\"v-i\"><br \/>\n<svg width=\"24\" height=\"23.996\" viewBox=\"0 0 24 23.996\">\n<path data-name=\"Uni\u00f3n 29\" d=\"M12,14.03,2.031,24,0,21.963,9.968,12,0,2.033,2.031,0,12,9.966,21.969,0,24,2.033,14.032,12,24,21.963,21.969,24Z\" \/>\n<\/svg><br \/>\n<\/span><br \/>\n<\/button><\/p>\n<div class=\"v-mdl__c\">\n<div class=\"v-mdl__w\">\n<img loading=\"lazy\" src=\"http:\/\/hoycordobaweb.com\/wp-content\/uploads\/2026\/05\/seis-basicos-muy-practicos-y-elegantes-para-llevar-a-la-oficina-en-primavera-4.jpg\" class=\"v-mdl__img-z\" width=\"650\" height=\"650\" alt>\n<\/div>\n<\/div>\n<\/div>\n<p><span class=\"v-bdp\"><\/span><br \/>\n<\/article>\n<\/div>\n<\/div>\n<p class=\"voc-paragraph\"><strong>Traje de lino con raya diplom\u00e1tica de Trucco: pantal\u00f3n 79,99 euros y blazer 130 euros.<\/strong> Un traje bien elegido siempre es una inversi\u00f3n segura, y este lo es a\u00fan m\u00e1s por su dise\u00f1o. La raya vertical ayuda a estilizar la silueta y aporta ese punto profesional que nunca falla. Adem\u00e1s, no es el t\u00edpico traje, y por eso arrasa all\u00e1 donde va.<\/p>\n<div class=\"v-c-cmp v-c-cmp--s\">\n<div class=\"v-cmp-m \">\n<article class=\"v-a v-a--cmp-m v-c-cmp--m-z\">\n<div class=\"v-a-img-c \">\n<div class=\"v-a-fig\">\n<button class=\"v-a-link\" popovertarget=\"photo-772\"><br \/>\n<img loading=\"lazy\" src=\"http:\/\/hoycordobaweb.com\/wp-content\/uploads\/2026\/05\/seis-basicos-muy-practicos-y-elegantes-para-llevar-a-la-oficina-en-primavera-5.jpg\" class=\"v-a-img\" width=\"650\" height=\"650\" alt=\"Vestido midi estampado con escote en pico de Ralph Lauren, 285 euros.\" data-voc-vtm-id=\"in-text-traffic\"> <\/button><figcaption class=\"v-fc\">\n<span class=\"v-fc__t\"><br \/>\nVestido midi estampado con escote en pico de Ralph Lauren, 285 euros.<br \/>\n<\/span><br \/>\n<\/figcaption><\/div>\n<\/div>\n<div id=\"photo-772\" popover class=\"v-mdl v-mdl--fw\">\n<button class=\"v-x\" popovertarget=\"photo-772\" popovertargetaction=\"hide\"><br \/>\n<span class=\"v-i\"><br \/>\n<svg width=\"24\" height=\"23.996\" viewBox=\"0 0 24 23.996\">\n<path data-name=\"Uni\u00f3n 29\" d=\"M12,14.03,2.031,24,0,21.963,9.968,12,0,2.033,2.031,0,12,9.966,21.969,0,24,2.033,14.032,12,24,21.963,21.969,24Z\" \/>\n<\/svg><br \/>\n<\/span><br \/>\n<\/button><\/p>\n<div class=\"v-mdl__c\">\n<div class=\"v-mdl__w\">\n<img loading=\"lazy\" src=\"http:\/\/hoycordobaweb.com\/wp-content\/uploads\/2026\/05\/seis-basicos-muy-practicos-y-elegantes-para-llevar-a-la-oficina-en-primavera-5.jpg\" class=\"v-mdl__img-z\" width=\"650\" height=\"650\" alt>\n<\/div>\n<\/div>\n<\/div>\n<p><span class=\"v-bdp\"><\/span><br \/>\n<\/article>\n<\/div>\n<\/div>\n<p class=\"voc-paragraph\"><strong>Vestido midi estampado con escote en pico de Ralph Lauren, 285 euros<\/strong>. Si buscas algo m\u00e1s veraniego y desenfadado, este vestido tiene todo lo que para m\u00ed est\u00e1 bien. Es c\u00f3modo, fresco, elegante y el estampado tiene mucha personalidad. Perfecto para combinar con cu\u00f1as o alpargatas. <\/p>\n<div class=\"v-c-cmp v-c-cmp--s\">\n<div class=\"v-cmp-m \">\n<article class=\"v-a v-a--cmp-m v-c-cmp--m-z\">\n<div class=\"v-a-img-c \">\n<div class=\"v-a-fig\">\n<button class=\"v-a-link\" popovertarget=\"photo-469\"><br \/>\n<img loading=\"lazy\" src=\"http:\/\/hoycordobaweb.com\/wp-content\/uploads\/2026\/05\/seis-basicos-muy-practicos-y-elegantes-para-llevar-a-la-oficina-en-primavera-6.jpg\" class=\"v-a-img\" width=\"650\" height=\"650\" alt=\"Pantal\u00f3n fluido de El Corte Ingl\u00e9s, 110 euros.\" data-voc-vtm-id=\"in-text-traffic\"> <\/button><figcaption class=\"v-fc\">\n<span class=\"v-fc__t\"><br \/>\nPantal\u00f3n fluido de El Corte Ingl\u00e9s, 110 euros.<br \/>\n<\/span><br \/>\n<\/figcaption><\/div>\n<\/div>\n<div id=\"photo-469\" popover class=\"v-mdl v-mdl--fw\">\n<button class=\"v-x\" popovertarget=\"photo-469\" popovertargetaction=\"hide\"><br \/>\n<span class=\"v-i\"><br \/>\n<svg width=\"24\" height=\"23.996\" viewBox=\"0 0 24 23.996\">\n<path data-name=\"Uni\u00f3n 29\" d=\"M12,14.03,2.031,24,0,21.963,9.968,12,0,2.033,2.031,0,12,9.966,21.969,0,24,2.033,14.032,12,24,21.963,21.969,24Z\" \/>\n<\/svg><br \/>\n<\/span><br \/>\n<\/button><\/p>\n<div class=\"v-mdl__c\">\n<div class=\"v-mdl__w\">\n<img loading=\"lazy\" src=\"http:\/\/hoycordobaweb.com\/wp-content\/uploads\/2026\/05\/seis-basicos-muy-practicos-y-elegantes-para-llevar-a-la-oficina-en-primavera-6.jpg\" class=\"v-mdl__img-z\" width=\"650\" height=\"650\" alt>\n<\/div>\n<\/div>\n<\/div>\n<p><span class=\"v-bdp\"><\/span><br \/>\n<\/article>\n<\/div>\n<\/div>\n<p class=\"voc-paragraph\"><strong>Pantal\u00f3n fluido de El Corte Ingl\u00e9s, 110 euros.<\/strong> Un buen pantal\u00f3n de traje siempre es necesario en el armario de oficina, y este cumple con todo. El tiro medio-alto y la ca\u00edda recta ayudan a alargar tus piernas. Adem\u00e1s, es fresco y podr\u00e1s llevarlo tanto con camisetas como con tops. Le dar\u00e1s mucho uso.<\/p>\n<div class=\"v-c-cmp v-c-cmp--s\">\n<div class=\"v-cmp-m \">\n<article class=\"v-a v-a--cmp-m v-c-cmp--m-z\">\n<div class=\"v-a-img-c \">\n<div class=\"v-a-fig\">\n<button class=\"v-a-link\" popovertarget=\"photo-679\"><br \/>\n<img loading=\"lazy\" src=\"http:\/\/hoycordobaweb.com\/wp-content\/uploads\/2026\/05\/seis-basicos-muy-practicos-y-elegantes-para-llevar-a-la-oficina-en-primavera-7.jpg\" class=\"v-a-img\" width=\"650\" height=\"650\" alt=\"Vestido corto en tono marr\u00f3n con cintur\u00f3n de Etam, 49,99 euros.\" data-voc-vtm-id=\"in-text-traffic\"> <\/button><figcaption class=\"v-fc\">\n<span class=\"v-fc__t\"><br \/>\nVestido corto en tono marr\u00f3n con cintur\u00f3n de Etam, 49,99 euros.<br \/>\n<\/span><br \/>\n<\/figcaption><\/div>\n<\/div>\n<div id=\"photo-679\" popover class=\"v-mdl v-mdl--fw\">\n<button class=\"v-x\" popovertarget=\"photo-679\" popovertargetaction=\"hide\"><br \/>\n<span class=\"v-i\"><br \/>\n<svg width=\"24\" height=\"23.996\" viewBox=\"0 0 24 23.996\">\n<path data-name=\"Uni\u00f3n 29\" d=\"M12,14.03,2.031,24,0,21.963,9.968,12,0,2.033,2.031,0,12,9.966,21.969,0,24,2.033,14.032,12,24,21.963,21.969,24Z\" \/>\n<\/svg><br \/>\n<\/span><br \/>\n<\/button><\/p>\n<div class=\"v-mdl__c\">\n<div class=\"v-mdl__w\">\n<img loading=\"lazy\" src=\"http:\/\/hoycordobaweb.com\/wp-content\/uploads\/2026\/05\/seis-basicos-muy-practicos-y-elegantes-para-llevar-a-la-oficina-en-primavera-7.jpg\" class=\"v-mdl__img-z\" width=\"650\" height=\"650\" alt>\n<\/div>\n<\/div>\n<\/div>\n<p><span class=\"v-bdp\"><\/span><br \/>\n<\/article>\n<\/div>\n<\/div>\n<p class=\"voc-paragraph\"><strong>Vestido corto en tono marr\u00f3n con cintur\u00f3n de Etam, 49,99 euros.<\/strong> Es tan sencillo y tiene un corte tan ponible y limpio que es una apuesta segura. Ahora puedes llevarlos con botas y en verano con sandalias, bailarinas o cu\u00f1as. <\/p>\n<div class=\"v-c-cmp v-c-cmp--s\">\n<div class=\"v-cmp-m \">\n<article class=\"v-a v-a--cmp-m v-c-cmp--m-z\">\n<div class=\"v-a-img-c \">\n<div class=\"v-a-fig\">\n<button class=\"v-a-link\" popovertarget=\"photo-144\"><br \/>\n<img loading=\"lazy\" src=\"http:\/\/hoycordobaweb.com\/wp-content\/uploads\/2026\/05\/seis-basicos-muy-practicos-y-elegantes-para-llevar-a-la-oficina-en-primavera-8.jpg\" class=\"v-a-img\" width=\"650\" height=\"650\" alt=\"Blazer entallada de ante de Roberto Verino, 495 euros.\" data-voc-vtm-id=\"in-text-traffic\"> <\/button><figcaption class=\"v-fc\">\n<span class=\"v-fc__t\"><br \/>\nBlazer entallada de ante de Roberto Verino, 495 euros.<br \/>\n<\/span><br \/>\n<\/figcaption><\/div>\n<\/div>\n<div id=\"photo-144\" popover class=\"v-mdl v-mdl--fw\">\n<button class=\"v-x\" popovertarget=\"photo-144\" popovertargetaction=\"hide\"><br \/>\n<span class=\"v-i\"><br \/>\n<svg width=\"24\" height=\"23.996\" viewBox=\"0 0 24 23.996\">\n<path data-name=\"Uni\u00f3n 29\" d=\"M12,14.03,2.031,24,0,21.963,9.968,12,0,2.033,2.031,0,12,9.966,21.969,0,24,2.033,14.032,12,24,21.963,21.969,24Z\" \/>\n<\/svg><br \/>\n<\/span><br \/>\n<\/button><\/p>\n<div class=\"v-mdl__c\">\n<div class=\"v-mdl__w\">\n<img loading=\"lazy\" src=\"http:\/\/hoycordobaweb.com\/wp-content\/uploads\/2026\/05\/seis-basicos-muy-practicos-y-elegantes-para-llevar-a-la-oficina-en-primavera-8.jpg\" class=\"v-mdl__img-z\" width=\"650\" height=\"650\" alt>\n<\/div>\n<\/div>\n<\/div>\n<p><span class=\"v-bdp\"><\/span><br \/>\n<\/article>\n<\/div>\n<\/div>\n<p class=\"voc-paragraph\"><strong>Blazer entallada de ante de Roberto Verino, 495 euros.<\/strong> Finalmente, esta americana me ha robado el coraz\u00f3n. Por su entalle, su textura y por c\u00f3mo sienta. Es la t\u00edpica prenda que te hace todo el look, la lleves con vaqueros, pantalones de traje o sobre vestidos vaporosos.<\/p>\n<div class=\"v-c-cmp v-c-cmp--t1 \">\n<div class=\"v-cmp-rld v-cmp-rld--2 \">\n<div class=\"v-cnt-m v-cnt-m--m\">\n<div class=\"v-cnt-m__c\">\n<div class=\"v-cnt-m__w v-cnt-m__w--1\">\n<p class=\"v-cnt-m__t\">\nTAMBI\u00c9N TE INTERESA\n<\/p>\n<\/div>\n<\/div>\n<\/div>\n<div class=\"v-g v-g--2-c v-g--bdr-min-xs\">\n<div class=\"v-g__c \">\n<article class=\"v-a v-a--cmp-rld v-a--cmp-rld-2 v-a--p-l\">\n<div class=\"v-a-img-c\">\n<figure class=\"v-a-fig\">\n<a href=\"https:\/\/www.mujerhoy.com\/moda\/no-te-pierdas\/pantalones-vaqueros-primark-mejor-sientan-primavera-20260402112021-nt.html#vtm_modulosEngag=mod-rel:moda:noticia:1:cmp:2-not\" class=\"v-a-link\" title=\"Ni Zara, ni H&amp;M: los pantalones vaqueros que mejor sientan para esta primavera est\u00e1n en Primark\"><br \/>\n<img loading=\"lazy\" class=\"v-a-img\" src=\"http:\/\/hoycordobaweb.com\/wp-content\/uploads\/2026\/05\/seis-basicos-muy-practicos-y-elegantes-para-llevar-a-la-oficina-en-primavera-9.jpg\" alt=\"Ni Zara, ni H&amp;M: los pantalones vaqueros que mejor sientan para esta primavera est\u00e1n en Primark\"><br \/>\n<\/a><br \/>\n<\/figure>\n<\/div>\n<\/article>\n<\/div>\n<div class=\"v-g__c \">\n<article class=\"v-a v-a--cmp-rld v-a--cmp-rld-2 v-a--p-l\">\n<div class=\"v-a-img-c\">\n<figure class=\"v-a-fig\">\n<a href=\"https:\/\/www.mujerhoy.com\/moda\/no-te-pierdas\/como-llevar-messy-girl-era-tendencia-primavera-20260401104031-nt.html#vtm_modulosEngag=mod-rel:moda:noticia:2:cmp:2-not\" class=\"v-a-link\" title=\"Messy girl, la tendencia m\u00e1s viral que arrasa en el street style: c\u00f3mo llevarla con mucho estilo\"><br \/>\n<img loading=\"lazy\" class=\"v-a-img\" src=\"http:\/\/hoycordobaweb.com\/wp-content\/uploads\/2026\/05\/seis-basicos-muy-practicos-y-elegantes-para-llevar-a-la-oficina-en-primavera-10.jpg\" alt=\"Messy girl, la tendencia m\u00e1s viral que arrasa en el street style: c\u00f3mo llevarla con mucho estilo\"><br \/>\n<\/a><br \/>\n<\/figure>\n<\/div>\n<\/article>\n<\/div>\n<\/div>\n<\/div>\n<\/div>\n<div class=\"media_block\"><\/div>\n","protected":false},"excerpt":{"rendered":"<p>El armario c\u00e1psula por fin tiene el reconocimiento que debe y en esta materia, las cl\u00e1sicas han conseguido posicionarse como las nuevas gur\u00fas que marcan tendencia. La gran mayor\u00eda de ellas son francesas, y tambi\u00e9n ejecutivas, ya que las prendas (tradicionalmente) de oficina han experimentado un nuevo renacer. Lo que antes era r\u00edgido, austero o [&hellip;]<\/p>\n","protected":false},"author":1,"featured_media":135922,"comment_status":"closed","ping_status":"closed","sticky":false,"template":"","format":"standard","meta":[],"categories":[],"tags":[],"_links":{"self":[{"href":"http:\/\/hoycordobaweb.com\/index.php\/wp-json\/wp\/v2\/posts\/135921"}],"collection":[{"href":"http:\/\/hoycordobaweb.com\/index.php\/wp-json\/wp\/v2\/posts"}],"about":[{"href":"http:\/\/hoycordobaweb.com\/index.php\/wp-json\/wp\/v2\/types\/post"}],"author":[{"embeddable":true,"href":"http:\/\/hoycordobaweb.com\/index.php\/wp-json\/wp\/v2\/users\/1"}],"replies":[{"embeddable":true,"href":"http:\/\/hoycordobaweb.com\/index.php\/wp-json\/wp\/v2\/comments?post=135921"}],"version-history":[{"count":0,"href":"http:\/\/hoycordobaweb.com\/index.php\/wp-json\/wp\/v2\/posts\/135921\/revisions"}],"wp:featuredmedia":[{"embeddable":true,"href":"http:\/\/hoycordobaweb.com\/index.php\/wp-json\/wp\/v2\/media\/135922"}],"wp:attachment":[{"href":"http:\/\/hoycordobaweb.com\/index.php\/wp-json\/wp\/v2\/media?parent=135921"}],"wp:term":[{"taxonomy":"category","embeddable":true,"href":"http:\/\/hoycordobaweb.com\/index.php\/wp-json\/wp\/v2\/categories?post=135921"},{"taxonomy":"post_tag","embeddable":true,"href":"http:\/\/hoycordobaweb.com\/index.php\/wp-json\/wp\/v2\/tags?post=135921"}],"curies":[{"name":"wp","href":"https:\/\/api.w.org\/{rel}","templated":true}]}}