{"id":135900,"date":"2026-04-30T14:05:09","date_gmt":"2026-04-30T14:05:09","guid":{"rendered":"https:\/\/ladecimaweb.com\/?p=34121"},"modified":"2026-04-30T14:05:09","modified_gmt":"2026-04-30T14:05:09","slug":"hoy-comienza-el-cronograma-de-pagos-cobran-los-jubilados-y-las-fuerzas-de-seguridad","status":"publish","type":"post","link":"http:\/\/hoycordobaweb.com\/index.php\/2026\/04\/30\/hoy-comienza-el-cronograma-de-pagos-cobran-los-jubilados-y-las-fuerzas-de-seguridad\/","title":{"rendered":"Hoy comienza el cronograma de pagos: Cobran los jubilados y las fuerzas de seguridad"},"content":{"rendered":"<div class=\"boldgrid-section\">\n<div class=\"container\">\n<div class=\"row\">\n<div class=\"col-lg-12 col-md-12 col-xs-12 col-sm-12\">\n<p>El Gobierno de C\u00f3rdoba, a trav\u00e9s de la Secretar\u00eda General de la Gobernaci\u00f3n, recuerda el cronograma de pagos correspondiente a abril, para jubilados y pensionados provinciales y empleados activos de la Administraci\u00f3n P\u00fablica Provincial.<\/p>\n<p><strong>Cronograma<\/strong><\/p>\n<p>1er. Turno: Jueves, 30 de Abril 2026<\/p>\n<p>Jubilados y pensionados provinciales.<br \/>\nPolic\u00eda de la Provincia de Cba.<br \/>\nFuerza Policial Antinarcotr\u00e1fico<br \/>\nServicio Penitenciario<\/p>\n<p>2do. Turno: Lunes, 4 de Mayo 2026<\/p>\n<p>Ministerio de Salud<br \/>\nMin. de Educaci\u00f3n: \u00c1rea Central, Nivel Inicial y Nivel Primario<br \/>\nMin. de Educaci\u00f3n: Nivel Secundario y Resto de Niveles<br \/>\nPersonal Docente Univ. Provincial de C\u00f3rdoba<\/p>\n<p>3er. Turno: Martes, 5 de Mayo 2026<\/p>\n<p>Min. de Educaci\u00f3n: DGIPE *<br \/>\nEscalaf\u00f3n General Tramo Ejecuci\u00f3n<br \/>\nContratados Servicio\/Nivel<br \/>\nContratados Tribunal de Cuentas<br \/>\nEscalaf\u00f3n Salud (no pertenecientes al Min. de Salud)<br \/>\nEscalaf\u00f3n Docente (no pertenecientes al Min. Educaci\u00f3n)<br \/>\nPersonal Poder Judicial<br \/>\nPersonal Poder Legislativo<br \/>\nPersonal Defensor\u00eda del Pueblo<br \/>\nPersonal Defensor\u00eda de los Derechos de los Ni\u00f1as, Ni\u00f1os y Adolesc.<br \/>\nEscalaf\u00f3n General Tramo Superior<br \/>\nEscalaf\u00f3n Vialidad<br \/>\nEscalaf\u00f3n M\u00fasicos<br \/>\nEscalaf\u00f3n Cuerpo Art\u00edstico<br \/>\nEscalaf\u00f3n Gr\u00e1ficos<br \/>\nEscalaf\u00f3n Cient\u00edfico y Tecnol\u00f3gico<br \/>\nEscalaf\u00f3n Bancarios<br \/>\nEscalaf\u00f3n Aeron\u00e1uticos<br \/>\nInteligencia Fiscal<\/p>\n<p>4to. Turno: Mi\u00e9rcoles, 6 de Mayo 2026<\/p>\n<p class=\"\">APROSS: Adm. Prov. del Seg. de Salud<br \/>\nCaja de Jubilaciones Pcia. de Cba.<br \/>\nAutoridades Superiores y Personal de Gabinete del Poder Ejecutivo<br \/>\nAutoridades Poder Legislativo<br \/>\nAutoridades Defensor\u00eda del Pueblo<br \/>\nAutoridades Defensor\u00eda de los Derechos de los Ni\u00f1as, Ni\u00f1os y Adolesc.<br \/>\nAutoridades Tribunal de Cuentas<br \/>\nMagistrados y Funcionarios Judiciales<br \/>\nAutoridades Universidad Provincial<\/p>\n<p>&nbsp;<\/p>\n<div class=\"ubm_banner\"><a href=\"https:\/\/cordoba.gob.ar\/\" target=\"_blank\" rel=\"dofollow noopener noreferrer\"><img decoding=\"async\" src=\"http:\/\/hoycordobaweb.com\/wp-content\/uploads\/2026\/05\/hoy-comienza-el-cronograma-de-pagos-cobran-los-jubilados-y-las-fuerzas-de-seguridad.gif\" alt=\"\"><\/a><\/div>\n<\/div>\n<\/div>\n<\/div>\n<\/div>\n<p>La entrada <a href=\"https:\/\/ladecimaweb.com\/hoy-comienza-el-cronograma-de-pagos-cobran-los-jubilados-y-las-fuerzas-de-seguridad\/\">Hoy comienza el cronograma de pagos: Cobran los jubilados y las fuerzas de seguridad<\/a> se public\u00f3 primero en <a href=\"https:\/\/ladecimaweb.com\">LaDecima<\/a>.<\/p>\n","protected":false},"excerpt":{"rendered":"<p>El Gobierno de C\u00f3rdoba, a trav\u00e9s de la Secretar\u00eda General de la Gobernaci\u00f3n, recuerda el cronograma de pagos correspondiente a abril, para jubilados y pensionados provinciales y empleados activos de la Administraci\u00f3n P\u00fablica Provincial. Cronograma 1er. Turno: Jueves, 30 de Abril 2026 Jubilados y pensionados provinciales. Polic\u00eda de la Provincia de Cba. Fuerza Policial Antinarcotr\u00e1fico [&hellip;]<\/p>\n","protected":false},"author":1,"featured_media":0,"comment_status":"closed","ping_status":"closed","sticky":false,"template":"","format":"standard","meta":[],"categories":[32],"tags":[],"_links":{"self":[{"href":"http:\/\/hoycordobaweb.com\/index.php\/wp-json\/wp\/v2\/posts\/135900"}],"collection":[{"href":"http:\/\/hoycordobaweb.com\/index.php\/wp-json\/wp\/v2\/posts"}],"about":[{"href":"http:\/\/hoycordobaweb.com\/index.php\/wp-json\/wp\/v2\/types\/post"}],"author":[{"embeddable":true,"href":"http:\/\/hoycordobaweb.com\/index.php\/wp-json\/wp\/v2\/users\/1"}],"replies":[{"embeddable":true,"href":"http:\/\/hoycordobaweb.com\/index.php\/wp-json\/wp\/v2\/comments?post=135900"}],"version-history":[{"count":0,"href":"http:\/\/hoycordobaweb.com\/index.php\/wp-json\/wp\/v2\/posts\/135900\/revisions"}],"wp:attachment":[{"href":"http:\/\/hoycordobaweb.com\/index.php\/wp-json\/wp\/v2\/media?parent=135900"}],"wp:term":[{"taxonomy":"category","embeddable":true,"href":"http:\/\/hoycordobaweb.com\/index.php\/wp-json\/wp\/v2\/categories?post=135900"},{"taxonomy":"post_tag","embeddable":true,"href":"http:\/\/hoycordobaweb.com\/index.php\/wp-json\/wp\/v2\/tags?post=135900"}],"curies":[{"name":"wp","href":"https:\/\/api.w.org\/{rel}","templated":true}]}}