{"id":135883,"date":"2026-04-30T07:00:27","date_gmt":"2026-04-30T07:00:27","guid":{"rendered":"https:\/\/www.trendencias.com\/hombres\/ramses-alcaide-neurocientifico-proteinas-ejercicio-manana-responsables-concentracion-intensa"},"modified":"2026-04-30T07:00:27","modified_gmt":"2026-04-30T07:00:27","slug":"ramses-alcaide-neurocientifico-las-proteinas-y-ejercicio-por-la-manana-son-los-responsables-de-una-concentracion-mas-intensa","status":"publish","type":"post","link":"http:\/\/hoycordobaweb.com\/index.php\/2026\/04\/30\/ramses-alcaide-neurocientifico-las-proteinas-y-ejercicio-por-la-manana-son-los-responsables-de-una-concentracion-mas-intensa\/","title":{"rendered":"Ramses Alcaide, neurocient\u00edfico: \u00abLas prote\u00ednas y ejercicio por la ma\u00f1ana son los responsables de una concentraci\u00f3n m\u00e1s intensa\u00bb"},"content":{"rendered":"<p>En una \u00e9poca marcada por la sobreestimulaci\u00f3n digital y la fatiga mental constante, <strong>la b\u00fasqueda de una concentraci\u00f3n sostenida<\/strong> se ha convertido en una prioridad tanto personal como profesional. Lejos de soluciones r\u00e1pidas, la ciencia comienza a apuntar hacia h\u00e1bitos fundamentales que, aunque simples, tienen un impacto profundo en el rendimiento cognitivo diario.<\/p>\n<p><!-- BREAK 1 --> <\/p>\n<p>El neurocient\u00edfico <a rel=\"noopener, noreferrer\" href=\"https:\/\/www.instagram.com\/ramsesalcaide\/\">Ramses Alcaide<\/a> ha puesto sobre la mesa una idea tan simple como poderosa: la calidad de la concentraci\u00f3n <strong>no depende \u00fanicamente de la fuerza de voluntad<\/strong>, sino de c\u00f3mo se inicia el d\u00eda. En un contexto donde la atenci\u00f3n est\u00e1 fragmentada por est\u00edmulos constantes, su planteamiento propone una soluci\u00f3n biol\u00f3gica antes que psicol\u00f3gica: <strong>sincronizar el cerebro con el cuerpo<\/strong> desde las primeras horas mediante ejercicio y una adecuada ingesta de prote\u00ednas.<\/p>\n<div class=\"article-asset article-asset-normal article-asset-center\">\n<div class=\"desvio-container\">\n<div class=\"desvio\">\n<div class=\"desvio-figure js-desvio-figure\"> <a href=\"https:\/\/www.espinof.com\/netflix\/hoy-llega-a-netflix-peliculas-caras-historia-costo-310-millones-tardo-friolera-24-anos-hacerse\" class=\"pivot-outboundlink\" target=\"_blank\" data-vars-post-title=\"Hoy llega a Netflix una de las pel\u00edculas m\u00e1s caras de la historia. Cost\u00f3 310 millones y tard\u00f3 la friolera de 24 a\u00f1os en hacerse \" rel=\"noopener noreferrer\"> <img loading=\"lazy\" alt=\"Hoy llega a Netflix una de las pel\u00edculas m\u00e1s caras de la historia. Cost\u00f3 310 millones y tard\u00f3 la friolera de 24 a\u00f1os en hacerse \" width=\"375\" height=\"142\" src=\"http:\/\/hoycordobaweb.com\/wp-content\/uploads\/2026\/04\/ramses-alcaide-neurocientifico-las-proteinas-y-ejercicio-por-la-manana-son-los-responsables-de-una-concentracion-mas-intensa.jpg\"> <\/a> <\/div><\/div><\/div>\n<\/div>\n<p>La premisa no surge de una intuici\u00f3n aislada, sino de la observaci\u00f3n directa de c\u00f3mo los h\u00e1bitos modernos han reconfigurado la mente. El consumo continuo de contenido breve y altamente estimulante <strong>ha entrenado al cerebro a esperar recompensas inmediatas<\/strong>, debilitando la capacidad de sostener la atenci\u00f3n en tareas complejas. Frente a ello, Alcaide sostiene <a rel=\"noopener, noreferrer\" href=\"https:\/\/pubmed.ncbi.nlm.nih.gov\/39498568\/\">que la clave no est\u00e1 en \u00abforzarse\u00bb<\/a> a concentrarse, sino en reconstruir los ritmos naturales del organismo desde la ma\u00f1ana.<\/p>\n<p><!-- BREAK 2 --><\/p>\n<h3>El cerebro por la ma\u00f1ana: una ventana biol\u00f3gica decisiva<\/h3>\n<p>Durante la primera hora tras despertar, el cerebro <a rel=\"noopener, noreferrer\" href=\"https:\/\/pmc.ncbi.nlm.nih.gov\/articles\/PMC5003634\/\">atraviesa una fase especialmente sensible<\/a> en la que define su estado funcional para el resto del d\u00eda. En ese periodo, los niveles de cortisol (la hormona que activa el estado de alerta) <a rel=\"noopener, noreferrer\" href=\"https:\/\/health.yahoo.com\/wellness\/healthy-aging\/articles\/neuroscientist-swears-simple-morning-habit-102500922.html?utm_source=chatgpt.com&amp;guccounter=1&amp;guce_referrer=aHR0cHM6Ly9jZmFkbWluLnRyZW5kZW5jaWFzLmNvbS8&amp;guce_referrer_sig=AQAAANRRGLpEa2fopqNboDgiDga_1h8P1QrnyOFz4ZUR8AUx7tYoJI5_Wm4WKbPvHei9nw6epnoHDhqNEHopfhXqzrTvB1q-MihH3ISfpJFKWntkTsunaUky-yyQR4SjmVltVSENEfw8N3oCakkfvX-sgu6ygmosbbpoDDXjIffGUW6X\">alcanzan su punto m\u00e1ximo<\/a>, <strong>preparando al organismo para la acci\u00f3n<\/strong>. Si ese momento se desaprovecha, el resultado suele ser una jornada marcada por la fatiga mental y la dificultad para concentrarse.&nbsp;<\/p>\n<p><!-- BREAK 3 --> <\/p>\n<p>Alcaide explica que el cerebro necesita se\u00f1ales claras para sincronizar sus ritmos internos. El movimiento f\u00edsico temprano y la ingesta de alimentos <strong>funcionan como indicadores biol\u00f3gicos<\/strong> que le dicen al organismo que el d\u00eda ha comenzado. Esta coordinaci\u00f3n entre relojes internos (cerebro, m\u00fasculos y sistema digestivo) genera un entorno estable para la atenci\u00f3n sostenida, evitando los altibajos energ\u00e9ticos que suelen aparecer m\u00e1s tarde.<\/p>\n<p>La combinaci\u00f3n de actividad f\u00edsica matutina con un desayuno rico en prote\u00ednas tiene un impacto directo en el rendimiento cognitivo. El ejercicio <a rel=\"noopener, noreferrer\" href=\"https:\/\/www.psychologytoday.com\/mx\/blog\/el-ejercicio-mejora-el-poder-cerebral-los-neurocientificos-no-saben-como\">incrementa el flujo de sangre oxigenada<\/a> hacia la corteza prefrontal, la regi\u00f3n encargada de la toma de decisiones, el autocontrol y la concentraci\u00f3n profunda.<\/p>\n<p><!-- BREAK 4 --><\/p>\n<p>A esto se suma el papel de las prote\u00ednas, que <strong>aportan amino\u00e1cidos esenciales para la producci\u00f3n de neurotransmisores<\/strong> relacionados con la atenci\u00f3n y la motivaci\u00f3n. Adem\u00e1s, este tipo de alimentaci\u00f3n favorece la estabilidad energ\u00e9tica, <a rel=\"noopener, noreferrer\" href=\"https:\/\/www.makingdiabeteseasier.com\/es\/consejos-sobre-diabetes\/vivir-con-diabetes\/claves-disminuir-pico-glucosa-desayuno\">evitando los picos y ca\u00eddas de glucosa<\/a> asociados a desayunos ricos en az\u00facares refinados.&nbsp;<\/p>\n<p><!-- BREAK 5 --><\/p>\n<p>La literatura cient\u00edfica respalda esta relaci\u00f3n. Investigaciones han explorado <a rel=\"noopener, noreferrer\" href=\"https:\/\/dialnet.unirioja.es\/descarga\/articulo\/10082459.pdf\">c\u00f3mo la nutrici\u00f3n y el metabolismo influyen<\/a> en el rendimiento cognitivo, mientras que an\u00e1lisis de instituciones como Harvard Health Publishing han encontrado asociaciones <strong>entre una mayor ingesta de prote\u00ednas y un menor deterioro cognitivo<\/strong> con el paso del tiempo.<\/p>\n<p><!-- BREAK 6 --> <\/p>\n<h3>Recuperar la atenci\u00f3n en la era de la distracci\u00f3n<\/h3>\n<p>El planteamiento de Alcaide no se limita a mejorar la productividad, sino que propone una forma de contrarrestar los efectos de un entorno dise\u00f1ado para fragmentar la atenci\u00f3n: en lugar de depender de est\u00edmulos externos como la cafe\u00edna o la motivaci\u00f3n moment\u00e1nea, su enfoque apuesta por construir una base fisiol\u00f3gica s\u00f3lida <strong>que permita al cerebro operar con estabilidad<\/strong> durante todo el d\u00eda.<\/p>\n<p>En ese sentido, la ma\u00f1ana, m\u00e1s que un simple inicio, se revela como el momento en el que se decide la calidad de la mente durante las horas siguientes.<\/p>\n<p><!-- BREAK 7 --><\/p>\n<p>Fotos de <a rel=\"noopener, noreferrer\" href=\"https:\/\/www.instagram.com\/ramsesalcaide\/\">@ramsesalcaide<\/a> | Foto de <a rel=\"noopener, noreferrer\" href=\"https:\/\/unsplash.com\/es\/@lgnwvr?utm_source=unsplash&amp;utm_medium=referral&amp;utm_content=creditCopyText\">LOGAN WEAVER | @LGNWVR<\/a> en <a rel=\"noopener, noreferrer\" href=\"https:\/\/unsplash.com\/es\/fotos\/hombre-en-topless-con-pantalones-cortos-negros-sentado-en-un-banco-de-madera-marron-P6u6zGa6SKA?utm_source=unsplash&amp;utm_medium=referral&amp;utm_content=creditCopyText\">Unsplash<\/a><\/p>\n","protected":false},"excerpt":{"rendered":"<p>En una \u00e9poca marcada por la sobreestimulaci\u00f3n digital y la fatiga mental constante, la b\u00fasqueda de una concentraci\u00f3n sostenida se ha convertido en una prioridad tanto personal como profesional. Lejos de soluciones r\u00e1pidas, la ciencia comienza a apuntar hacia h\u00e1bitos fundamentales que, aunque simples, tienen un impacto profundo en el rendimiento cognitivo diario. El neurocient\u00edfico [&hellip;]<\/p>\n","protected":false},"author":1,"featured_media":135884,"comment_status":"closed","ping_status":"closed","sticky":false,"template":"","format":"standard","meta":[],"categories":[],"tags":[],"_links":{"self":[{"href":"http:\/\/hoycordobaweb.com\/index.php\/wp-json\/wp\/v2\/posts\/135883"}],"collection":[{"href":"http:\/\/hoycordobaweb.com\/index.php\/wp-json\/wp\/v2\/posts"}],"about":[{"href":"http:\/\/hoycordobaweb.com\/index.php\/wp-json\/wp\/v2\/types\/post"}],"author":[{"embeddable":true,"href":"http:\/\/hoycordobaweb.com\/index.php\/wp-json\/wp\/v2\/users\/1"}],"replies":[{"embeddable":true,"href":"http:\/\/hoycordobaweb.com\/index.php\/wp-json\/wp\/v2\/comments?post=135883"}],"version-history":[{"count":0,"href":"http:\/\/hoycordobaweb.com\/index.php\/wp-json\/wp\/v2\/posts\/135883\/revisions"}],"wp:featuredmedia":[{"embeddable":true,"href":"http:\/\/hoycordobaweb.com\/index.php\/wp-json\/wp\/v2\/media\/135884"}],"wp:attachment":[{"href":"http:\/\/hoycordobaweb.com\/index.php\/wp-json\/wp\/v2\/media?parent=135883"}],"wp:term":[{"taxonomy":"category","embeddable":true,"href":"http:\/\/hoycordobaweb.com\/index.php\/wp-json\/wp\/v2\/categories?post=135883"},{"taxonomy":"post_tag","embeddable":true,"href":"http:\/\/hoycordobaweb.com\/index.php\/wp-json\/wp\/v2\/tags?post=135883"}],"curies":[{"name":"wp","href":"https:\/\/api.w.org\/{rel}","templated":true}]}}