{"id":135879,"date":"2026-04-30T05:54:27","date_gmt":"2026-04-30T05:54:27","guid":{"rendered":"https:\/\/www.mujerhoy.com\/moda\/no-te-pierdas\/nuevo-massimo-dutti-vestidos-vaqueros-barrel-2026-20260430073539-nt.html"},"modified":"2026-04-30T05:54:27","modified_gmt":"2026-04-30T05:54:27","slug":"las-novedades-de-massimo-dutti-de-la-semana-de-los-vestidos-mas-elegantes-a-los-vaqueros-barrel-que-hacen-tipazo","status":"publish","type":"post","link":"http:\/\/hoycordobaweb.com\/index.php\/2026\/04\/30\/las-novedades-de-massimo-dutti-de-la-semana-de-los-vestidos-mas-elegantes-a-los-vaqueros-barrel-que-hacen-tipazo\/","title":{"rendered":"Las novedades de Massimo Dutti de la semana: de los vestidos m\u00e1s elegantes a los vaqueros barrel que hacen tipazo"},"content":{"rendered":"<p><!-- AUTHOR --><\/p>\n<div class=\"voc-author-timesocial \">\n<!-- AUTHOR --><\/p>\n<div class=\"voc-author-timesocial__signature \">\n<!-- IMAGE AUTHOR -->\n<picture class=\"voc-image-signature\">\n<img class=\"voc-image-signature__img\" src=\"http:\/\/hoycordobaweb.com\/wp-content\/uploads\/2026\/04\/las-novedades-de-massimo-dutti-de-la-semana-de-los-vestidos-mas-elegantes-a-los-vaqueros-barrel-que-hacen-tipazo.jpg\" alt=\"Gemma Cano\">\n<\/picture>\n<!-- INFO AUTHOR --><\/p>\n<div class=\"voc-author-timesocial__info\" data-mrf-recirculation=\"Autor\">\n<div class=\"voc-author-info\">\n<author><br \/>\n<a class=\"voc-author\" href=\"https:\/\/www.mujerhoy.com\/autor\/gemma-cano-1220.html\">Gemma Cano<\/a><br \/>\n<\/author><br \/>\n<!-- TIME --><br \/>\n<time datetime=\"2026-04-30T05:54:27Z\" data-timestamp><br \/>\nPublicado \u00b7 <span data-voc-date-modified-short> 30 de abril de 2026, 07:54 h <\/span><br \/>\n<\/time>\n<\/div>\n<\/div>\n<\/div><\/div>\n<p><!-- COMPONENTS --><\/p>\n<p class=\"voc-paragraph\">Como siempre es habitual en esta \u00e9poca del a\u00f1o, nuestras marcas de referencia est\u00e1n en perfecta sinton\u00eda con nuestros deseos. Sus secciones de novedades nos invitan a refrescar todos nuestros looks diarios con <strong>prendas y accesorios de primavera-verano<\/strong>, que acaban de aterrizar en las tiendas.<\/p>\n<p class=\"voc-paragraph\">Hoy es el turno de Massimo Dutti, una firma que apuesta por los <a href=\"https:\/\/www.mujerhoy.com\/moda\/no-te-pierdas\/mejores-basicos-para-looks-elegantes-20260426120808-nt.html\" target=\"_self\" data-voc-vtm-id=\"in-text-traffic\" title=\"b\u00e1sicos\" data-mrf-link=\"www.mujerhoy.com\" rel=\"noopener noreferrer\">b\u00e1sicos<\/a> atemporales con peque\u00f1os toques de plena tendencia. \u00bfQu\u00e9 te propone esta popular marca de Inditex para estrenar su nueva colecci\u00f3n? Vestidos midi drapeados, vaqueros con dise\u00f1os especiales, camisas blancas fluidas, sandalias en tonos neutros, <a href=\"https:\/\/www.mujerhoy.com\/moda\/no-te-pierdas\/isabella-dinamarca-falda-larga-tul-hm-20260422175216-nt.html\" target=\"_self\" data-voc-vtm-id=\"in-text-traffic\" title=\"faldas\" data-mrf-link=\"www.mujerhoy.com\" rel=\"noopener noreferrer\">faldas<\/a> midi con estampado de cuadros y muchas otras <strong>tentaciones totalmente irresistibles<\/strong>.<\/p>\n<div class=\"v-c-cmp v-c-cmp--t1 \">\n<div class=\"v-cmp-rld v-cmp-rld--2 \">\n<div class=\"v-cnt-m v-cnt-m--m\">\n<div class=\"v-cnt-m__c\">\n<div class=\"v-cnt-m__w v-cnt-m__w--1\">\n<p class=\"v-cnt-m__t\">\nTAMBI\u00c9N TE INTERESA\n<\/p>\n<\/div>\n<\/div>\n<\/div>\n<div class=\"v-g v-g--2-c v-g--bdr-min-xs\">\n<div class=\"v-g__c \">\n<article class=\"v-a v-a--cmp-rld v-a--cmp-rld-2 v-a--p-l\">\n<div class=\"v-a-img-c\">\n<figure class=\"v-a-fig\">\n<a href=\"https:\/\/www.mujerhoy.com\/moda\/no-te-pierdas\/vestidos-fluidos-favorecen-empieza-buen-tiempo-vogana-massimo-dutti-20260423142029-nt.html#vtm_modulosEngag=mod-rel:moda:noticia:1:cmp:2-not\" class=\"v-a-link\" title=\"Los vestidos fluidos que m\u00e1s favorecen cuando empieza el buen tiempo\"><br \/>\n<img loading=\"lazy\" class=\"v-a-img\" src=\"http:\/\/hoycordobaweb.com\/wp-content\/uploads\/2026\/04\/las-novedades-de-massimo-dutti-de-la-semana-de-los-vestidos-mas-elegantes-a-los-vaqueros-barrel-que-hacen-tipazo-1.jpg\" alt=\"Los vestidos fluidos que m\u00e1s favorecen cuando empieza el buen tiempo\"><br \/>\n<\/a><br \/>\n<\/figure>\n<\/div>\n<\/article>\n<\/div>\n<div class=\"v-g__c \">\n<article class=\"v-a v-a--cmp-rld v-a--cmp-rld-2 v-a--p-l\">\n<div class=\"v-a-img-c\">\n<figure class=\"v-a-fig\">\n<a href=\"https:\/\/www.mujerhoy.com\/moda\/no-te-pierdas\/mejores-pantalones-marrones-primavera-tendencia-20260415161122-nt.html#vtm_modulosEngag=mod-rel:moda:noticia:2:cmp:2-not\" class=\"v-a-link\" title=\"Los pantalones marrones se llevan en todas sus versiones: los m\u00e1s bonitos que puedes comprar ya mismo\"><br \/>\n<img loading=\"lazy\" class=\"v-a-img\" src=\"http:\/\/hoycordobaweb.com\/wp-content\/uploads\/2026\/04\/las-novedades-de-massimo-dutti-de-la-semana-de-los-vestidos-mas-elegantes-a-los-vaqueros-barrel-que-hacen-tipazo-2.jpg\" alt=\"Los pantalones marrones se llevan en todas sus versiones: los m\u00e1s bonitos que puedes comprar ya mismo\"><br \/>\n<\/a><br \/>\n<\/figure>\n<\/div>\n<\/article>\n<\/div>\n<\/div>\n<\/div>\n<\/div>\n<div class=\"v-c-cmp \">\n<div class=\"v-cmp-m v-cmp-m--t1\">\n<article class=\"v-a v-a--cmp-m v-c-cmp--m-p\">\n<div class=\"v-a-img-c v-a-img-c--fw-xs\">\n<div class=\"v-a-fig\">\n<div class=\"v-a-link\">\n<img loading=\"lazy\" src=\"http:\/\/hoycordobaweb.com\/wp-content\/uploads\/2026\/04\/las-novedades-de-massimo-dutti-de-la-semana-de-los-vestidos-mas-elegantes-a-los-vaqueros-barrel-que-hacen-tipazo-3.jpg\" class=\"v-a-img\" width=\"650\" height=\"975\" alt=\"Vestido midi de Massimo Dutti (149 euros)\" data-voc-vtm-id=\"in-text-traffic\">\n<\/div><figcaption class=\"v-fc\">\n<span class=\"v-fc__t\"><br \/>\nVestido midi de Massimo Dutti (149 euros)<br \/>\n<\/span><br \/>\n<\/figcaption><\/div>\n<\/div>\n<\/article>\n<\/div>\n<\/div>\n<p><h3 class=\"v-cmp-suh\">\nVestido midi de Massimo Dutti (149 euros)<br \/>\n<\/h3>\n<\/p>\n<p class=\"voc-paragraph\">Aqu\u00ed est\u00e1 una de los dise\u00f1os m\u00e1s bonitos de la colecci\u00f3n de primavera-verano de la firma de Inditex. Un elegante vestido drapeado, que podr\u00e1s estrenar cuando suban las temperaturas.<\/p>\n<div class=\"v-c-cmp \">\n<div class=\"v-cmp-m v-cmp-m--t1\">\n<article class=\"v-a v-a--cmp-m v-c-cmp--m-p\">\n<div class=\"v-a-img-c v-a-img-c--fw-xs\">\n<div class=\"v-a-fig\">\n<div class=\"v-a-link\">\n<img loading=\"lazy\" src=\"http:\/\/hoycordobaweb.com\/wp-content\/uploads\/2026\/04\/las-novedades-de-massimo-dutti-de-la-semana-de-los-vestidos-mas-elegantes-a-los-vaqueros-barrel-que-hacen-tipazo-4.jpg\" class=\"v-a-img\" width=\"650\" height=\"975\" alt=\"Camisa blanca de Massimo Dutti (69,99 euros)\" data-voc-vtm-id=\"in-text-traffic\">\n<\/div><figcaption class=\"v-fc\">\n<span class=\"v-fc__t\"><br \/>\nCamisa blanca de Massimo Dutti (69,99 euros)<br \/>\n<\/span><br \/>\n<\/figcaption><\/div>\n<\/div>\n<\/article>\n<\/div>\n<\/div>\n<p><h3 class=\"v-cmp-suh\">\nCamisa blanca de Massimo Dutti (69,99 euros)<br \/>\n<\/h3>\n<\/p>\n<p class=\"voc-paragraph\">Esta primavera necesitas hacerte con una blusa blanca con un dise\u00f1o especial para llevar con todos tus looks diarios. Apuesta por un dise\u00f1o con detalles calados y comb\u00ednala con un pantal\u00f3n ancho.<\/p>\n<div class=\"v-c-cmp v-c-cmp--s\">\n<div class=\"v-cmp-m \">\n<article class=\"v-a v-a--cmp-m v-c-cmp--m-z\">\n<div class=\"v-a-img-c \">\n<div class=\"v-a-fig\">\n<button class=\"v-a-link\" popovertarget=\"photo-128\"><br \/>\n<img loading=\"lazy\" src=\"http:\/\/hoycordobaweb.com\/wp-content\/uploads\/2026\/04\/las-novedades-de-massimo-dutti-de-la-semana-de-los-vestidos-mas-elegantes-a-los-vaqueros-barrel-que-hacen-tipazo-5.jpg\" class=\"v-a-img\" width=\"650\" height=\"650\" alt=\"Sandalias de cu\u00f1a de Massimo Dutti (89,99 euros)\" data-voc-vtm-id=\"in-text-traffic\"> <\/button><figcaption class=\"v-fc\">\n<span class=\"v-fc__t\"><br \/>\nSandalias de cu\u00f1a de Massimo Dutti (89,99 euros)<br \/>\n<\/span><br \/>\n<\/figcaption><\/div>\n<\/div>\n<div id=\"photo-128\" popover class=\"v-mdl v-mdl--fw\">\n<button class=\"v-x\" popovertarget=\"photo-128\" popovertargetaction=\"hide\"><br \/>\n<span class=\"v-i\"><br \/>\n<svg width=\"24\" height=\"23.996\" viewBox=\"0 0 24 23.996\">\n<path data-name=\"Uni\u00f3n 29\" d=\"M12,14.03,2.031,24,0,21.963,9.968,12,0,2.033,2.031,0,12,9.966,21.969,0,24,2.033,14.032,12,24,21.963,21.969,24Z\" \/>\n<\/svg><br \/>\n<\/span><br \/>\n<\/button><\/p>\n<div class=\"v-mdl__c\">\n<div class=\"v-mdl__w\">\n<img loading=\"lazy\" src=\"http:\/\/hoycordobaweb.com\/wp-content\/uploads\/2026\/04\/las-novedades-de-massimo-dutti-de-la-semana-de-los-vestidos-mas-elegantes-a-los-vaqueros-barrel-que-hacen-tipazo-5.jpg\" class=\"v-mdl__img-z\" width=\"650\" height=\"650\" alt>\n<\/div>\n<\/div>\n<\/div>\n<p><span class=\"v-bdp\"><\/span><br \/>\n<\/article>\n<\/div>\n<\/div>\n<p><h3 class=\"v-cmp-suh\">\nSandalias de cu\u00f1a de Massimo Dutti (89,99 euros)<br \/>\n<\/h3>\n<\/p>\n<p class=\"voc-paragraph\">Un accesorio muy especial que podr\u00e1s llevar con todos tus looks de fiesta cuando llegue el buen tiempo. Los colores neutros, como el beige o el crudo, resurgen cada primavera. Ll\u00e9valos sobre un elegante par de zapatos.<\/p>\n<div class=\"v-c-cmp \">\n<div class=\"v-cmp-m v-cmp-m--t1\">\n<article class=\"v-a v-a--cmp-m v-c-cmp--m-p\">\n<div class=\"v-a-img-c v-a-img-c--fw-xs\">\n<div class=\"v-a-fig\">\n<div class=\"v-a-link\">\n<img loading=\"lazy\" src=\"http:\/\/hoycordobaweb.com\/wp-content\/uploads\/2026\/04\/las-novedades-de-massimo-dutti-de-la-semana-de-los-vestidos-mas-elegantes-a-los-vaqueros-barrel-que-hacen-tipazo-6.jpg\" class=\"v-a-img\" width=\"650\" height=\"975\" alt=\"Pantal\u00f3n rojo de Massimo Dutti (69,99 euros)\" data-voc-vtm-id=\"in-text-traffic\">\n<\/div><figcaption class=\"v-fc\">\n<span class=\"v-fc__t\"><br \/>\nPantal\u00f3n rojo de Massimo Dutti (69,99 euros)<br \/>\n<\/span><br \/>\n<\/figcaption><\/div>\n<\/div>\n<\/article>\n<\/div>\n<\/div>\n<p><h3 class=\"v-cmp-suh\">\nPantal\u00f3n rojo de Massimo Dutti (69,99 euros)<br \/>\n<\/h3>\n<\/p>\n<p class=\"voc-paragraph\">Si quieres un dise\u00f1o de primavera vers\u00e1til y muy favorecedor para llevar con todos tus looks de oficina, apuesta por este tipo de prendas de estilo masculino. El color rojo pondr\u00e1 la nota especial a tu armario de nueva temporada.<\/p>\n<div class=\"v-c-cmp \">\n<div class=\"v-cmp-m v-cmp-m--t1\">\n<article class=\"v-a v-a--cmp-m v-c-cmp--m-p\">\n<div class=\"v-a-img-c v-a-img-c--fw-xs\">\n<div class=\"v-a-fig\">\n<div class=\"v-a-link\">\n<img loading=\"lazy\" src=\"http:\/\/hoycordobaweb.com\/wp-content\/uploads\/2026\/04\/las-novedades-de-massimo-dutti-de-la-semana-de-los-vestidos-mas-elegantes-a-los-vaqueros-barrel-que-hacen-tipazo-7.jpg\" class=\"v-a-img\" width=\"650\" height=\"975\" alt=\"Camisa blanca de Massimo Dutti (79,99 euros)\" data-voc-vtm-id=\"in-text-traffic\">\n<\/div><figcaption class=\"v-fc\">\n<span class=\"v-fc__t\"><br \/>\nCamisa blanca de Massimo Dutti (79,99 euros)<br \/>\n<\/span><br \/>\n<\/figcaption><\/div>\n<\/div>\n<\/article>\n<\/div>\n<\/div>\n<p><h3 class=\"v-cmp-suh\">\nCamisa blanca de Massimo Dutti (79,99 euros)<br \/>\n<\/h3>\n<\/p>\n<p class=\"voc-paragraph\">Una prenda muy especial, que no puedes dejar escapar esta primavera. Imprescindible para los primeros looks de la temporada, pero tambi\u00e9n las podr\u00e1s llevar durante los meses de verano.<\/p>\n<div class=\"v-c-cmp \">\n<div class=\"v-cmp-m v-cmp-m--t1\">\n<article class=\"v-a v-a--cmp-m v-c-cmp--m-p\">\n<div class=\"v-a-img-c v-a-img-c--fw-xs\">\n<div class=\"v-a-fig\">\n<div class=\"v-a-link\">\n<img loading=\"lazy\" src=\"http:\/\/hoycordobaweb.com\/wp-content\/uploads\/2026\/04\/las-novedades-de-massimo-dutti-de-la-semana-de-los-vestidos-mas-elegantes-a-los-vaqueros-barrel-que-hacen-tipazo-8.jpg\" class=\"v-a-img\" width=\"650\" height=\"975\" alt=\"Vestido midi de Massimo Dutti (99,99 euros)\" data-voc-vtm-id=\"in-text-traffic\">\n<\/div><figcaption class=\"v-fc\">\n<span class=\"v-fc__t\"><br \/>\nVestido midi de Massimo Dutti (99,99 euros)<br \/>\n<\/span><br \/>\n<\/figcaption><\/div>\n<\/div>\n<\/article>\n<\/div>\n<\/div>\n<p><h3 class=\"v-cmp-suh\">\nVestido midi de Massimo Dutti (99,99 euros)<br \/>\n<\/h3>\n<\/p>\n<p class=\"voc-paragraph\">Una de nuestras prendas favoritas de las novedades de esta semana. Un vestido marr\u00f3n oscuro, que podr\u00e1s llevar dentro y fuera de la oficina. Apuesta por un dise\u00f1o ajustado con el que lucir\u00e1s tipazo.<\/p>\n<div class=\"v-c-cmp \">\n<div class=\"v-cmp-m v-cmp-m--t1\">\n<article class=\"v-a v-a--cmp-m v-c-cmp--m-p\">\n<div class=\"v-a-img-c v-a-img-c--fw-xs\">\n<div class=\"v-a-fig\">\n<div class=\"v-a-link\">\n<img loading=\"lazy\" src=\"http:\/\/hoycordobaweb.com\/wp-content\/uploads\/2026\/04\/las-novedades-de-massimo-dutti-de-la-semana-de-los-vestidos-mas-elegantes-a-los-vaqueros-barrel-que-hacen-tipazo-9.jpg\" class=\"v-a-img\" width=\"650\" height=\"975\" alt=\"Top rojo de Massimo Dutti (59,99 euros)\" data-voc-vtm-id=\"in-text-traffic\">\n<\/div><figcaption class=\"v-fc\">\n<span class=\"v-fc__t\"><br \/>\nTop rojo de Massimo Dutti (59,99 euros)<br \/>\n<\/span><br \/>\n<\/figcaption><\/div>\n<\/div>\n<\/article>\n<\/div>\n<\/div>\n<p><h3 class=\"v-cmp-suh\">\nTop rojo de Massimo Dutti (59,99 euros)<br \/>\n<\/h3>\n<\/p>\n<p class=\"voc-paragraph\">Y en esta selecci\u00f3n semanal no podr\u00eda faltar una prenda especial para lucir de d\u00eda o de noche. Un dise\u00f1o drapeado, sin mangas, con un bonito color rojo oscuro, que podr\u00e1s llevar en total look o combinado con marr\u00f3n.<\/p>\n<div class=\"v-c-cmp \">\n<div class=\"v-cmp-m v-cmp-m--t1\">\n<article class=\"v-a v-a--cmp-m v-c-cmp--m-p\">\n<div class=\"v-a-img-c v-a-img-c--fw-xs\">\n<div class=\"v-a-fig\">\n<div class=\"v-a-link\">\n<img loading=\"lazy\" src=\"http:\/\/hoycordobaweb.com\/wp-content\/uploads\/2026\/04\/las-novedades-de-massimo-dutti-de-la-semana-de-los-vestidos-mas-elegantes-a-los-vaqueros-barrel-que-hacen-tipazo-10.jpg\" class=\"v-a-img\" width=\"650\" height=\"975\" alt=\"Vaqueros barrel de Massimo Dutti (69,99 euros)\" data-voc-vtm-id=\"in-text-traffic\">\n<\/div><figcaption class=\"v-fc\">\n<span class=\"v-fc__t\"><br \/>\nVaqueros barrel de Massimo Dutti (69,99 euros)<br \/>\n<\/span><br \/>\n<\/figcaption><\/div>\n<\/div>\n<\/article>\n<\/div>\n<\/div>\n<p><h3 class=\"v-cmp-suh\">\nVaqueros barrel de Massimo Dutti (69,99 euros)<br \/>\n<\/h3>\n<\/p>\n<p class=\"voc-paragraph\">Estos jeans reci\u00e9n llegados a tienda no pueden ser m\u00e1s favorecedores. Apuesta por el corte ancho para crear los mejores looks de la temporada de primavera-verano. Imprescindibles.<\/p>\n<div class=\"v-c-cmp \">\n<div class=\"v-cmp-m v-cmp-m--t1\">\n<article class=\"v-a v-a--cmp-m v-c-cmp--m-p\">\n<div class=\"v-a-img-c v-a-img-c--fw-xs\">\n<div class=\"v-a-fig\">\n<div class=\"v-a-link\">\n<img loading=\"lazy\" src=\"http:\/\/hoycordobaweb.com\/wp-content\/uploads\/2026\/04\/las-novedades-de-massimo-dutti-de-la-semana-de-los-vestidos-mas-elegantes-a-los-vaqueros-barrel-que-hacen-tipazo-11.jpg\" class=\"v-a-img\" width=\"650\" height=\"975\" alt=\"Falda estampada de Massimo Dutti (79,99 euros)\" data-voc-vtm-id=\"in-text-traffic\">\n<\/div><figcaption class=\"v-fc\">\n<span class=\"v-fc__t\"><br \/>\nFalda estampada de Massimo Dutti (79,99 euros)<br \/>\n<\/span><br \/>\n<\/figcaption><\/div>\n<\/div>\n<\/article>\n<\/div>\n<\/div>\n<p><h3 class=\"v-cmp-suh\">\nFalda estampada de Massimo Dutti (79,99 euros)<br \/>\n<\/h3>\n<\/p>\n<p class=\"voc-paragraph\">Y para rematar con mucho estilo esta lista de deseos de primavera-verano, nada mejor que un buen dise\u00f1o midi. Apuesta por los estampados de cuadros, en tonos neutros para conseguir el mejor look de la temporada.<\/p>\n<div class=\"v-c-cmp v-c-cmp--t1 \">\n<div class=\"v-cmp-rld v-cmp-rld--2 \">\n<div class=\"v-cnt-m v-cnt-m--m\">\n<div class=\"v-cnt-m__c\">\n<div class=\"v-cnt-m__w v-cnt-m__w--1\">\n<p class=\"v-cnt-m__t\">\nTAMBI\u00c9N TE INTERESA\n<\/p>\n<\/div>\n<\/div>\n<\/div>\n<div class=\"v-g v-g--2-c v-g--bdr-min-xs\">\n<div class=\"v-g__c \">\n<article class=\"v-a v-a--cmp-rld v-a--cmp-rld-2 v-a--p-l\">\n<div class=\"v-a-img-c\">\n<figure class=\"v-a-fig\">\n<a href=\"https:\/\/www.mujerhoy.com\/moda\/no-te-pierdas\/mejores-vestidos-bordado-ingles-primavera-verano-20260422163316-nt.html#vtm_modulosEngag=mod-rel:moda:noticia:1:cmp:2-not\" class=\"v-a-link\" title=\"Estoy enamorada de estos vestidos con bordado ingl\u00e9s que favorecen a cualquier edad en verano\"><br \/>\n<img loading=\"lazy\" class=\"v-a-img\" src=\"http:\/\/hoycordobaweb.com\/wp-content\/uploads\/2026\/04\/las-novedades-de-massimo-dutti-de-la-semana-de-los-vestidos-mas-elegantes-a-los-vaqueros-barrel-que-hacen-tipazo-12.jpg\" alt=\"Estoy enamorada de estos vestidos con bordado ingl\u00e9s que favorecen a cualquier edad en verano\"><br \/>\n<\/a><br \/>\n<\/figure>\n<\/div>\n<\/article>\n<\/div>\n<div class=\"v-g__c \">\n<article class=\"v-a v-a--cmp-rld v-a--cmp-rld-2 v-a--p-l\">\n<div class=\"v-a-img-c\">\n<figure class=\"v-a-fig\">\n<a href=\"https:\/\/www.mujerhoy.com\/moda\/no-te-pierdas\/novedades-mango-camisa-blanca-barata-vestido-nuevo-20260429074016-nt.html#vtm_modulosEngag=mod-rel:moda:noticia:2:cmp:2-not\" class=\"v-a-link\" title=\"Las novedades de Mango de la semana: vestidos estampados, camisas de rayas y sandalias c\u00f3modas\"><br \/>\n<img loading=\"lazy\" class=\"v-a-img\" src=\"http:\/\/hoycordobaweb.com\/wp-content\/uploads\/2026\/04\/las-novedades-de-massimo-dutti-de-la-semana-de-los-vestidos-mas-elegantes-a-los-vaqueros-barrel-que-hacen-tipazo-13.jpg\" alt=\"Las novedades de Mango de la semana: vestidos estampados, camisas de rayas y sandalias c\u00f3modas\"><br \/>\n<\/a><br \/>\n<\/figure>\n<\/div>\n<\/article>\n<\/div>\n<\/div>\n<\/div>\n<\/div>\n<div class=\"media_block\"><\/div>\n","protected":false},"excerpt":{"rendered":"<p>Gemma Cano Publicado \u00b7 30 de abril de 2026, 07:54 h Como siempre es habitual en esta \u00e9poca del a\u00f1o, nuestras marcas de referencia est\u00e1n en perfecta sinton\u00eda con nuestros deseos. Sus secciones de novedades nos invitan a refrescar todos nuestros looks diarios con prendas y accesorios de primavera-verano, que acaban de aterrizar en las [&hellip;]<\/p>\n","protected":false},"author":1,"featured_media":135880,"comment_status":"closed","ping_status":"closed","sticky":false,"template":"","format":"standard","meta":[],"categories":[],"tags":[],"_links":{"self":[{"href":"http:\/\/hoycordobaweb.com\/index.php\/wp-json\/wp\/v2\/posts\/135879"}],"collection":[{"href":"http:\/\/hoycordobaweb.com\/index.php\/wp-json\/wp\/v2\/posts"}],"about":[{"href":"http:\/\/hoycordobaweb.com\/index.php\/wp-json\/wp\/v2\/types\/post"}],"author":[{"embeddable":true,"href":"http:\/\/hoycordobaweb.com\/index.php\/wp-json\/wp\/v2\/users\/1"}],"replies":[{"embeddable":true,"href":"http:\/\/hoycordobaweb.com\/index.php\/wp-json\/wp\/v2\/comments?post=135879"}],"version-history":[{"count":0,"href":"http:\/\/hoycordobaweb.com\/index.php\/wp-json\/wp\/v2\/posts\/135879\/revisions"}],"wp:featuredmedia":[{"embeddable":true,"href":"http:\/\/hoycordobaweb.com\/index.php\/wp-json\/wp\/v2\/media\/135880"}],"wp:attachment":[{"href":"http:\/\/hoycordobaweb.com\/index.php\/wp-json\/wp\/v2\/media?parent=135879"}],"wp:term":[{"taxonomy":"category","embeddable":true,"href":"http:\/\/hoycordobaweb.com\/index.php\/wp-json\/wp\/v2\/categories?post=135879"},{"taxonomy":"post_tag","embeddable":true,"href":"http:\/\/hoycordobaweb.com\/index.php\/wp-json\/wp\/v2\/tags?post=135879"}],"curies":[{"name":"wp","href":"https:\/\/api.w.org\/{rel}","templated":true}]}}