{"id":135867,"date":"2026-04-30T01:45:33","date_gmt":"2026-04-30T01:45:33","guid":{"rendered":"https:\/\/www.ole.com.ar\/futbol-primera\/racing-rojo-sancion-levantada-clausura-regreso-huracan_0_ICDcwtc1s5.html"},"modified":"2026-04-30T01:45:33","modified_gmt":"2026-04-30T01:45:33","slug":"despues-de-la-roja-contra-river-le-bajaron-la-sancion-a-rojo-y-esta-disponible-para-jugar-con-huracan","status":"publish","type":"post","link":"http:\/\/hoycordobaweb.com\/index.php\/2026\/04\/30\/despues-de-la-roja-contra-river-le-bajaron-la-sancion-a-rojo-y-esta-disponible-para-jugar-con-huracan\/","title":{"rendered":"Despu\u00e9s de la roja contra River, le bajaron la sanci\u00f3n a Rojo y est\u00e1 disponible para jugar con Hurac\u00e1n"},"content":{"rendered":"<p><img src=\"http:\/\/hoycordobaweb.com\/wp-content\/uploads\/2026\/04\/despues-de-la-roja-contra-river-le-bajaron-la-sancion-a-rojo-y-esta-disponible-para-jugar-con-huracan.jpg\"><\/p>\n<p><time class=\"createDate\" datetime=\"2026-04-29T22:45:33-03:00\">29\/04\/2026 22:45hs.<\/time><\/p>\n<div id=\"storyBody\">\n<div id=\"element-body-0\" class=\"sc-136cd478-0 ekTCfV\" readability=\"37.241666666667\">\n<p>Despu\u00e9s del empate de visitante <a href=\"https:\/\/www.ole.com.ar\/futbol-internacional\/sudamericana\/caracas-fc-vs-racing-partido-copa-sudamericana-vivo-fecha-3-minuto-minuto_0_ICJPKH7mat.html\" target=\"_self\" title=\" ante Caracas por Sudamericana, con gusto a poco, Racing\" alt=\" ante Caracas por Sudamericana, con gusto a poco, Racing\" rel=\"noopener noreferrer\"> ante Caracas por Sudamericana, con gusto a poco, Racing<\/a> ya se enfoca en lo que ser\u00e1 una verdadera final contra Hurac\u00e1n por el acceso a los playoffs del Apertura. Ser\u00e1 el domingo a las 16 en Avellaneda. Y de cara a ese duelo, <strong>Gustavo Costas podr\u00e1 contar con Marcos Rojo, al que le redujeron la pena (inicialmente de cuatro fechas)<\/strong> por la roja que le hab\u00edan mostrado en el cl\u00e1sico ante River. Tras el golpe a Lucas Mart\u00ednez Quarta, la sanci\u00f3n se hab\u00eda agravado por el insulto al \u00e1rbitro Sebasti\u00e1n Zunino. <strong> \u00abSos un hijo de re mil puta\u00bb<\/strong>, hab\u00eda sido el agravio. <\/p>\n<\/div>\n<div id=\"element-body-1\" class=\"sc-136cd478-0 ekTCfV\" readability=\"42\">\n<p>El zaguero, que fue titular en Venezuela y jug\u00f3 los 90 minutos, hab\u00eda empezado a cumplir en el partido contra Aldosivi. Luego lleg\u00f3 el choque ante Barracas y, en base al fallo inicial, reci\u00e9n iba a estar habilitado para jugar en unos hipot\u00e9ticos cuartos de final. Sin embargo, por un pedido realizado por la dirigencia encabezada por Diego Milito, el <strong>Tribunal de Disciplina decidi\u00f3 acortar a dos fechas la sanci\u00f3n.<\/strong> Entonces, ya est\u00e1 disponible.\t<\/p>\n<\/div>\n<div id=\"element-body-2\" class=\"sc-136cd478-0 ekTCfV\" readability=\"34\">\n<p>De todas formas, se presume que Costas lo va a ubicar entre los suplentes y no como titular para jugar ante el Globo en un partido definitorio.<\/p>\n<\/div>\n<p><h2><strong>El fallo del Tribunal de Disciplina<\/strong><\/h2>\n<\/p>\n<div class=\"sc-e7b891c4-0 ifHnQL image-embed\" id=\"element-body-4\"><img alt=\"Rojo ya puede volver a jugar.\" loading=\"lazy\" width=\"720\" height=\"100\" decoding=\"async\" data-nimg=\"1\" src=\"http:\/\/hoycordobaweb.com\/wp-content\/uploads\/2026\/04\/despues-de-la-roja-contra-river-le-bajaron-la-sancion-a-rojo-y-esta-disponible-para-jugar-con-huracan-2.jpg\"><span class=\"epigraphe\">Rojo ya puede volver a jugar.<\/span><\/div>\n<div id=\"element-body-5\" class=\"sc-136cd478-0 ekTCfV\" readability=\"39\">\n<p><strong>\u00bf <em>Qu\u00e9 dice el art\u00edculo 25?<\/em><\/strong><em> SUSPENSI\u00d3N DE LA APLICACI\u00d3N DE MEDIDAS DISCIPLINARIAS 1. Los \u00d3rganos disciplinarios podr\u00e1n optar por suspender total o parcialmente la aplicaci\u00f3n de una medida disciplinaria. 2. Al suspender la aplicaci\u00f3n de la sanci\u00f3n, los \u00d3rganos disciplinarios someter\u00e1n al sancionado a un periodo de prueba, con una duraci\u00f3n del plazo que establezcan. 3. Si una persona a quien se le haya suspendido una sanci\u00f3n cometiera una infracci\u00f3n de naturaleza y gravedad similares durante el periodo de prueba, los \u00d3rganos disciplinarios revocar\u00e1n la suspensi\u00f3n, y la sanci\u00f3n se ejecutar\u00e1 sin perjuicio de que se le imponga una sanci\u00f3n adicional con motivo de la nueva infracci\u00f3n. 4. No podr\u00e1n suspenderse las medidas disciplinarias derivadas de la manipulaci\u00f3n de partidos.<\/em><\/p>\n<\/div>\n<p><h2><strong>La roja por el golpe a Mart\u00ednez Quarta y el insulto al \u00e1rbitro<\/strong><\/h2>\n<\/p>\n<div id=\"element-body-8\" class=\"sc-ef81c825-1 evSCNc\" readability=\"31.5\"><figcaption class=\"JWvideoNota_title\" readability=\"3\">\n<p>\u00abSos un hijo de re mil puta\u00bb, le dijo el defensor luego de la expulsi\u00f3n. Fuente: ESPN.\t<\/p>\n<\/figcaption><\/div>\n<div id=\"element-body-11\" class=\"sc-a7166897-0 eoLsBE\" readability=\"31\">\n<section readability=\"2\"><picture><img alt=\"Racing no levanta: pobre empate en Venezuela y complicado en la Sudamericana\" loading=\"lazy\" width=\"290\" height=\"290\" decoding=\"async\" data-nimg=\"1\" src=\"http:\/\/hoycordobaweb.com\/wp-content\/uploads\/2026\/04\/despues-de-la-roja-contra-river-le-bajaron-la-sancion-a-rojo-y-esta-disponible-para-jugar-con-huracan-3.jpg\"><\/picture>\n<p><span>Mir\u00e1 tambi\u00e9n<\/span><\/p>\n<hr>\n<h3>Racing no levanta: pobre empate en Venezuela y complicado en la Sudamericana<\/h3>\n<\/p>\n<\/section>\n<\/div>\n<div id=\"element-body-12\" class=\"sc-a7166897-0 eoLsBE\" readability=\"31\">\n<section readability=\"2\"><picture><img alt=\"El uno por uno del empate de Racing ante Caracas por la Copa Sudamericana\" loading=\"lazy\" width=\"290\" height=\"290\" decoding=\"async\" data-nimg=\"1\" src=\"http:\/\/hoycordobaweb.com\/wp-content\/uploads\/2026\/04\/despues-de-la-roja-contra-river-le-bajaron-la-sancion-a-rojo-y-esta-disponible-para-jugar-con-huracan-4.jpg\"><\/picture>\n<p><span>Mir\u00e1 tambi\u00e9n<\/span><\/p>\n<hr>\n<h3>El uno por uno del empate de Racing ante Caracas por la Copa Sudamericana<\/h3>\n<\/p>\n<\/section>\n<\/div>\n<div id=\"element-body-13\" class=\"sc-a7166897-0 eoLsBE\" readability=\"31\">\n<section readability=\"2\"><picture><img alt=\"Costas fue al hueso luego del empate con Caracas: &quot;En el f\u00fatbol hay que ganar&quot;\" loading=\"lazy\" width=\"290\" height=\"290\" decoding=\"async\" data-nimg=\"1\" src=\"http:\/\/hoycordobaweb.com\/wp-content\/uploads\/2026\/04\/despues-de-la-roja-contra-river-le-bajaron-la-sancion-a-rojo-y-esta-disponible-para-jugar-con-huracan-5.jpg\"><\/picture>\n<p><span>Mir\u00e1 tambi\u00e9n<\/span><\/p>\n<hr>\n<h3>Costas fue al hueso luego del empate con Caracas: \u00abEn el f\u00fatbol hay que ganar\u00bb<\/h3>\n<\/p>\n<\/section>\n<\/div>\n<\/div>\n","protected":false},"excerpt":{"rendered":"<p>29\/04\/2026 22:45hs. Despu\u00e9s del empate de visitante ante Caracas por Sudamericana, con gusto a poco, Racing ya se enfoca en lo que ser\u00e1 una verdadera final contra Hurac\u00e1n por el acceso a los playoffs del Apertura. Ser\u00e1 el domingo a las 16 en Avellaneda. Y de cara a ese duelo, Gustavo Costas podr\u00e1 contar con [&hellip;]<\/p>\n","protected":false},"author":1,"featured_media":135868,"comment_status":"open","ping_status":"closed","sticky":false,"template":"","format":"standard","meta":[],"categories":[16],"tags":[],"_links":{"self":[{"href":"http:\/\/hoycordobaweb.com\/index.php\/wp-json\/wp\/v2\/posts\/135867"}],"collection":[{"href":"http:\/\/hoycordobaweb.com\/index.php\/wp-json\/wp\/v2\/posts"}],"about":[{"href":"http:\/\/hoycordobaweb.com\/index.php\/wp-json\/wp\/v2\/types\/post"}],"author":[{"embeddable":true,"href":"http:\/\/hoycordobaweb.com\/index.php\/wp-json\/wp\/v2\/users\/1"}],"replies":[{"embeddable":true,"href":"http:\/\/hoycordobaweb.com\/index.php\/wp-json\/wp\/v2\/comments?post=135867"}],"version-history":[{"count":0,"href":"http:\/\/hoycordobaweb.com\/index.php\/wp-json\/wp\/v2\/posts\/135867\/revisions"}],"wp:featuredmedia":[{"embeddable":true,"href":"http:\/\/hoycordobaweb.com\/index.php\/wp-json\/wp\/v2\/media\/135868"}],"wp:attachment":[{"href":"http:\/\/hoycordobaweb.com\/index.php\/wp-json\/wp\/v2\/media?parent=135867"}],"wp:term":[{"taxonomy":"category","embeddable":true,"href":"http:\/\/hoycordobaweb.com\/index.php\/wp-json\/wp\/v2\/categories?post=135867"},{"taxonomy":"post_tag","embeddable":true,"href":"http:\/\/hoycordobaweb.com\/index.php\/wp-json\/wp\/v2\/tags?post=135867"}],"curies":[{"name":"wp","href":"https:\/\/api.w.org\/{rel}","templated":true}]}}