{"id":135860,"date":"2026-04-28T14:52:51","date_gmt":"2026-04-28T14:52:51","guid":{"rendered":"https:\/\/ladecimaweb.com\/?p=34113"},"modified":"2026-04-28T14:52:51","modified_gmt":"2026-04-28T14:52:51","slug":"este-jueves-30-cobraran-jubilados-y-comenzara-el-pago-de-haberes-en-la-provincia","status":"publish","type":"post","link":"http:\/\/hoycordobaweb.com\/index.php\/2026\/04\/28\/este-jueves-30-cobraran-jubilados-y-comenzara-el-pago-de-haberes-en-la-provincia\/","title":{"rendered":"Este jueves 30 cobrar\u00e1n jubilados y comenzar\u00e1 el pago de haberes en la Provincia"},"content":{"rendered":"<div class=\"boldgrid-section\">\n<div class=\"container\">\n<div class=\"row\">\n<div class=\"col-lg-12 col-md-12 col-xs-12 col-sm-12\">\n<p class=\" eplus-wrapper\">El Gobierno de C\u00f3rdoba, a trav\u00e9s de la Secretar\u00eda General de la Gobernaci\u00f3n, informa el cronograma de pagos correspondiente a abril, para jubilados y pensionados provinciales y empleados activos de la Administraci\u00f3n P\u00fablica Provincial.<\/p>\n<p class=\" eplus-wrapper\"><strong>Cronograma<\/strong><\/p>\n<p class=\" eplus-wrapper\"><strong>1er. Turno: Jueves, 30 de Abril 2026<\/strong><\/p>\n<ul class=\" wp-block-list eplus-wrapper eplus-styles-uid-448139\">\n<li class=\" eplus-wrapper\">Jubilados y pensionados provinciales.<\/li>\n<li class=\" eplus-wrapper\">Polic\u00eda de la Provincia de Cba.<\/li>\n<li class=\" eplus-wrapper\">Fuerza Policial Antinarcotr\u00e1fico<\/li>\n<li class=\" eplus-wrapper\">Servicio Penitenciario<\/li>\n<\/ul>\n<p class=\" eplus-wrapper\"><strong>2do. Turno: Lunes, 4 de Mayo 2026<\/strong><\/p>\n<ul class=\" wp-block-list eplus-wrapper eplus-styles-uid-a30837\">\n<li class=\" eplus-wrapper\"><strong>Ministerio de Salud<\/strong><\/li>\n<li class=\" eplus-wrapper\"><strong>Min. de Educaci\u00f3n: \u00c1rea Central, Nivel Inicial y Nivel Primario<\/strong><\/li>\n<li class=\" eplus-wrapper\"><strong>Min. de Educaci\u00f3n: Nivel Secundario y Resto de Niveles<\/strong><\/li>\n<li class=\" eplus-wrapper\"><strong>Personal Docente Univ. Provincial de C\u00f3rdoba<\/strong><\/li>\n<\/ul>\n<p class=\" eplus-wrapper\"><strong>3er. Turno: Martes, 5 de Mayo 2026<\/strong><\/p>\n<ul class=\"wp-block-list eplus-wrapper eplus-styles-uid-984461\">\n<li class=\" eplus-wrapper\">Min. de Educaci\u00f3n: DGIPE *<\/li>\n<li class=\" eplus-wrapper\">Escalaf\u00f3n General Tramo Ejecuci\u00f3n<\/li>\n<li class=\" eplus-wrapper\">Contratados Servicio\/Nivel<\/li>\n<li class=\" eplus-wrapper\">Contratados Tribunal de Cuentas<\/li>\n<li class=\" eplus-wrapper\">Escalaf\u00f3n Salud (no pertenecientes al Min. de Salud)<\/li>\n<li class=\" eplus-wrapper\">Escalaf\u00f3n Docente (no pertenecientes al Min. Educaci\u00f3n)<\/li>\n<li class=\" eplus-wrapper\">Personal Poder Judicial<\/li>\n<li class=\" eplus-wrapper\">Personal Poder Legislativo<\/li>\n<li class=\" eplus-wrapper\">Personal Defensor\u00eda del Pueblo<\/li>\n<li class=\" eplus-wrapper\">Personal Defensor\u00eda de los Derechos de los Ni\u00f1as, Ni\u00f1os y Adolesc.<\/li>\n<li class=\" eplus-wrapper\">Escalaf\u00f3n General Tramo Superior<\/li>\n<li class=\" eplus-wrapper\">Escalaf\u00f3n Vialidad<\/li>\n<li class=\" eplus-wrapper\">Escalaf\u00f3n M\u00fasicos<\/li>\n<li class=\" eplus-wrapper\">Escalaf\u00f3n Cuerpo Art\u00edstico<\/li>\n<li class=\" eplus-wrapper\">Escalaf\u00f3n Gr\u00e1ficos<\/li>\n<li class=\" eplus-wrapper\">Escalaf\u00f3n Cient\u00edfico y Tecnol\u00f3gico<\/li>\n<li class=\" eplus-wrapper\">Escalaf\u00f3n Bancarios<\/li>\n<li class=\" eplus-wrapper\">Escalaf\u00f3n Aeron\u00e1uticos<\/li>\n<li class=\" eplus-wrapper\">Inteligencia Fiscal<\/li>\n<\/ul>\n<p class=\"eplus-wrapper\"><strong>4to. Turno: Mi\u00e9rcoles, 6 de Mayo 2026<\/strong><\/p>\n<ul class=\"wp-block-list eplus-wrapper eplus-styles-uid-36405c\">\n<li class=\" eplus-wrapper\">APROSS: Adm. Prov. del Seg. de Salud<\/li>\n<li class=\" eplus-wrapper\">Caja de Jubilaciones Pcia. de Cba.<\/li>\n<li class=\" eplus-wrapper\">Autoridades Superiores y Personal de Gabinete del Poder Ejecutivo<\/li>\n<li class=\" eplus-wrapper\">Autoridades Poder Legislativo<\/li>\n<li class=\" eplus-wrapper\">Autoridades Defensor\u00eda del Pueblo<\/li>\n<li class=\" eplus-wrapper\">Autoridades Defensor\u00eda de los Derechos de los Ni\u00f1as, Ni\u00f1os y Adolesc.<\/li>\n<li class=\" eplus-wrapper\">Autoridades Tribunal de Cuentas<\/li>\n<li class=\" eplus-wrapper\">Magistrados y Funcionarios Judiciales<\/li>\n<li class=\" eplus-wrapper\">Autoridades Universidad Provincial<\/li>\n<\/ul>\n<p>&nbsp;<\/p>\n<div class=\"ubm_banner\"><a href=\"https:\/\/www.facebook.com\/share\/12F68yg5H3H\/\" target=\"_self\" rel=\"dofollow noopener noreferrer\"><img decoding=\"async\" src=\"http:\/\/hoycordobaweb.com\/wp-content\/uploads\/2026\/04\/este-jueves-30-cobraran-jubilados-y-comenzara-el-pago-de-haberes-en-la-provincia.gif\" alt=\"\"><\/a><\/div>\n<\/div>\n<\/div>\n<\/div>\n<\/div>\n<p>La entrada <a href=\"https:\/\/ladecimaweb.com\/este-jueves-30-cobraran-jubilados-y-comenzara-el-pago-de-haberes-en-la-provincia\/\">Este jueves 30 cobrar\u00e1n jubilados y comenzar\u00e1 el pago de haberes en la Provincia<\/a> se public\u00f3 primero en <a href=\"https:\/\/ladecimaweb.com\">LaDecima<\/a>.<\/p>\n","protected":false},"excerpt":{"rendered":"<p>El Gobierno de C\u00f3rdoba, a trav\u00e9s de la Secretar\u00eda General de la Gobernaci\u00f3n, informa el cronograma de pagos correspondiente a abril, para jubilados y pensionados provinciales y empleados activos de la Administraci\u00f3n P\u00fablica Provincial. Cronograma 1er. Turno: Jueves, 30 de Abril 2026 Jubilados y pensionados provinciales. Polic\u00eda de la Provincia de Cba. Fuerza Policial Antinarcotr\u00e1fico [&hellip;]<\/p>\n","protected":false},"author":1,"featured_media":0,"comment_status":"closed","ping_status":"closed","sticky":false,"template":"","format":"standard","meta":[],"categories":[32],"tags":[],"_links":{"self":[{"href":"http:\/\/hoycordobaweb.com\/index.php\/wp-json\/wp\/v2\/posts\/135860"}],"collection":[{"href":"http:\/\/hoycordobaweb.com\/index.php\/wp-json\/wp\/v2\/posts"}],"about":[{"href":"http:\/\/hoycordobaweb.com\/index.php\/wp-json\/wp\/v2\/types\/post"}],"author":[{"embeddable":true,"href":"http:\/\/hoycordobaweb.com\/index.php\/wp-json\/wp\/v2\/users\/1"}],"replies":[{"embeddable":true,"href":"http:\/\/hoycordobaweb.com\/index.php\/wp-json\/wp\/v2\/comments?post=135860"}],"version-history":[{"count":0,"href":"http:\/\/hoycordobaweb.com\/index.php\/wp-json\/wp\/v2\/posts\/135860\/revisions"}],"wp:attachment":[{"href":"http:\/\/hoycordobaweb.com\/index.php\/wp-json\/wp\/v2\/media?parent=135860"}],"wp:term":[{"taxonomy":"category","embeddable":true,"href":"http:\/\/hoycordobaweb.com\/index.php\/wp-json\/wp\/v2\/categories?post=135860"},{"taxonomy":"post_tag","embeddable":true,"href":"http:\/\/hoycordobaweb.com\/index.php\/wp-json\/wp\/v2\/tags?post=135860"}],"curies":[{"name":"wp","href":"https:\/\/api.w.org\/{rel}","templated":true}]}}