{"id":135851,"date":"2026-04-29T18:30:27","date_gmt":"2026-04-29T18:30:27","guid":{"rendered":"https:\/\/www.espinof.com\/otros\/cinepolis-anuncia-proyecciones-tematicas-mexico-diablo-viste-a-moda-2-menu-aprobado-mismisima-miranda-priestly"},"modified":"2026-04-29T18:30:27","modified_gmt":"2026-04-29T18:30:27","slug":"cinepolis-anuncia-proyecciones-tematicas-en-mexico-de-el-diablo-viste-a-la-moda-2-con-un-menu-aprobado-por-la-mismisima-miranda-priestly","status":"publish","type":"post","link":"http:\/\/hoycordobaweb.com\/index.php\/2026\/04\/29\/cinepolis-anuncia-proyecciones-tematicas-en-mexico-de-el-diablo-viste-a-la-moda-2-con-un-menu-aprobado-por-la-mismisima-miranda-priestly\/","title":{"rendered":"Cin\u00e9polis anuncia proyecciones tem\u00e1ticas en M\u00e9xico de &#8216;El diablo viste a la Moda 2&#8217; con un men\u00fa aprobado por la mism\u00edsima Miranda Priestly"},"content":{"rendered":"<p>M\u00e9xico es, estad\u00edsticamente, uno de los pa\u00edses en los que <a rel=\"noopener, noreferrer\" href=\"https:\/\/www.eleconomista.com.mx\/arteseideas\/Mexico-ama-el-cine-es-el-cuarto-pais-con-la-mayor-audiencia-a-las-salas-20231214-0048.html\">su poblaci\u00f3n va m\u00e1s al cine que cualquier otro<\/a>, y eso queda de manifiesto en fen\u00f3menos que van m\u00e1s all\u00e1 de la recaudaci\u00f3n de taquilla y las premieres mundiales: se nota incluso en c\u00f3mo las cadenas quieren ganarse a ese consumidor que busca algo m\u00e1s all\u00e1 de sentarse por dos horas frente a la pantalla, <strong>y Cin\u00e9polis lo ha entendido a la perfecci\u00f3n<\/strong>.<\/p>\n<p><!-- BREAK 1 --> <\/p>\n<p>Como parte del estreno de &#8216;El diablo viste a la moda 2&#8217;, una de las m\u00e1s importantes cadenas de cines del pa\u00eds ha decidido ofrecer una experiencia culinaria en algunas de sus salas: se trata de <strong>una proyecci\u00f3n tem\u00e1tica con un men\u00fa especial<\/strong> aprobado por la mism\u00edsima directora de Runway.<\/p>\n<p><!-- BREAK 2 --><\/p>\n<div class=\"article-asset article-asset-normal article-asset-center\">\n<div class=\"desvio-container\">\n<div class=\"desvio\">\n<div class=\"desvio-figure js-desvio-figure\"> <a href=\"https:\/\/www.espinof.com\/estrenos\/publico-dicta-sentencia-michael-afirma-que-pelicula-jaafar-jackson-no-mejor-biopic-musical-ano-hay-otro-que-supera\" class=\"pivot-outboundlink\" data-vars-post-title=\"El p\u00fablico dicta sentencia sobre 'Michael' y afirma que la pel\u00edcula con Jaafar Jackson no es el mejor biopic musical del a\u00f1o. Hay otro que la supera\"> <img loading=\"lazy\" alt=\"El p\u00fablico dicta sentencia sobre 'Michael' y afirma que la pel\u00edcula con Jaafar Jackson no es el mejor biopic musical del a\u00f1o. Hay otro que la supera\" width=\"375\" height=\"142\" src=\"http:\/\/hoycordobaweb.com\/wp-content\/uploads\/2026\/04\/cinepolis-anuncia-proyecciones-tematicas-en-mexico-de-el-diablo-viste-a-la-moda-2-con-un-menu-aprobado-por-la-mismisima-miranda-priestly.jpg\"> <\/a> <\/div><\/div><\/div>\n<\/div>\n<p>Si pensabas que esta era una cena cualquiera, no puedes estar m\u00e1s equivocado, ya que cada uno de los platillos y bebidas <strong>son una referencia directa<\/strong> a escenas de &#8216;El diablo viste a la moda&#8217;, y que ahora, 20 a\u00f1os despu\u00e9s, complementan la experiencia <strong>del regreso de Andy Sachs a las pantallas de cine<\/strong>.<\/p>\n<p><!-- BREAK 3 --> <\/p>\n<p>El men\u00fa incluye el Bagel de Andy: jam\u00f3n de pavo, queso manchego derretido (en la pel\u00edcula eran 8 d\u00f3lares de queso jarlsberg, pero no nos podemos quejar) y salami, acompa\u00f1ado de papas twister crujientes. Tambi\u00e9n incluye <strong>u<\/strong><strong>n waffle crujiente con nutella y crema batida<\/strong>, una bebida con alcohol de jamaica y chile en polvo.<\/p>\n<div class=\"article-asset-image article-asset-normal article-asset-center\">\n<div class=\"asset-content\"> <img class=\"centro_sinmarco\" height=\"1022\" width=\"720\" loading=\"lazy\" decoding=\"async\" sizes=\"100vw\" fetchpriority=\"high\" srcset=\"http:\/\/hoycordobaweb.com\/wp-content\/uploads\/2026\/04\/cinepolis-anuncia-proyecciones-tematicas-en-mexico-de-el-diablo-viste-a-la-moda-2-con-un-menu-aprobado-por-la-mismisima-miranda-priestly-1.jpg 450w, http:\/\/hoycordobaweb.com\/wp-content\/uploads\/2026\/04\/cinepolis-anuncia-proyecciones-tematicas-en-mexico-de-el-diablo-viste-a-la-moda-2-con-un-menu-aprobado-por-la-mismisima-miranda-priestly-3.jpg 681w, http:\/\/hoycordobaweb.com\/wp-content\/uploads\/2026\/04\/cinepolis-anuncia-proyecciones-tematicas-en-mexico-de-el-diablo-viste-a-la-moda-2-con-un-menu-aprobado-por-la-mismisima-miranda-priestly-4.jpg 1024w, http:\/\/hoycordobaweb.com\/wp-content\/uploads\/2026\/04\/cinepolis-anuncia-proyecciones-tematicas-en-mexico-de-el-diablo-viste-a-la-moda-2-con-un-menu-aprobado-por-la-mismisima-miranda-priestly-5.jpg 1366w\" src=\"http:\/\/hoycordobaweb.com\/wp-content\/uploads\/2026\/04\/cinepolis-anuncia-proyecciones-tematicas-en-mexico-de-el-diablo-viste-a-la-moda-2-con-un-menu-aprobado-por-la-mismisima-miranda-priestly-1.jpg\" alt=\"Cinepolis Anuncia Proyecciones Tematicas En Mexico De El Diablo Viste A La Moda 2 Con Un Menu Aprobado Por La Mismisima Miranda Priestly\"> <noscript><img alt=\"Cinepolis Anuncia Proyecciones Tematicas En Mexico De El Diablo Viste A La Moda 2 Con Un Menu Aprobado Por La Mismisima Miranda Priestly\" class=\"centro_sinmarco\" src=\"http:\/\/hoycordobaweb.com\/wp-content\/uploads\/2026\/04\/cinepolis-anuncia-proyecciones-tematicas-en-mexico-de-el-diablo-viste-a-la-moda-2-con-un-menu-aprobado-por-la-mismisima-miranda-priestly-1.jpg\"><\/noscript> <\/div>\n<\/div>\n<p>Por si fuera poco, tambi\u00e9n incluye una margarita con mezcla de lim\u00f3n, tequila y un toque c\u00edtrico refrescante, y para el recuerdo, <strong>una Coca-Cola Edici\u00f3n Especial<\/strong> con una lata conmemorativa.<\/p>\n<p><!-- BREAK 4 --><\/p>\n<h3>\u00bfD\u00f3nde estar\u00e1 disponible el men\u00fa tem\u00e1tico?<\/h3>\n<p>A diferencia de los combos tradicionales de dulcer\u00eda, el Men\u00fa Tem\u00e1tico es una experiencia de <strong>cupo limitado<\/strong> disponible en aproximadamente 30 complejos <strong>VIP<\/strong> a nivel nacional. Los principales son:<\/p>\n<ul>\n<li><strong>CDMX:<\/strong> VIP M\u00edtikah, VIP Miyana, VIP Samara, VIP Universidad y VIP Paseo Arcos Bosques.<\/li>\n<li><strong>Estado de M\u00e9xico:<\/strong> VIP Plaza Sat\u00e9lite, VIP Sentura Tlalnepantla y VIP Ecatepec.<\/li>\n<li><strong>Guadalajara \/ Zapopan:<\/strong> VIP Midtown, VIP Galer\u00edas Guadalajara, VIP La Gran Plaza y VIP La Perla.<\/li>\n<li><strong>Monterrey:<\/strong> VIP Galer\u00edas Monterrey y VIP Paseo La Fe.<\/li>\n<li><strong>Otras ciudades:<\/strong> Sedes VIP seleccionadas en Quer\u00e9taro (Antea), Puebla (Angel\u00f3polis) y M\u00e9rida (La Isla).<\/li>\n<\/ul>\n<p>La experiencia del men\u00fa tem\u00e1tico estar\u00e1 disponible s\u00f3lo los d\u00edas 29 y 30 de abril en las salas seleccionadas, tendr\u00e1 un precio aproximado <a rel=\"noopener, noreferrer\" href=\"https:\/\/cinepolis.com\/mx\/horarios?country=mx&amp;cinema=cinepolis-vip-mitikah-cdmx%2Ccinepolis-vip-universidad-cdmx&amp;movie=menu-tematico-el-diablo-viste-a-la-moda&amp;session=33171&amp;selected=cinepolis-vip-mitikah-cdmx\">de 749 pesos<\/a> y, por cuestiones de log\u00edstica para el acceso (y porque Miranda lo dice) no habr\u00e1 cambios en los ingredientes o alimentos del men\u00fa.<\/p>\n<p>Fotos de <a rel=\"noopener, noreferrer\" href=\"https:\/\/www.hulu.com\/hub\/comedy\/collections\/5293\">Hulu<\/a> | <a rel=\"noopener, noreferrer\" href=\"https:\/\/www.facebook.com\/photo.php?fbid=1276320558005034&amp;set=pb.100068813053916.-2207520000&amp;type=3&amp;locale=es_LA\">Cin\u00e9polis<\/a><\/p>\n<p>En Espinof | <a class=\"text-outboundlink\" href=\"https:\/\/www.espinof.com\/actores-y-actrices\/actores-malcolm-reese-francis-eligen-sus-escenas-favoritas-serie-revelan-donde-esta-su-publico-fiel-audiencia-numero-1\" data-vars-post-title=\"Los actores de Malcolm, Reese y Francis eligen sus escenas favoritas de la serie y revelan d\u00f3nde est\u00e1 su p\u00fablico m\u00e1s fiel: &quot;Es la audiencia n\u00famero 1&quot;\" data-vars-post-url=\"https:\/\/www.espinof.com\/actores-y-actrices\/actores-malcolm-reese-francis-eligen-sus-escenas-favoritas-serie-revelan-donde-esta-su-publico-fiel-audiencia-numero-1\">Los actores de Malcolm, Reese y Francis eligen sus escenas favoritas de la serie y revelan d\u00f3nde est\u00e1 su p\u00fablico m\u00e1s fiel: \u00abEs la audiencia n\u00famero 1\u00bb<\/a><\/p>\n<p><!-- BREAK 5 --><\/p>\n<p>En Espinof | <a class=\"text-outboundlink\" href=\"https:\/\/www.espinof.com\/actores-y-actrices\/actriz-mexicana-sandra-echevarria-demando-a-metaexchange-fraude-ahora-demandan-a-ella-sus-acciones-cruzaron-linea-legal\" data-vars-post-title=\"La actriz mexicana Sandra Echevarr\u00eda demand\u00f3 a Metaexchange por fraude. Ahora la demandan a ella: &quot;Sus acciones cruzaron la l\u00ednea legal&quot; \" data-vars-post-url=\"https:\/\/www.espinof.com\/actores-y-actrices\/actriz-mexicana-sandra-echevarria-demando-a-metaexchange-fraude-ahora-demandan-a-ella-sus-acciones-cruzaron-linea-legal\">La actriz mexicana Sandra Echevarr\u00eda demand\u00f3 a Metaexchange por fraude. Ahora la demandan a ella: \u00abSus acciones cruzaron la l\u00ednea legal\u00bb<\/a><\/p>\n","protected":false},"excerpt":{"rendered":"<p>M\u00e9xico es, estad\u00edsticamente, uno de los pa\u00edses en los que su poblaci\u00f3n va m\u00e1s al cine que cualquier otro, y eso queda de manifiesto en fen\u00f3menos que van m\u00e1s all\u00e1 de la recaudaci\u00f3n de taquilla y las premieres mundiales: se nota incluso en c\u00f3mo las cadenas quieren ganarse a ese consumidor que busca algo m\u00e1s [&hellip;]<\/p>\n","protected":false},"author":1,"featured_media":135852,"comment_status":"open","ping_status":"closed","sticky":false,"template":"","format":"standard","meta":[],"categories":[10],"tags":[],"_links":{"self":[{"href":"http:\/\/hoycordobaweb.com\/index.php\/wp-json\/wp\/v2\/posts\/135851"}],"collection":[{"href":"http:\/\/hoycordobaweb.com\/index.php\/wp-json\/wp\/v2\/posts"}],"about":[{"href":"http:\/\/hoycordobaweb.com\/index.php\/wp-json\/wp\/v2\/types\/post"}],"author":[{"embeddable":true,"href":"http:\/\/hoycordobaweb.com\/index.php\/wp-json\/wp\/v2\/users\/1"}],"replies":[{"embeddable":true,"href":"http:\/\/hoycordobaweb.com\/index.php\/wp-json\/wp\/v2\/comments?post=135851"}],"version-history":[{"count":0,"href":"http:\/\/hoycordobaweb.com\/index.php\/wp-json\/wp\/v2\/posts\/135851\/revisions"}],"wp:featuredmedia":[{"embeddable":true,"href":"http:\/\/hoycordobaweb.com\/index.php\/wp-json\/wp\/v2\/media\/135852"}],"wp:attachment":[{"href":"http:\/\/hoycordobaweb.com\/index.php\/wp-json\/wp\/v2\/media?parent=135851"}],"wp:term":[{"taxonomy":"category","embeddable":true,"href":"http:\/\/hoycordobaweb.com\/index.php\/wp-json\/wp\/v2\/categories?post=135851"},{"taxonomy":"post_tag","embeddable":true,"href":"http:\/\/hoycordobaweb.com\/index.php\/wp-json\/wp\/v2\/tags?post=135851"}],"curies":[{"name":"wp","href":"https:\/\/api.w.org\/{rel}","templated":true}]}}