{"id":135847,"date":"2026-04-29T07:01:52","date_gmt":"2026-04-29T07:01:52","guid":{"rendered":"https:\/\/www.trendencias.com\/silver\/expertos-nutricion-longevidad-coinciden-levantarse-desayunar-al-momento-esta-mal-no-buena-idea"},"modified":"2026-04-29T07:01:52","modified_gmt":"2026-04-29T07:01:52","slug":"los-expertos-en-nutricion-y-longevidad-coinciden-levantarse-y-desayunar-al-momento-esta-mal-y-no-es-buena-idea","status":"publish","type":"post","link":"http:\/\/hoycordobaweb.com\/index.php\/2026\/04\/29\/los-expertos-en-nutricion-y-longevidad-coinciden-levantarse-y-desayunar-al-momento-esta-mal-y-no-es-buena-idea\/","title":{"rendered":"Los expertos en nutrici\u00f3n y longevidad coinciden: \u00abLevantarse y desayunar al momento est\u00e1 mal, y no es buena idea\u00bb"},"content":{"rendered":"<p>Durante a\u00f1os, el desayuno ha cargado con el peso de ser <a class=\"text-outboundlink\" href=\"https:\/\/www.trendencias.com\/silver\/desmontando-mito-que-desayuno-comida-importante-dia-que-punto-saludable-expertos-longevidad\" data-vars-post-title=\"Desayunar o hacer ayuno intermitente, he ah\u00ed el dilema (y ni siquiera los expertos no se ponen de acuerdo)\" data-vars-post-url=\"https:\/\/www.trendencias.com\/silver\/desmontando-mito-que-desayuno-comida-importante-dia-que-punto-saludable-expertos-longevidad\">la comida m\u00e1s importante del d\u00eda<\/a>, un eslogan que las empresas de cereales contribuyeron a instalar en el imaginario colectivo con bastante eficacia. La realidad, seg\u00fan los expertos en longevidad y nutrici\u00f3n, es algo m\u00e1s matizada. <strong>No se trata solo de qu\u00e9 comes por la ma\u00f1ana, sino de cu\u00e1ndo lo haces<\/strong>.<\/p>\n<p><!-- BREAK 1 --> <\/p>\n<p>El neuroinmun\u00f3logo y divulgador <strong>Xevi Verdaguer<\/strong> es una de las voces que se ha posicionado en contra de desayunar nada m\u00e1s levantarse de la cama, tal y como explic\u00f3 durante su aparici\u00f3n en el <em>B3tter podcast<\/em>: \u00abLevantarse y desayunar al momento est\u00e1 mal, y no es buena idea\u00bb.&nbsp;<\/p>\n<p><!-- BREAK 2 --><\/p>\n<p>Seg\u00fan explic\u00f3, existe un proceso fisiol\u00f3gico concreto que justifica esperar: \u00abHay que levantarse y esperar a que el hipot\u00e1lamo env\u00ede la se\u00f1al a los genes clock, que activan la digesti\u00f3n 1 hora y 23 minutos despu\u00e9s\u00bb. De ah\u00ed que, seg\u00fan Verdaguer, <strong>la falta de apetito al despertar no sea una se\u00f1al de que algo falla<\/strong>, sino todo lo contrario: \u00abSi te levantas a las 8, ya ver\u00e1s que no tienes hambre hasta las 9:20 o 9:30\u00bb.&nbsp;<\/p>\n<p><!-- BREAK 3 --> <\/p>\n<div class=\"article-asset-tiktok article-asset-normal\">\n<div class=\"asset-content\">\n<blockquote class=\"tiktok-embed\" cite=\"https:\/\/www.tiktok.com\/@b3tterpodcast\/video\/7607915480879238422\" data-video-id=\"7607915480879238422\" data-embed-from=\"oembed\" readability=\"2.5762711864407\">\n<section readability=\"1.2881355932203\"> <a target=\"_blank\" title=\"@b3tterpodcast\" href=\"https:\/\/www.tiktok.com\/@b3tterpodcast?refer=embed\" rel=\"noopener noreferrer\">@b3tterpodcast<\/a> <\/p>\n<p>Si no haces esta rutina por la ma\u00f1ana estas cometiendo un grave error\ud83e\udd2f<\/p>\n<p> <a target=\"_blank\" title=\"\u266c sonido original - B3TTER\" href=\"https:\/\/www.tiktok.com\/music\/sonido-original-7607915490580777731?refer=embed\" rel=\"noopener noreferrer\">\u266c sonido original &#8211; B3TTER<\/a> <\/section>\n<\/blockquote><\/div>\n<\/div>\n<h2>Retrasar el desayuno da al intestino m\u00e1s descanso<\/h2>\n<p>No es el \u00fanico que lo ve as\u00ed. Rupy Aujla, m\u00e9dico especializado en nutrici\u00f3n y autor de <a rel=\"noopener, noreferrer\" href=\"https:\/\/www.thedoctorskitchen.com\/\">The Doctor&#8217;s Kitchen<\/a>, explica en la edici\u00f3n brit\u00e1nica de la <a rel=\"noopener, noreferrer\" href=\"https:\/\/www.gq-magazine.co.uk\/article\/best-time-to-eat-breakfast-longevity-2026\">revista GQ<\/a> que retrasar el desayuno \u00abda a tu intestino un poco m\u00e1s de descanso\u00bb y ampl\u00eda la ventana de ayuno nocturno. Lo que defiende es la alimentaci\u00f3n restringida en el tiempo, conocida como TRE por sus siglas en ingl\u00e9s: mantener al menos 12 horas entre la \u00faltima comida del d\u00eda y la primera del siguiente.&nbsp;<\/p>\n<p><!-- BREAK 4 --><\/p>\n<p>Bajo ese esquema, el cuerpo quema grasa en lugar de carbohidratos, lo que se asocia a una mejor salud metab\u00f3lica. Aujla, por su parte, <strong>no come antes de las nueve o las diez de la ma\u00f1ana, y al levantarse prioriza la hidrataci\u00f3n<\/strong>, a\u00f1adiendo un poco de sal al agua porque, seg\u00fan explica, el ri\u00f1\u00f3n \u00abha estado haciendo horas extras\u00bb durante la noche.&nbsp;<\/p>\n<div class=\"article-asset-image article-asset-normal article-asset-center\">\n<div class=\"asset-content\"> <img class=\"centro_sinmarco\" height=\"1800\" width=\"1200\" loading=\"lazy\" decoding=\"async\" sizes=\"100vw\" fetchpriority=\"high\" srcset=\"http:\/\/hoycordobaweb.com\/wp-content\/uploads\/2026\/04\/los-expertos-en-nutricion-y-longevidad-coinciden-levantarse-y-desayunar-al-momento-esta-mal-y-no-es-buena-idea.jpg 450w, http:\/\/hoycordobaweb.com\/wp-content\/uploads\/2026\/04\/los-expertos-en-nutricion-y-longevidad-coinciden-levantarse-y-desayunar-al-momento-esta-mal-y-no-es-buena-idea-3.jpg 681w, http:\/\/hoycordobaweb.com\/wp-content\/uploads\/2026\/04\/los-expertos-en-nutricion-y-longevidad-coinciden-levantarse-y-desayunar-al-momento-esta-mal-y-no-es-buena-idea-4.jpg 1024w, http:\/\/hoycordobaweb.com\/wp-content\/uploads\/2026\/04\/los-expertos-en-nutricion-y-longevidad-coinciden-levantarse-y-desayunar-al-momento-esta-mal-y-no-es-buena-idea-5.jpg 1366w\" src=\"http:\/\/hoycordobaweb.com\/wp-content\/uploads\/2026\/04\/los-expertos-en-nutricion-y-longevidad-coinciden-levantarse-y-desayunar-al-momento-esta-mal-y-no-es-buena-idea.jpg\" alt=\"Cuando hay que desayunar\"> <noscript><img alt=\"Cuando hay que desayunar\" class=\"centro_sinmarco\" src=\"http:\/\/hoycordobaweb.com\/wp-content\/uploads\/2026\/04\/los-expertos-en-nutricion-y-longevidad-coinciden-levantarse-y-desayunar-al-momento-esta-mal-y-no-es-buena-idea.jpg\"><\/noscript> <\/div>\n<\/div>\n<p><a rel=\"noopener, noreferrer\" href=\"https:\/\/www.surrey.ac.uk\/people\/adam-collins\">Adam Collins<\/a>, profesor asociado de nutrici\u00f3n de la Universidad de Surrey, a\u00f1ade otro matiz que nos puede aclarar el motivo por el que muchas personas no sentimos hambre cuando nos despertamos. Seg\u00fan explica en esta revista, el cuerpo \u00abya ha empezado a exportar glucosa a la sangre prepar\u00e1ndose para que te despiertes. De esta manera, ya tienes algo de energ\u00eda en el organismo\u00bb.<\/p>\n<p><!-- BREAK 5 --><\/p>\n<p>Xevi Verdaguer tambi\u00e9n ofrece indicaciones sobre qu\u00e9 <strong>hacer durante ese tiempo de espera antes del desayuno<\/strong>. Recomienda \u00abandar descalzo para que la planta del pie toque fr\u00edo\u00bb y lavarse las manos y la cara con agua fr\u00eda. Incluso menciona un detalle que sorprende por lo espec\u00edfico: \u00abSe ha estudiado que si te lavas los dientes con una pasta dental con menta y eucalipto, que estimula los receptores del fr\u00edo, es sincronizador para que el resto del d\u00eda tenga energ\u00eda\u00bb.<\/p>\n<h2>Hay estudios que apuntan a lo contrario<\/h2>\n<p>Ahora bien, el debate no est\u00e1 del todo cerrado. Hay estudios que apuntan en sentido contrario. Una <a rel=\"noopener, noreferrer\" href=\"https:\/\/www.sciencedaily.com\/releases\/2023\/07\/230718105633.htm?utm_source=chatgpt.com\">investigaci\u00f3n con m\u00e1s de 100.000 participantes adultos<\/a>, encontr\u00f3 que quienes tomaban su primera comida antes de las 8:00 de la ma\u00f1ana ten\u00edan un <strong>riesgo significativamente menor de desarrollar diabetes tipo 2 <\/strong>que quienes desayunaban despu\u00e9s de las 9:00.&nbsp;<\/p>\n<p><!-- BREAK 6 --> <\/p>\n<p>Y en un <a rel=\"noopener, noreferrer\" href=\"https:\/\/www.nature.com\/articles\/s41467-023-43444-3\">estudio publicado en Nature<\/a> se sugiere que desayunar temprano y cenar antes de las ocho de la tarde se asocia a una mejor salud cardiovascular. La ciencia, en este caso, no habla con una sola voz.<\/p>\n<h2>Que hay que desayunar<\/h2>\n<p>Lo que s\u00ed parece haber m\u00e1s consenso es en lo que se debe comer, apostando por <a class=\"text-outboundlink\" href=\"https:\/\/www.trendencias.com\/silver\/soy-cardiologo-este-desayuno-facil-saludable-riquisimo-ideal-para-cuidar-tu-corazon\" data-vars-post-title=\"Soy cardi\u00f3logo y este desayuno &quot;f\u00e1cil, saludable y riqu\u00edsimo&quot; es el ideal para cuidar de tu coraz\u00f3n \" data-vars-post-url=\"https:\/\/www.trendencias.com\/silver\/soy-cardiologo-este-desayuno-facil-saludable-riquisimo-ideal-para-cuidar-tu-corazon\">desayunos saludables<\/a>. Aujla advierte del<strong> problema de los desayunos tradicionales ricos en carbohidratos<\/strong>: \u00abTe provocan un agradable pico de glucosa que alimenta tus c\u00e9lulas, y despu\u00e9s sufres el correspondiente baj\u00f3n. A media ma\u00f1ana vuelves a tener hambre y necesitas caf\u00e9 y otros estimulantes para mantenerte concentrado y en marcha hasta la hora de comer\u00bb. Su apuesta es por prote\u00ednas y fibra, que \u00abdesde el punto de vista de la longevidad\u00bb son los nutrientes que m\u00e1s se descuidan por la ma\u00f1ana.<\/p>\n<p><!-- BREAK 7 --><\/p>\n<div class=\"article-asset-image article-asset-normal article-asset-center\">\n<div class=\"asset-content\"> <img class=\"centro_sinmarco\" height=\"900\" width=\"1348\" loading=\"lazy\" decoding=\"async\" sizes=\"100vw\" fetchpriority=\"high\" srcset=\"http:\/\/hoycordobaweb.com\/wp-content\/uploads\/2026\/04\/los-expertos-en-nutricion-y-longevidad-coinciden-levantarse-y-desayunar-al-momento-esta-mal-y-no-es-buena-idea-1.jpg 450w, http:\/\/hoycordobaweb.com\/wp-content\/uploads\/2026\/04\/los-expertos-en-nutricion-y-longevidad-coinciden-levantarse-y-desayunar-al-momento-esta-mal-y-no-es-buena-idea-6.jpg 681w, http:\/\/hoycordobaweb.com\/wp-content\/uploads\/2026\/04\/los-expertos-en-nutricion-y-longevidad-coinciden-levantarse-y-desayunar-al-momento-esta-mal-y-no-es-buena-idea-7.jpg 1024w, http:\/\/hoycordobaweb.com\/wp-content\/uploads\/2026\/04\/los-expertos-en-nutricion-y-longevidad-coinciden-levantarse-y-desayunar-al-momento-esta-mal-y-no-es-buena-idea-8.jpg 1366w\" src=\"http:\/\/hoycordobaweb.com\/wp-content\/uploads\/2026\/04\/los-expertos-en-nutricion-y-longevidad-coinciden-levantarse-y-desayunar-al-momento-esta-mal-y-no-es-buena-idea-1.jpg\" alt=\"Desayuno saludable\"> <noscript><img alt=\"Desayuno saludable\" class=\"centro_sinmarco\" src=\"http:\/\/hoycordobaweb.com\/wp-content\/uploads\/2026\/04\/los-expertos-en-nutricion-y-longevidad-coinciden-levantarse-y-desayunar-al-momento-esta-mal-y-no-es-buena-idea-1.jpg\"><\/noscript> <\/div>\n<\/div>\n<p>En la pr\u00e1ctica, su desayuno entre semana es una <strong>mezcla de avena con semillas de linaza, ch\u00eda y c\u00e1\u00f1amo<\/strong>, manzana rallada, semillas de calabaza y prote\u00edna en polvo. Cuando tiene m\u00e1s tiempo, opta por huevos revueltos, tofu o shakshuka con lentejas y aguacate. Y tiene una reflexi\u00f3n que da que pensar: \u00abLa mayor parte de nuestra comida de desayuno es contraria a lo que habr\u00edamos consumido como cazadores-recolectores: comer\u00edamos alimentos salados todo el tiempo\u00bb.<\/p>\n<p><!-- BREAK 8 --><\/p>\n<p><a class=\"text-outboundlink\" href=\"https:\/\/www.trendencias.com\/silver\/manuel-viso-medico-desayunas-cafe-galletas-bolleria-tu-energia-se-va-a-basura-antes-11\" data-vars-post-title=\"\u201c\u00bfDesayunas caf\u00e9 con boller\u00eda? Tu energ\u00eda se desploma antes de las 11\u201d, la advertencia de un m\u00e9dico sobre los alimentos ultraprocesados\" data-vars-post-url=\"https:\/\/www.trendencias.com\/silver\/manuel-viso-medico-desayunas-cafe-galletas-bolleria-tu-energia-se-va-a-basura-antes-11\">Manuel Viso<\/a>, m\u00e9dico especialista en hematolog\u00eda y jefe de este servicio en el Hospital San Rafael de A Coru\u00f1a, tambi\u00e9n ha hablado en varias ocasiones de lo que lo <strong>perjudiciales que son ciertos desayunos<\/strong>. Seg\u00fan este experto, \u00absi desayunas un caf\u00e9 solo con galletas o boller\u00eda, tu energ\u00eda se va a la basura antes de las 11:00 horas\u00bb. Para Viso, lo que \u00abmuchas veces parece un desayuno inofensivo es, en realidad,&nbsp;<strong>una bomba de az\u00facar con escasa capacidad para mantener la saciedad\u00bb.<\/strong><\/p>\n<p>Y para quienes directamente no desayunan, Collins no lanza ninguna alarma. Existe relaci\u00f3n entre saltarse el desayuno y la obesidad, reconoce, aunque matiza que lo m\u00e1s probable es que sea porque las personas con sobrepeso intentan comer menos suprimiendo una comida, no al rev\u00e9s. Su consejo es no compensar esa ausencia comiendo en exceso a \u00faltima hora del d\u00eda.<\/p>\n<p><!-- BREAK 9 --><\/p>\n<p>Fotograf\u00edas | <a rel=\"noopener, noreferrer\" href=\"https:\/\/academiaxeviverdaguer.com\/\">Xevi Verdaguer<\/a>, <a rel=\"noopener, noreferrer\" href=\"https:\/\/www.freepik.com\/free-photo\/breakfast-bed-with-cereal-blueberries_11684424.htm#fromView=search&amp;page=1&amp;position=13&amp;uuid=aea5e2b7-1601-4c0d-9adb-9d87c646e585&amp;query=desayuno+caf%C3%A9+fruta\">Freepik<\/a>, <a rel=\"noopener, noreferrer\" href=\"https:\/\/www.freepik.com\/free-photo\/high-angle-tasty-truffle-recipe_29302104.htm#fromView=search&amp;page=1&amp;position=0&amp;uuid=00276325-5aba-45b9-accd-ad9efd390bff&amp;query=huevos+revueltos\">Freepik<\/a><\/p>\n<p>En Trendencias | <a class=\"text-outboundlink\" href=\"https:\/\/www.trendencias.com\/silver\/mayor-experto-longevidad-mundo-desvela-cuatro-alimentos-que-nunca-comeria-receta-para-fracaso\" data-vars-post-title=\"Dan Buettner, experto en longevidad: &quot;estos cuatro alimentos son la receta para el fracaso&quot;\" data-vars-post-url=\"https:\/\/www.trendencias.com\/silver\/mayor-experto-longevidad-mundo-desvela-cuatro-alimentos-que-nunca-comeria-receta-para-fracaso\">Dan Buettner, experto en longevidad: \u00abestos cuatro alimentos son la receta para el fracaso\u00bb<\/a><\/p>\n<p>En Trendencias | <a class=\"text-outboundlink\" href=\"https:\/\/www.trendencias.com\/silver\/aurelio-rojas-cardiologo-creatina-proteina-no-sirven-para-dos-interesantes-envejecimiento\" data-vars-post-title=\"Aurelio Rojas, cardi\u00f3logo: &quot;La creatina y la prote\u00edna son clave pero ning\u00fan suplemento sustituye moverte cada d\u00eda, comer alimentos reales y dormir bien&quot;\" data-vars-post-url=\"https:\/\/www.trendencias.com\/silver\/aurelio-rojas-cardiologo-creatina-proteina-no-sirven-para-dos-interesantes-envejecimiento\">Aurelio Rojas, cardi\u00f3logo: \u00abLa creatina y la prote\u00edna son clave pero ning\u00fan suplemento sustituye moverte cada d\u00eda, comer alimentos reales y dormir bien\u00bb<\/a><\/p>\n<p>En Trendencias | <a class=\"text-outboundlink\" href=\"https:\/\/www.trendencias.com\/silver\/rodrigo-arteaga-medico-experto-longevidad-comer-sardinas-dos-tres-veces-semana-mejor-que-puedes-hacer-tu-cerebro\" data-vars-post-title=\"Rodrigo Arteaga, m\u00e9dico experto en longevidad: &quot;La inflamaci\u00f3n hace que no pensemos con claridad; se normaliza por la edad, pero est\u00e1 asociado a la alimentaci\u00f3n&quot;\" data-vars-post-url=\"https:\/\/www.trendencias.com\/silver\/rodrigo-arteaga-medico-experto-longevidad-comer-sardinas-dos-tres-veces-semana-mejor-que-puedes-hacer-tu-cerebro\">Rodrigo Arteaga, m\u00e9dico experto en longevidad: \u00abLa inflamaci\u00f3n hace que no pensemos con claridad; se normaliza por la edad, pero est\u00e1 asociado a la alimentaci\u00f3n\u00bb<\/a><\/p>\n<p><!-- BREAK 10 --> <\/p>\n","protected":false},"excerpt":{"rendered":"<p>Durante a\u00f1os, el desayuno ha cargado con el peso de ser la comida m\u00e1s importante del d\u00eda, un eslogan que las empresas de cereales contribuyeron a instalar en el imaginario colectivo con bastante eficacia. La realidad, seg\u00fan los expertos en longevidad y nutrici\u00f3n, es algo m\u00e1s matizada. No se trata solo de qu\u00e9 comes por [&hellip;]<\/p>\n","protected":false},"author":1,"featured_media":135848,"comment_status":"closed","ping_status":"closed","sticky":false,"template":"","format":"standard","meta":[],"categories":[],"tags":[],"_links":{"self":[{"href":"http:\/\/hoycordobaweb.com\/index.php\/wp-json\/wp\/v2\/posts\/135847"}],"collection":[{"href":"http:\/\/hoycordobaweb.com\/index.php\/wp-json\/wp\/v2\/posts"}],"about":[{"href":"http:\/\/hoycordobaweb.com\/index.php\/wp-json\/wp\/v2\/types\/post"}],"author":[{"embeddable":true,"href":"http:\/\/hoycordobaweb.com\/index.php\/wp-json\/wp\/v2\/users\/1"}],"replies":[{"embeddable":true,"href":"http:\/\/hoycordobaweb.com\/index.php\/wp-json\/wp\/v2\/comments?post=135847"}],"version-history":[{"count":0,"href":"http:\/\/hoycordobaweb.com\/index.php\/wp-json\/wp\/v2\/posts\/135847\/revisions"}],"wp:featuredmedia":[{"embeddable":true,"href":"http:\/\/hoycordobaweb.com\/index.php\/wp-json\/wp\/v2\/media\/135848"}],"wp:attachment":[{"href":"http:\/\/hoycordobaweb.com\/index.php\/wp-json\/wp\/v2\/media?parent=135847"}],"wp:term":[{"taxonomy":"category","embeddable":true,"href":"http:\/\/hoycordobaweb.com\/index.php\/wp-json\/wp\/v2\/categories?post=135847"},{"taxonomy":"post_tag","embeddable":true,"href":"http:\/\/hoycordobaweb.com\/index.php\/wp-json\/wp\/v2\/tags?post=135847"}],"curies":[{"name":"wp","href":"https:\/\/api.w.org\/{rel}","templated":true}]}}