{"id":135843,"date":"2026-04-28T15:23:57","date_gmt":"2026-04-28T15:23:57","guid":{"rendered":"https:\/\/www.mujerhoy.com\/moda\/no-te-pierdas\/basicos-animal-print-favorecedores-20260428150025-nt.html"},"modified":"2026-04-28T15:23:57","modified_gmt":"2026-04-28T15:23:57","slug":"el-animal-print-esta-de-moda-y-estos-son-los-unicos-basicos-que-entraron-en-mi-ranking","status":"publish","type":"post","link":"http:\/\/hoycordobaweb.com\/index.php\/2026\/04\/28\/el-animal-print-esta-de-moda-y-estos-son-los-unicos-basicos-que-entraron-en-mi-ranking\/","title":{"rendered":"El animal print est\u00e1 de moda, y estos son los \u00fanicos b\u00e1sicos que entraron en mi r\u00e1nking"},"content":{"rendered":"<p><!-- AUTHOR --><\/p>\n<div class=\"voc-author-timesocial \">\n<!-- AUTHOR --><\/p>\n<div class=\"voc-author-timesocial__signature \">\n<!-- IMAGE AUTHOR -->\n<picture class=\"voc-image-signature\">\n<img class=\"voc-image-signature__img\" src=\"http:\/\/hoycordobaweb.com\/wp-content\/uploads\/2026\/04\/el-animal-print-esta-de-moda-y-estos-son-los-unicos-basicos-que-entraron-en-mi-ranking.jpg\" alt=\"Lauren Izquierdo\">\n<\/picture>\n<!-- INFO AUTHOR --> <\/div><\/div>\n<p><!-- COMPONENTS --><\/p>\n<p class=\"voc-paragraph\">Lo s\u00e9, las m\u00e1s atrevidas no est\u00e1n conectando con el <a href=\"https:\/\/www.mujerhoy.com\/moda\/no-te-pierdas\/mejores-basicos-para-chicas-minimalistas-20260418220249-nt.html\" title=\"www.mujerhoy.com\" data-voc-vtm-id=\"in-text-traffic\" data-mrf-link=\"www.mujerhoy.com\">regreso del minimalismo de los 90<\/a> que tanto est\u00e1 <strong>triunfando en redes sociales<\/strong>, gracias (en parte) a series como <a href=\"https:\/\/www.mujerhoy.com\/vivir\/ocio\/love-story-miniserie-disney-john-fitzgerald-kennedy-carolyn-bessette-20260214215605-nt.html\" title=\"www.mujerhoy.com\" data-voc-vtm-id=\"in-text-traffic\" data-mrf-link=\"www.mujerhoy.com\">&#8216;Love Story&#8217;<\/a>. Sin embargo, que <strong>no cunda el p\u00e1nico<\/strong>, porque las tendencias tambi\u00e9n han pensado en ellas, y los <strong>b\u00e1sicos animal print<\/strong> resolver\u00e1n todos sus dilemas. <\/p>\n<p class=\"voc-paragraph\">Dejando a un lado el <strong>origen maximalista<\/strong> de este estampado, las m\u00e1s discretas y elegantes tambi\u00e9n podr\u00e1n sumarse a esta ola, ya que la intenci\u00f3n de la <strong>temporada primavera-verano 2026<\/strong> es apostar por <strong>lo mejor de los dos mundos<\/strong> para conseguir un equilibrio elegante y diferente si esa es la intenci\u00f3n. <\/p>\n<div class=\"v-c-cmp v-c-cmp--t1 \">\n<div class=\"v-cmp-rld v-cmp-rld--2 \">\n<div class=\"v-cnt-m v-cnt-m--m\">\n<div class=\"v-cnt-m__c\">\n<div class=\"v-cnt-m__w v-cnt-m__w--1\">\n<p class=\"v-cnt-m__t\">\nTAMBI\u00c9N TE INTERESA\n<\/p>\n<\/div>\n<\/div>\n<\/div>\n<div class=\"v-g v-g--2-c v-g--bdr-min-xs\">\n<div class=\"v-g__c \">\n<article class=\"v-a v-a--cmp-rld v-a--cmp-rld-2 v-a--p-l\">\n<div class=\"v-a-img-c\">\n<figure class=\"v-a-fig\">\n<a href=\"https:\/\/www.mujerhoy.com\/moda\/no-te-pierdas\/nueva-coleccion-sezane-primavera-verano-merece-pena-comprar-20260408122953-nt.html#vtm_modulosEngag=mod-rel:moda:noticia:1:cmp:2-not\" class=\"v-a-link\" title=\"Todo lo que merece la pena comprar de la nueva colecci\u00f3n de S\u00e9zane para ser la mejor vestida esta temporada\"><br \/>\n<img loading=\"lazy\" class=\"v-a-img\" src=\"http:\/\/hoycordobaweb.com\/wp-content\/uploads\/2026\/04\/el-animal-print-esta-de-moda-y-estos-son-los-unicos-basicos-que-entraron-en-mi-ranking-1.jpg\" alt=\"Todo lo que merece la pena comprar de la nueva colecci\u00f3n de S\u00e9zane para ser la mejor vestida esta temporada\"><br \/>\n<\/a><br \/>\n<\/figure>\n<\/div>\n<\/article>\n<\/div>\n<div class=\"v-g__c \">\n<article class=\"v-a v-a--cmp-rld v-a--cmp-rld-2 v-a--p-l\">\n<div class=\"v-a-img-c\">\n<figure class=\"v-a-fig\">\n<a href=\"https:\/\/www.mujerhoy.com\/belleza\/tratamientos\/manicura-amarillo-pastel-ilumina-manos-primavera-verano-20260406134018-nt.html#vtm_modulosEngag=mod-rel:moda:noticia:2:cmp:2-not\" class=\"v-a-link\" title=\"No pensaba en el amarillo pastel para mis u\u00f1as hasta que vi c\u00f3mo iluminaba las manos y realzaba el bronceado\"><br \/>\n<img loading=\"lazy\" class=\"v-a-img\" src=\"http:\/\/hoycordobaweb.com\/wp-content\/uploads\/2026\/04\/el-animal-print-esta-de-moda-y-estos-son-los-unicos-basicos-que-entraron-en-mi-ranking-2.jpg\" alt=\"No pensaba en el amarillo pastel para mis u\u00f1as hasta que vi c\u00f3mo iluminaba las manos y realzaba el bronceado\"><br \/>\n<\/a><br \/>\n<\/figure>\n<\/div>\n<\/article>\n<\/div>\n<\/div>\n<\/div>\n<\/div>\n<p class=\"voc-paragraph\">De esta forma, podr\u00e1s llevar <strong>piezas llamativas<\/strong> que griten \u00abaqu\u00ed estoy yo\u00bb, pero tambi\u00e9n encontrar\u00e1s <strong>prendas en tonos neutros y con estampaciones m\u00e1s sutiles<\/strong> que no dejar\u00e1n de lado ni la esencia discreta del menos es m\u00e1s, ni el dinamismo y la textura del savoir faire franc\u00e9s. <\/p>\n<p><h3 class=\"v-cmp-suh\">\nLos b\u00e1sicos animal print favoritos de 2026<br \/>\n<\/h3>\n<\/p>\n<div class=\"v-c-cmp v-c-cmp--s\">\n<div class=\"v-cmp-m \">\n<article class=\"v-a v-a--cmp-m v-c-cmp--m-z\">\n<div class=\"v-a-img-c \">\n<div class=\"v-a-fig\">\n<button class=\"v-a-link\" popovertarget=\"photo-383\"><br \/>\n<img loading=\"lazy\" src=\"http:\/\/hoycordobaweb.com\/wp-content\/uploads\/2026\/04\/el-animal-print-esta-de-moda-y-estos-son-los-unicos-basicos-que-entraron-en-mi-ranking-3.jpg\" class=\"v-a-img\" width=\"650\" height=\"650\" alt=\"Mocasines animal print en tonos marrones de Merkal, 59,95 euros.\" data-voc-vtm-id=\"in-text-traffic\"> <\/button><figcaption class=\"v-fc\">\n<span class=\"v-fc__t\"><br \/>\nMocasines animal print en tonos marrones de Merkal, 59,95 euros.<br \/>\n<\/span><br \/>\n<\/figcaption><\/div>\n<\/div>\n<div id=\"photo-383\" popover class=\"v-mdl v-mdl--fw\">\n<button class=\"v-x\" popovertarget=\"photo-383\" popovertargetaction=\"hide\"><br \/>\n<span class=\"v-i\"><br \/>\n<svg width=\"24\" height=\"23.996\" viewBox=\"0 0 24 23.996\">\n<path data-name=\"Uni\u00f3n 29\" d=\"M12,14.03,2.031,24,0,21.963,9.968,12,0,2.033,2.031,0,12,9.966,21.969,0,24,2.033,14.032,12,24,21.963,21.969,24Z\" \/>\n<\/svg><br \/>\n<\/span><br \/>\n<\/button><\/p>\n<div class=\"v-mdl__c\">\n<div class=\"v-mdl__w\">\n<img loading=\"lazy\" src=\"http:\/\/hoycordobaweb.com\/wp-content\/uploads\/2026\/04\/el-animal-print-esta-de-moda-y-estos-son-los-unicos-basicos-que-entraron-en-mi-ranking-3.jpg\" class=\"v-mdl__img-z\" width=\"650\" height=\"650\" alt>\n<\/div>\n<\/div>\n<\/div>\n<p><span class=\"v-bdp\"><\/span><br \/>\n<\/article>\n<\/div>\n<\/div>\n<p class=\"voc-paragraph\"><strong>Mocasines animal print en tonos marrones de Merkal, 59,95 euros.<\/strong> Es una opci\u00f3n perfecta si quieres introducir el animal print de forma discreta. El formato mocas\u00edn es c\u00f3modo, f\u00e1cil de llevar y es m\u00e1s combinable de lo que parece. Lo llevar\u00e1s con tus faldas de colegiala, con vestidos tipo camisero y con tus vaqueros.<\/p>\n<div class=\"v-c-cmp v-c-cmp--s\">\n<div class=\"v-cmp-m \">\n<article class=\"v-a v-a--cmp-m v-c-cmp--m-z\">\n<div class=\"v-a-img-c \">\n<div class=\"v-a-fig\">\n<button class=\"v-a-link\" popovertarget=\"photo-490\"><br \/>\n<img loading=\"lazy\" src=\"http:\/\/hoycordobaweb.com\/wp-content\/uploads\/2026\/04\/el-animal-print-esta-de-moda-y-estos-son-los-unicos-basicos-que-entraron-en-mi-ranking-4.jpg\" class=\"v-a-img\" width=\"650\" height=\"650\" alt=\"Blazer estampado cebra de IKKS, 195 euros.\" data-voc-vtm-id=\"in-text-traffic\"> <\/button><figcaption class=\"v-fc\">\n<span class=\"v-fc__t\"><br \/>\nBlazer estampado cebra de IKKS, 195 euros.<br \/>\n<\/span><br \/>\n<\/figcaption><\/div>\n<\/div>\n<div id=\"photo-490\" popover class=\"v-mdl v-mdl--fw\">\n<button class=\"v-x\" popovertarget=\"photo-490\" popovertargetaction=\"hide\"><br \/>\n<span class=\"v-i\"><br \/>\n<svg width=\"24\" height=\"23.996\" viewBox=\"0 0 24 23.996\">\n<path data-name=\"Uni\u00f3n 29\" d=\"M12,14.03,2.031,24,0,21.963,9.968,12,0,2.033,2.031,0,12,9.966,21.969,0,24,2.033,14.032,12,24,21.963,21.969,24Z\" \/>\n<\/svg><br \/>\n<\/span><br \/>\n<\/button><\/p>\n<div class=\"v-mdl__c\">\n<div class=\"v-mdl__w\">\n<img loading=\"lazy\" src=\"http:\/\/hoycordobaweb.com\/wp-content\/uploads\/2026\/04\/el-animal-print-esta-de-moda-y-estos-son-los-unicos-basicos-que-entraron-en-mi-ranking-4.jpg\" class=\"v-mdl__img-z\" width=\"650\" height=\"650\" alt>\n<\/div>\n<\/div>\n<\/div>\n<p><span class=\"v-bdp\"><\/span><br \/>\n<\/article>\n<\/div>\n<\/div>\n<p class=\"voc-paragraph\"><strong>Blazer estampado cebra de IKKS, 195 euros.<\/strong> Aunque el leopardo es un cl\u00e1sico, la cebra no se queda atr\u00e1s. Mantiene la estructura de una prenda cl\u00e1sica, pero su print le da un punto actual y con mucha personalidad. Es la chaqueta ideal para quienes buscan lo mejor de los dos mundos.<\/p>\n<div class=\"v-c-cmp v-c-cmp--s\">\n<div class=\"v-cmp-m \">\n<article class=\"v-a v-a--cmp-m v-c-cmp--m-z\">\n<div class=\"v-a-img-c \">\n<div class=\"v-a-fig\">\n<button class=\"v-a-link\" popovertarget=\"photo-76\"><br \/>\n<img loading=\"lazy\" src=\"http:\/\/hoycordobaweb.com\/wp-content\/uploads\/2026\/04\/el-animal-print-esta-de-moda-y-estos-son-los-unicos-basicos-que-entraron-en-mi-ranking-5.jpg\" class=\"v-a-img\" width=\"650\" height=\"650\" alt=\"Bolso con estampado animal de Parfois, 49,99 euros.\" data-voc-vtm-id=\"in-text-traffic\"> <\/button><figcaption class=\"v-fc\">\n<span class=\"v-fc__t\"><br \/>\nBolso con estampado animal de Parfois, 49,99 euros.<br \/>\n<\/span><br \/>\n<\/figcaption><\/div>\n<\/div>\n<div id=\"photo-76\" popover class=\"v-mdl v-mdl--fw\">\n<button class=\"v-x\" popovertarget=\"photo-76\" popovertargetaction=\"hide\"><br \/>\n<span class=\"v-i\"><br \/>\n<svg width=\"24\" height=\"23.996\" viewBox=\"0 0 24 23.996\">\n<path data-name=\"Uni\u00f3n 29\" d=\"M12,14.03,2.031,24,0,21.963,9.968,12,0,2.033,2.031,0,12,9.966,21.969,0,24,2.033,14.032,12,24,21.963,21.969,24Z\" \/>\n<\/svg><br \/>\n<\/span><br \/>\n<\/button><\/p>\n<div class=\"v-mdl__c\">\n<div class=\"v-mdl__w\">\n<img loading=\"lazy\" src=\"http:\/\/hoycordobaweb.com\/wp-content\/uploads\/2026\/04\/el-animal-print-esta-de-moda-y-estos-son-los-unicos-basicos-que-entraron-en-mi-ranking-5.jpg\" class=\"v-mdl__img-z\" width=\"650\" height=\"650\" alt>\n<\/div>\n<\/div>\n<\/div>\n<p><span class=\"v-bdp\"><\/span><br \/>\n<\/article>\n<\/div>\n<\/div>\n<p class=\"voc-paragraph\"><strong>Bolso con estampado animal de Parfois, 49,99 euros.<\/strong> Una de mis formas favoritas de introducir este estampado es con ayuda de accesorios con tama\u00f1o perfecto como es el caso de este bolso. Lo llevar\u00e1s a la oficina, a tus brunchs con amigas, e incluso en tardes de recados. <\/p>\n<div class=\"v-c-cmp v-c-cmp--s\">\n<div class=\"v-cmp-m \">\n<article class=\"v-a v-a--cmp-m v-c-cmp--m-z\">\n<div class=\"v-a-img-c \">\n<div class=\"v-a-fig\">\n<button class=\"v-a-link\" popovertarget=\"photo-400\"><br \/>\n<img loading=\"lazy\" src=\"http:\/\/hoycordobaweb.com\/wp-content\/uploads\/2026\/04\/el-animal-print-esta-de-moda-y-estos-son-los-unicos-basicos-que-entraron-en-mi-ranking-6.jpg\" class=\"v-a-img\" width=\"650\" height=\"650\" alt=\"Blusa fluida con print animal suave de Massimo Dutti, 79,95 euros.\" data-voc-vtm-id=\"in-text-traffic\"> <\/button><figcaption class=\"v-fc\">\n<span class=\"v-fc__t\"><br \/>\nBlusa fluida con print animal suave de Massimo Dutti, 79,95 euros.<br \/>\n<\/span><br \/>\n<\/figcaption><\/div>\n<\/div>\n<div id=\"photo-400\" popover class=\"v-mdl v-mdl--fw\">\n<button class=\"v-x\" popovertarget=\"photo-400\" popovertargetaction=\"hide\"><br \/>\n<span class=\"v-i\"><br \/>\n<svg width=\"24\" height=\"23.996\" viewBox=\"0 0 24 23.996\">\n<path data-name=\"Uni\u00f3n 29\" d=\"M12,14.03,2.031,24,0,21.963,9.968,12,0,2.033,2.031,0,12,9.966,21.969,0,24,2.033,14.032,12,24,21.963,21.969,24Z\" \/>\n<\/svg><br \/>\n<\/span><br \/>\n<\/button><\/p>\n<div class=\"v-mdl__c\">\n<div class=\"v-mdl__w\">\n<img loading=\"lazy\" src=\"http:\/\/hoycordobaweb.com\/wp-content\/uploads\/2026\/04\/el-animal-print-esta-de-moda-y-estos-son-los-unicos-basicos-que-entraron-en-mi-ranking-6.jpg\" class=\"v-mdl__img-z\" width=\"650\" height=\"650\" alt>\n<\/div>\n<\/div>\n<\/div>\n<p><span class=\"v-bdp\"><\/span><br \/>\n<\/article>\n<\/div>\n<\/div>\n<p class=\"voc-paragraph\"><strong>Blusa fluida con print animal suave de Massimo Dutti, 79,95 euros.<\/strong> La pod\u00edas haber llevado al Coachella, pero tambi\u00e9n puedes llevarla con tus vaqueros de confianza. Es c\u00f3moda, fresca y aporta un toque boho irresistible.<\/p>\n<div class=\"v-c-cmp v-c-cmp--s\">\n<div class=\"v-cmp-m \">\n<article class=\"v-a v-a--cmp-m v-c-cmp--m-z\">\n<div class=\"v-a-img-c \">\n<div class=\"v-a-fig\">\n<button class=\"v-a-link\" popovertarget=\"photo-167\"><br \/>\n<img loading=\"lazy\" src=\"http:\/\/hoycordobaweb.com\/wp-content\/uploads\/2026\/04\/el-animal-print-esta-de-moda-y-estos-son-los-unicos-basicos-que-entraron-en-mi-ranking-7.jpg\" class=\"v-a-img\" width=\"650\" height=\"650\" alt=\"Vestido largo con estampado animal de ba&amp;sh, 175 euros.\" data-voc-vtm-id=\"in-text-traffic\"> <\/button><figcaption class=\"v-fc\">\n<span class=\"v-fc__t\"><br \/>\nVestido largo con estampado animal de ba&amp;sh, 175 euros.<br \/>\n<\/span><br \/>\n<\/figcaption><\/div>\n<\/div>\n<div id=\"photo-167\" popover class=\"v-mdl v-mdl--fw\">\n<button class=\"v-x\" popovertarget=\"photo-167\" popovertargetaction=\"hide\"><br \/>\n<span class=\"v-i\"><br \/>\n<svg width=\"24\" height=\"23.996\" viewBox=\"0 0 24 23.996\">\n<path data-name=\"Uni\u00f3n 29\" d=\"M12,14.03,2.031,24,0,21.963,9.968,12,0,2.033,2.031,0,12,9.966,21.969,0,24,2.033,14.032,12,24,21.963,21.969,24Z\" \/>\n<\/svg><br \/>\n<\/span><br \/>\n<\/button><\/p>\n<div class=\"v-mdl__c\">\n<div class=\"v-mdl__w\">\n<img loading=\"lazy\" src=\"http:\/\/hoycordobaweb.com\/wp-content\/uploads\/2026\/04\/el-animal-print-esta-de-moda-y-estos-son-los-unicos-basicos-que-entraron-en-mi-ranking-7.jpg\" class=\"v-mdl__img-z\" width=\"650\" height=\"650\" alt>\n<\/div>\n<\/div>\n<\/div>\n<p><span class=\"v-bdp\"><\/span><br \/>\n<\/article>\n<\/div>\n<\/div>\n<p class=\"voc-paragraph\"><strong>Vestido largo con estampado animal de ba&amp;\u00ad, 175 euros.<\/strong> Es el sin\u00f3nimo ideal de savoir faire franc\u00e9s. Lo llevar\u00e1s con botas para un toque folk setentero, con bailarinas o incluso con sandalias y un clutch para tus cenas de noche. Lo mejor es que es comod\u00edsimo y estiliza.<\/p>\n<div class=\"v-c-cmp v-c-cmp--s\">\n<div class=\"v-cmp-m \">\n<article class=\"v-a v-a--cmp-m v-c-cmp--m-z\">\n<div class=\"v-a-img-c \">\n<div class=\"v-a-fig\">\n<button class=\"v-a-link\" popovertarget=\"photo-474\"><br \/>\n<img loading=\"lazy\" src=\"http:\/\/hoycordobaweb.com\/wp-content\/uploads\/2026\/04\/el-animal-print-esta-de-moda-y-estos-son-los-unicos-basicos-que-entraron-en-mi-ranking-8.jpg\" class=\"v-a-img\" width=\"650\" height=\"650\" alt=\"Minifalda animal print con botas altas de Maje, 122,50 euros.\" data-voc-vtm-id=\"in-text-traffic\"> <\/button><figcaption class=\"v-fc\">\n<span class=\"v-fc__t\"><br \/>\nMinifalda animal print con botas altas de Maje, 122,50 euros.<br \/>\n<\/span><br \/>\n<\/figcaption><\/div>\n<\/div>\n<div id=\"photo-474\" popover class=\"v-mdl v-mdl--fw\">\n<button class=\"v-x\" popovertarget=\"photo-474\" popovertargetaction=\"hide\"><br \/>\n<span class=\"v-i\"><br \/>\n<svg width=\"24\" height=\"23.996\" viewBox=\"0 0 24 23.996\">\n<path data-name=\"Uni\u00f3n 29\" d=\"M12,14.03,2.031,24,0,21.963,9.968,12,0,2.033,2.031,0,12,9.966,21.969,0,24,2.033,14.032,12,24,21.963,21.969,24Z\" \/>\n<\/svg><br \/>\n<\/span><br \/>\n<\/button><\/p>\n<div class=\"v-mdl__c\">\n<div class=\"v-mdl__w\">\n<img loading=\"lazy\" src=\"http:\/\/hoycordobaweb.com\/wp-content\/uploads\/2026\/04\/el-animal-print-esta-de-moda-y-estos-son-los-unicos-basicos-que-entraron-en-mi-ranking-8.jpg\" class=\"v-mdl__img-z\" width=\"650\" height=\"650\" alt>\n<\/div>\n<\/div>\n<\/div>\n<p><span class=\"v-bdp\"><\/span><br \/>\n<\/article>\n<\/div>\n<\/div>\n<p class=\"voc-paragraph\"><strong>Minifalda animal print con botas altas de Maje, 122,50 euros.<\/strong> Es c\u00f3moda, alarga las piernas y es la t\u00edpica prenda que no pasa de moda y que acaba siendo una inversi\u00f3n con el paso de los a\u00f1os. Lo mejor es que, la combines como la combines, el resultado es moderno y muy f\u00e1cil de llevar.<\/p>\n<div class=\"v-c-cmp v-c-cmp--t1 \">\n<div class=\"v-cmp-rld v-cmp-rld--2 \">\n<div class=\"v-cnt-m v-cnt-m--m\">\n<div class=\"v-cnt-m__c\">\n<div class=\"v-cnt-m__w v-cnt-m__w--1\">\n<p class=\"v-cnt-m__t\">\nTAMBI\u00c9N TE INTERESA\n<\/p>\n<\/div>\n<\/div>\n<\/div>\n<div class=\"v-g v-g--2-c v-g--bdr-min-xs\">\n<div class=\"v-g__c \">\n<article class=\"v-a v-a--cmp-rld v-a--cmp-rld-2 v-a--p-l\">\n<div class=\"v-a-img-c\">\n<figure class=\"v-a-fig\">\n<a href=\"https:\/\/www.mujerhoy.com\/moda\/no-te-pierdas\/mejores-bolsos-piel-hm-cos-primavera-20260310194818-nt.html#vtm_modulosEngag=mod-rel:moda:noticia:1:cmp:2-not\" class=\"v-a-link\" title=\"De COS a H&amp;M, todas coinciden en que los bolsos de piel van a arrasar esta primavera\"><br \/>\n<img loading=\"lazy\" class=\"v-a-img\" src=\"http:\/\/hoycordobaweb.com\/wp-content\/uploads\/2026\/04\/el-animal-print-esta-de-moda-y-estos-son-los-unicos-basicos-que-entraron-en-mi-ranking-9.jpg\" alt=\"De COS a H&amp;M, todas coinciden en que los bolsos de piel van a arrasar esta primavera\"><br \/>\n<\/a><br \/>\n<\/figure>\n<\/div>\n<\/article>\n<\/div>\n<div class=\"v-g__c \">\n<article class=\"v-a v-a--cmp-rld v-a--cmp-rld-2 v-a--p-l\">\n<div class=\"v-a-img-c\">\n<figure class=\"v-a-fig\">\n<a href=\"https:\/\/www.mujerhoy.com\/celebrities\/alfombra-roja\/mejores-looks-after-party-alfombra-roja-premios-oscar-20260316124225-nt.html#vtm_modulosEngag=mod-rel:moda:noticia:2:cmp:2-not\" class=\"v-a-link\" title=\"Por qu\u00e9 los looks del after party de los Premios Oscar son mejores que los de la alfombra roja: de Jane Fonda a Kendall Jenner\"><br \/>\n<img loading=\"lazy\" class=\"v-a-img\" src=\"http:\/\/hoycordobaweb.com\/wp-content\/uploads\/2026\/04\/el-animal-print-esta-de-moda-y-estos-son-los-unicos-basicos-que-entraron-en-mi-ranking-10.jpg\" alt=\"Por qu\u00e9 los looks del after party de los Premios Oscar son mejores que los de la alfombra roja: de Jane Fonda a Kendall Jenner\"><br \/>\n<\/a><br \/>\n<\/figure>\n<\/div>\n<\/article>\n<\/div>\n<\/div>\n<\/div>\n<\/div>\n<div class=\"media_block\"><\/div>\n","protected":false},"excerpt":{"rendered":"<p>Lo s\u00e9, las m\u00e1s atrevidas no est\u00e1n conectando con el regreso del minimalismo de los 90 que tanto est\u00e1 triunfando en redes sociales, gracias (en parte) a series como &#8216;Love Story&#8217;. Sin embargo, que no cunda el p\u00e1nico, porque las tendencias tambi\u00e9n han pensado en ellas, y los b\u00e1sicos animal print resolver\u00e1n todos sus dilemas. [&hellip;]<\/p>\n","protected":false},"author":1,"featured_media":135844,"comment_status":"closed","ping_status":"closed","sticky":false,"template":"","format":"standard","meta":[],"categories":[],"tags":[],"_links":{"self":[{"href":"http:\/\/hoycordobaweb.com\/index.php\/wp-json\/wp\/v2\/posts\/135843"}],"collection":[{"href":"http:\/\/hoycordobaweb.com\/index.php\/wp-json\/wp\/v2\/posts"}],"about":[{"href":"http:\/\/hoycordobaweb.com\/index.php\/wp-json\/wp\/v2\/types\/post"}],"author":[{"embeddable":true,"href":"http:\/\/hoycordobaweb.com\/index.php\/wp-json\/wp\/v2\/users\/1"}],"replies":[{"embeddable":true,"href":"http:\/\/hoycordobaweb.com\/index.php\/wp-json\/wp\/v2\/comments?post=135843"}],"version-history":[{"count":0,"href":"http:\/\/hoycordobaweb.com\/index.php\/wp-json\/wp\/v2\/posts\/135843\/revisions"}],"wp:featuredmedia":[{"embeddable":true,"href":"http:\/\/hoycordobaweb.com\/index.php\/wp-json\/wp\/v2\/media\/135844"}],"wp:attachment":[{"href":"http:\/\/hoycordobaweb.com\/index.php\/wp-json\/wp\/v2\/media?parent=135843"}],"wp:term":[{"taxonomy":"category","embeddable":true,"href":"http:\/\/hoycordobaweb.com\/index.php\/wp-json\/wp\/v2\/categories?post=135843"},{"taxonomy":"post_tag","embeddable":true,"href":"http:\/\/hoycordobaweb.com\/index.php\/wp-json\/wp\/v2\/tags?post=135843"}],"curies":[{"name":"wp","href":"https:\/\/api.w.org\/{rel}","templated":true}]}}