{"id":135841,"date":"2026-04-28T16:25:37","date_gmt":"2026-04-28T16:25:37","guid":{"rendered":"https:\/\/www.mujerhoy.com\/moda\/no-te-pierdas\/prendas-estampado-lunares-tendencia-primavera-verano-20260428115818-nt.html"},"modified":"2026-04-28T16:25:37","modified_gmt":"2026-04-28T16:25:37","slug":"las-prendas-con-estampado-de-lunares-que-transformaran-todos-tus-looks-de-primavera-verano-2026","status":"publish","type":"post","link":"http:\/\/hoycordobaweb.com\/index.php\/2026\/04\/28\/las-prendas-con-estampado-de-lunares-que-transformaran-todos-tus-looks-de-primavera-verano-2026\/","title":{"rendered":"Las prendas con estampado de lunares que transformar\u00e1n todos tus looks de primavera\/verano 2026"},"content":{"rendered":"<p><!-- AUTHOR --><\/p>\n<div class=\"voc-author-timesocial \">\n<!-- AUTHOR --><\/p>\n<div class=\"voc-author-timesocial__signature \">\n<!-- IMAGE AUTHOR -->\n<picture class=\"voc-image-signature\">\n<img class=\"voc-image-signature__img\" src=\"http:\/\/hoycordobaweb.com\/wp-content\/uploads\/2026\/04\/las-prendas-con-estampado-de-lunares-que-transformaran-todos-tus-looks-de-primavera-verano-2026.jpg\" alt=\"Patricia Mart\u00edn\">\n<\/picture>\n<!-- INFO AUTHOR --> <\/div><\/div>\n<p><!-- COMPONENTS --><\/p>\n<p class=\"voc-paragraph\">Cl\u00e1sicos, vers\u00e1tiles y con un encanto atemporal,<strong> los lunares<\/strong> regresan esta temporada con m\u00e1s fuerza que nunca para conquistar nuestro armario de los pr\u00f3ximos meses. Este <a href=\"https:\/\/www.mujerhoy.com\/moda\/no-te-pierdas\/blusas-estampado-lunares-elevaran-tus-estilismos-sencillos-20260418171540-nt.html\" data-voc-vtm-id=\"in-text-traffic\" title=\"estampado cl\u00e1sico \" data-mrf-link=\"www.mujerhoy.com\">estampado cl\u00e1sico <\/a>se ha posicionado como uno de los grandes protagonistas del street style gracias a su capacidad de reinventarse en siluetas contempor\u00e1neas y combinaciones inesperadas.<\/p>\n<p class=\"voc-paragraph\">En un momento en el que la moda apuesta por el equilibrio entre<strong> nostalgia y modernidad<\/strong>, los lunares encuentran su lugar perfecto: desde versiones minimalistas en blanco y negro hasta propuestas vibrantes en colores m\u00e1s llamativos, adapt\u00e1ndose a todos los estilos y ocasiones. <\/p>\n<div class=\"v-c-cmp v-c-cmp--t1 \">\n<div class=\"v-cmp-rld v-cmp-rld--2 \">\n<div class=\"v-cnt-m v-cnt-m--m\">\n<div class=\"v-cnt-m__c\">\n<div class=\"v-cnt-m__w v-cnt-m__w--1\">\n<p class=\"v-cnt-m__t\">\nTAMBI\u00c9N TE INTERESA\n<\/p>\n<\/div>\n<\/div>\n<\/div>\n<div class=\"v-g v-g--2-c v-g--bdr-min-xs\">\n<div class=\"v-g__c \">\n<article class=\"v-a v-a--cmp-rld v-a--cmp-rld-2 v-a--p-l\">\n<div class=\"v-a-img-c\">\n<figure class=\"v-a-fig\">\n<a href=\"https:\/\/www.mujerhoy.com\/moda\/no-te-pierdas\/sombrero-pillbox-tendencia-verano-modelo-perfecto-20260426124749-nt.html#vtm_modulosEngag=mod-rel:moda:noticia:1:cmp:2-not\" class=\"v-a-link\" title=\"Qu\u00e9 es el sombrero pillbox y por qu\u00e9 se va a convertir en el accesorio favorito de las m\u00e1s elegantes este verano\"><br \/>\n<img loading=\"lazy\" class=\"v-a-img\" src=\"http:\/\/hoycordobaweb.com\/wp-content\/uploads\/2026\/04\/las-prendas-con-estampado-de-lunares-que-transformaran-todos-tus-looks-de-primavera-verano-2026-1.jpg\" alt=\"Qu\u00e9 es el sombrero pillbox y por qu\u00e9 se va a convertir en el accesorio favorito de las m\u00e1s elegantes este verano\"><br \/>\n<\/a><br \/>\n<\/figure>\n<\/div>\n<\/article>\n<\/div>\n<div class=\"v-g__c \">\n<article class=\"v-a v-a--cmp-rld v-a--cmp-rld-2 v-a--p-l\">\n<div class=\"v-a-img-c\">\n<figure class=\"v-a-fig\">\n<a href=\"https:\/\/www.mujerhoy.com\/moda\/no-te-pierdas\/mejores-bailarinas-primavera-zapato-plano-20260425102643-nt.html#vtm_modulosEngag=mod-rel:moda:noticia:2:cmp:2-not\" class=\"v-a-link\" title=\"Las bailarinas siguen siendo el mejor calzado plano: las m\u00e1s bonitas y c\u00f3modas\"><br \/>\n<img loading=\"lazy\" class=\"v-a-img\" src=\"http:\/\/hoycordobaweb.com\/wp-content\/uploads\/2026\/04\/las-prendas-con-estampado-de-lunares-que-transformaran-todos-tus-looks-de-primavera-verano-2026-2.jpg\" alt=\"Las bailarinas siguen siendo el mejor calzado plano: las m\u00e1s bonitas y c\u00f3modas\"><br \/>\n<\/a><br \/>\n<\/figure>\n<\/div>\n<\/article>\n<\/div>\n<\/div>\n<\/div>\n<\/div>\n<p class=\"voc-paragraph\">Pero m\u00e1s all\u00e1 de su atractivo visual, una de las claves de su \u00e9xito est\u00e1 en lo f\u00e1cil que resulta <strong>incorporarlos al d\u00eda a d\u00eda<\/strong>. Las m\u00e1s cl\u00e1sicas optar\u00e1n por combinar los lunares con <a href=\"https:\/\/www.mujerhoy.com\/moda\/no-te-pierdas\/mejores-basicos-para-looks-elegantes-20260426120808-nt.html\" data-voc-vtm-id=\"in-text-traffic\" title=\"prendas lisas \" data-mrf-link=\"www.mujerhoy.com\">prendas lisas <\/a>que dejen que el estampado sea el protagonista. Tambi\u00e9n son perfectos para elevar b\u00e1sicos: un pa\u00f1uelo, unos zapatos o un bolso con este print pueden transformar por completo un look sencillo.<\/p>\n<p class=\"voc-paragraph\">Para las m\u00e1s atrevidas, esta temporada invita a jugar con el <strong>\u00abmix &amp; match\u00bb<\/strong>: combinar lunares de distintos tama\u00f1os o incluso mezclarlos con otros estampados como rayas o flores, manteniendo una paleta de colores coherente para no sobrecargar el conjunto. <\/p>\n<p><h3 class=\"v-cmp-suh\">\nNuestra selecci\u00f3n<br \/>\n<\/h3>\n<\/p>\n<p class=\"voc-paragraph\">Los lunares no solo vuelven, sino que lo hacen <strong>adapt\u00e1ndose a todos los estilos<\/strong>, demostrando que, bien combinados, son capaces de aportar ese toque chic, fresco y sofisticado que define la temporada. Y nosotras hemos seleccionado las prendas que necesitas para incorporar este print a tu armario de primavera\/verano 2026.<\/p>\n<div class=\"v-c-cmp \">\n<div class=\"v-cmp-m v-cmp-m--t1\">\n<article class=\"v-a v-a--cmp-m v-c-cmp--m-p\">\n<div class=\"v-a-img-c v-a-img-c--fw-xs\">\n<div class=\"v-a-fig\">\n<div class=\"v-a-link\">\n<img loading=\"lazy\" src=\"http:\/\/hoycordobaweb.com\/wp-content\/uploads\/2026\/04\/las-prendas-con-estampado-de-lunares-que-transformaran-todos-tus-looks-de-primavera-verano-2026-3.jpg\" class=\"v-a-img\" width=\"650\" height=\"975\" alt=\"Selecci\u00f3n de prendas de lunares\" data-voc-vtm-id=\"in-text-traffic\">\n<\/div><figcaption class=\"v-fc\">\n<span class=\"v-fc__t\"><br \/>\nSelecci\u00f3n de prendas de lunares<br \/>\n<\/span><br \/>\n<span class=\"v-fc__p\"><br \/>\nMANGO<br \/>\n<\/span><br \/>\n<\/figcaption><\/div>\n<\/div>\n<\/article>\n<\/div>\n<\/div>\n<p class=\"voc-paragraph\">En<strong> Mango<\/strong> tenemos este vestido largo y evas\u00e9, en color blanco con estampado de lunares negros. Es un modelo de palabra de honor, con abertura lateral, forro interior y cierre de cremallera lateral. Una pieza vers\u00e1til que sirve tanto para un evento especial combinada com sandalias de tac\u00f3n y un bolso tipo clutch negro, como para el d\u00eda a d\u00eda con sandalias (89,99 \u20ac). <\/p>\n<div class=\"v-c-cmp \">\n<div class=\"v-cmp-m v-cmp-m--t1\">\n<article class=\"v-a v-a--cmp-m v-c-cmp--m-p\">\n<div class=\"v-a-img-c v-a-img-c--fw-xs\">\n<div class=\"v-a-fig\">\n<div class=\"v-a-link\">\n<img loading=\"lazy\" src=\"http:\/\/hoycordobaweb.com\/wp-content\/uploads\/2026\/04\/las-prendas-con-estampado-de-lunares-que-transformaran-todos-tus-looks-de-primavera-verano-2026-4.jpg\" class=\"v-a-img\" width=\"650\" height=\"975\" alt=\"Selecci\u00f3n de prendas de lunares\" data-voc-vtm-id=\"in-text-traffic\">\n<\/div><figcaption class=\"v-fc\">\n<span class=\"v-fc__t\"><br \/>\nSelecci\u00f3n de prendas de lunares<br \/>\n<\/span><br \/>\n<span class=\"v-fc__p\"><br \/>\nMACLABA<br \/>\n<\/span><br \/>\n<\/figcaption><\/div>\n<\/div>\n<\/article>\n<\/div>\n<\/div>\n<p class=\"voc-paragraph\">Ideal para a\u00f1adir un toque de color a tus looks esta falda<strong> de Macabla <\/strong>en color rosa. Tiene un corte midi y un dise\u00f1o fluido y ligero, confeccionada en un tejido semitransparente y con una silueta evas\u00e9 que se ensancha suavemente desde la cintura hasta el bajo, con paneles que a\u00f1aden volumen y dinamismo. Una prenda que no pasar\u00e1 desapercibida (85,00 \u20ac). <\/p>\n<div class=\"v-c-cmp \">\n<div class=\"v-cmp-m v-cmp-m--t1\">\n<article class=\"v-a v-a--cmp-m v-c-cmp--m-p\">\n<div class=\"v-a-img-c v-a-img-c--fw-xs\">\n<div class=\"v-a-fig\">\n<div class=\"v-a-link\">\n<img loading=\"lazy\" src=\"http:\/\/hoycordobaweb.com\/wp-content\/uploads\/2026\/04\/las-prendas-con-estampado-de-lunares-que-transformaran-todos-tus-looks-de-primavera-verano-2026-5.jpg\" class=\"v-a-img\" width=\"650\" height=\"975\" alt=\"Selecci\u00f3n de prendas de lunares\" data-voc-vtm-id=\"in-text-traffic\">\n<\/div><figcaption class=\"v-fc\">\n<span class=\"v-fc__t\"><br \/>\nSelecci\u00f3n de prendas de lunares<br \/>\n<\/span><br \/>\n<span class=\"v-fc__p\"><br \/>\nSUSMIES<br \/>\n<\/span><br \/>\n<\/figcaption><\/div>\n<\/div>\n<\/article>\n<\/div>\n<\/div>\n<p class=\"voc-paragraph\">El top de lunares perfecto est\u00e1 <strong>en Susmies<\/strong>, un dise\u00f1o bicolor con escote en V y cuello halter con tiras largas para atar al cuello. Tiene la silueta ajustada y la espalda descubierta y combina con todo. Ll\u00e9valo con vaqueros y manoletinas si quieres un look m\u00e1s casual, o con una falda satinada si buscas un estilismo m\u00e1s arreglado (55,00 \u20ac). <\/p>\n<div class=\"v-c-cmp \">\n<div class=\"v-cmp-m v-cmp-m--t1\">\n<article class=\"v-a v-a--cmp-m v-c-cmp--m-p\">\n<div class=\"v-a-img-c v-a-img-c--fw-xs\">\n<div class=\"v-a-fig\">\n<div class=\"v-a-link\">\n<img loading=\"lazy\" src=\"http:\/\/hoycordobaweb.com\/wp-content\/uploads\/2026\/04\/las-prendas-con-estampado-de-lunares-que-transformaran-todos-tus-looks-de-primavera-verano-2026-6.jpg\" class=\"v-a-img\" width=\"650\" height=\"975\" alt=\"Selecci\u00f3n de prendas de lunares\" data-voc-vtm-id=\"in-text-traffic\">\n<\/div><figcaption class=\"v-fc\">\n<span class=\"v-fc__t\"><br \/>\nSelecci\u00f3n de prendas de lunares<br \/>\n<\/span><br \/>\n<span class=\"v-fc__p\"><br \/>\nPULL&amp;BEAR<br \/>\n<\/span><br \/>\n<\/figcaption><\/div>\n<\/div>\n<\/article>\n<\/div>\n<\/div>\n<p class=\"voc-paragraph\">De <strong>Pull&amp;Bear<\/strong> nos quedamos con esta chaqueta efecto nylon con dise\u00f1o de lunares y cuello alto, de manga larga y cierre de cremallera. Queda genial con unos pantalones capri -que tambi\u00e9n son tendencia- y es la prenda perfecta para la \u00e9poca de entretiempo (39,99 \u20ac). <\/p>\n<div class=\"v-c-cmp \">\n<div class=\"v-cmp-m v-cmp-m--t1\">\n<article class=\"v-a v-a--cmp-m v-c-cmp--m-p\">\n<div class=\"v-a-img-c v-a-img-c--fw-xs\">\n<div class=\"v-a-fig\">\n<div class=\"v-a-link\">\n<img loading=\"lazy\" src=\"http:\/\/hoycordobaweb.com\/wp-content\/uploads\/2026\/04\/las-prendas-con-estampado-de-lunares-que-transformaran-todos-tus-looks-de-primavera-verano-2026-7.jpg\" class=\"v-a-img\" width=\"650\" height=\"975\" alt=\"Selecci\u00f3n de prendas de lunares\" data-voc-vtm-id=\"in-text-traffic\">\n<\/div><figcaption class=\"v-fc\">\n<span class=\"v-fc__t\"><br \/>\nSelecci\u00f3n de prendas de lunares<br \/>\n<\/span><br \/>\n<span class=\"v-fc__p\"><br \/>\nZARA<br \/>\n<\/span><br \/>\n<\/figcaption><\/div>\n<\/div>\n<\/article>\n<\/div>\n<\/div>\n<p class=\"voc-paragraph\">Otro b\u00e1sico que no pasa de moda, esta blusa <strong>de Zara <\/strong>de cuello subido con lazo en espalda y manga larga acabada en el\u00e1stico, con forro interior y estampado con lunares negros sobre blanco (27,95 \u20ac). <\/p>\n<div class=\"v-c-cmp \">\n<div class=\"v-cmp-m v-cmp-m--t1\">\n<article class=\"v-a v-a--cmp-m v-c-cmp--m-p\">\n<div class=\"v-a-img-c v-a-img-c--fw-xs\">\n<div class=\"v-a-fig\">\n<div class=\"v-a-link\">\n<img loading=\"lazy\" src=\"http:\/\/hoycordobaweb.com\/wp-content\/uploads\/2026\/04\/las-prendas-con-estampado-de-lunares-que-transformaran-todos-tus-looks-de-primavera-verano-2026-8.jpg\" class=\"v-a-img\" width=\"650\" height=\"975\" alt=\"Selecci\u00f3n de prendas de lunares\" data-voc-vtm-id=\"in-text-traffic\">\n<\/div><figcaption class=\"v-fc\">\n<span class=\"v-fc__t\"><br \/>\nSelecci\u00f3n de prendas de lunares<br \/>\n<\/span><br \/>\n<span class=\"v-fc__p\"><br \/>\nSTRADIVARIUS<br \/>\n<\/span><br \/>\n<\/figcaption><\/div>\n<\/div>\n<\/article>\n<\/div>\n<\/div>\n<p class=\"voc-paragraph\">Una forma de a\u00f1adir el print de lunares a tus looks de manera discreta es a trav\u00e9s de los accesorios. Por ejemplo este set de dos pinzas de pelo <strong>de Stradivarius<\/strong>, que adem\u00e1s de ser pr\u00e1cticas a\u00f1aden un toque especial y diferente a cualquier estilismo (7,99 \u20ac). <\/p>\n<div class=\"v-c-cmp \">\n<div class=\"v-cmp-m v-cmp-m--t1\">\n<article class=\"v-a v-a--cmp-m v-c-cmp--m-p\">\n<div class=\"v-a-img-c v-a-img-c--fw-xs\">\n<div class=\"v-a-fig\">\n<div class=\"v-a-link\">\n<img loading=\"lazy\" src=\"http:\/\/hoycordobaweb.com\/wp-content\/uploads\/2026\/04\/las-prendas-con-estampado-de-lunares-que-transformaran-todos-tus-looks-de-primavera-verano-2026-9.jpg\" class=\"v-a-img\" width=\"650\" height=\"975\" alt=\"Selecci\u00f3n de prendas de lunares\" data-voc-vtm-id=\"in-text-traffic\">\n<\/div><figcaption class=\"v-fc\">\n<span class=\"v-fc__t\"><br \/>\nSelecci\u00f3n de prendas de lunares<br \/>\n<\/span><br \/>\n<span class=\"v-fc__p\"><br \/>\nADIDAS<br \/>\n<\/span><br \/>\n<\/figcaption><\/div>\n<\/div>\n<\/article>\n<\/div>\n<\/div>\n<p class=\"voc-paragraph\">Hasta firmas m\u00e1s deportivas como <strong>Adidas<\/strong> han incorporado este estampado a sus prendas m\u00edticas, por lo que no pod\u00eda faltar en esta selecci\u00f3n sus pantalones Polka Dots Sprinter. Forman parte de la colecci\u00f3n adidas Originals y aportan un toque divertido a su dise\u00f1o cl\u00e1sico de pantalones cortos.<\/p>\n<p class=\"voc-paragraph\">Su corte entallado ofrece una silueta relajada que es a la vez elegante y pr\u00e1ctica, lo que los convierte en una gran elecci\u00f3n para el d\u00eda a d\u00eda. El cierre de cord\u00f3n ajustable permite mayor seguridad, sin comprometer la comodidad. Confeccionado con un <strong>material de raso<\/strong>, este pantal\u00f3n corto ofrece un tacto sofisticado y un aspecto elegante (40,00 \u20ac). <\/p>\n<div class=\"v-c-cmp v-c-cmp--t1 \">\n<div class=\"v-cmp-rld v-cmp-rld--2 \">\n<div class=\"v-cnt-m v-cnt-m--m\">\n<div class=\"v-cnt-m__c\">\n<div class=\"v-cnt-m__w v-cnt-m__w--1\">\n<p class=\"v-cnt-m__t\">\nTAMBI\u00c9N TE INTERESA\n<\/p>\n<\/div>\n<\/div>\n<\/div>\n<div class=\"v-g v-g--2-c v-g--bdr-min-xs\">\n<div class=\"v-g__c \">\n<article class=\"v-a v-a--cmp-rld v-a--cmp-rld-2 v-a--p-l\">\n<div class=\"v-a-img-c\">\n<figure class=\"v-a-fig\">\n<a href=\"https:\/\/www.mujerhoy.com\/moda\/no-te-pierdas\/como-llevar-azul-claro-primavera-bodas-eventos-vestidos-20260425110129-nt.html#vtm_modulosEngag=mod-rel:moda:noticia:1:cmp:2-not\" class=\"v-a-link\" title=\"C\u00f3mo llevar azul claro si tienes una boda esta primavera\"><br \/>\n<img loading=\"lazy\" class=\"v-a-img\" src=\"http:\/\/hoycordobaweb.com\/wp-content\/uploads\/2026\/04\/las-prendas-con-estampado-de-lunares-que-transformaran-todos-tus-looks-de-primavera-verano-2026-10.jpg\" alt=\"C\u00f3mo llevar azul claro si tienes una boda esta primavera\"><br \/>\n<\/a><br \/>\n<\/figure>\n<\/div>\n<\/article>\n<\/div>\n<div class=\"v-g__c \">\n<article class=\"v-a v-a--cmp-rld v-a--cmp-rld-2 v-a--p-l\">\n<div class=\"v-a-img-c\">\n<figure class=\"v-a-fig\">\n<a href=\"https:\/\/www.mujerhoy.com\/moda\/no-te-pierdas\/mejores-tops-flecos-primavera-20260424162522-nt.html#vtm_modulosEngag=mod-rel:moda:noticia:2:cmp:2-not\" class=\"v-a-link\" title=\"Seis tops de flecos para llevar con vaqueros y pantalones de traje\"><br \/>\n<img loading=\"lazy\" class=\"v-a-img\" src=\"http:\/\/hoycordobaweb.com\/wp-content\/uploads\/2026\/04\/las-prendas-con-estampado-de-lunares-que-transformaran-todos-tus-looks-de-primavera-verano-2026-11.jpg\" alt=\"Seis tops de flecos para llevar con vaqueros y pantalones de traje\"><br \/>\n<\/a><br \/>\n<\/figure>\n<\/div>\n<\/article>\n<\/div>\n<\/div>\n<\/div>\n<\/div>\n<div class=\"media_block\"><\/div>\n","protected":false},"excerpt":{"rendered":"<p>Cl\u00e1sicos, vers\u00e1tiles y con un encanto atemporal, los lunares regresan esta temporada con m\u00e1s fuerza que nunca para conquistar nuestro armario de los pr\u00f3ximos meses. Este estampado cl\u00e1sico se ha posicionado como uno de los grandes protagonistas del street style gracias a su capacidad de reinventarse en siluetas contempor\u00e1neas y combinaciones inesperadas. En un momento [&hellip;]<\/p>\n","protected":false},"author":1,"featured_media":135842,"comment_status":"closed","ping_status":"closed","sticky":false,"template":"","format":"standard","meta":[],"categories":[],"tags":[],"_links":{"self":[{"href":"http:\/\/hoycordobaweb.com\/index.php\/wp-json\/wp\/v2\/posts\/135841"}],"collection":[{"href":"http:\/\/hoycordobaweb.com\/index.php\/wp-json\/wp\/v2\/posts"}],"about":[{"href":"http:\/\/hoycordobaweb.com\/index.php\/wp-json\/wp\/v2\/types\/post"}],"author":[{"embeddable":true,"href":"http:\/\/hoycordobaweb.com\/index.php\/wp-json\/wp\/v2\/users\/1"}],"replies":[{"embeddable":true,"href":"http:\/\/hoycordobaweb.com\/index.php\/wp-json\/wp\/v2\/comments?post=135841"}],"version-history":[{"count":0,"href":"http:\/\/hoycordobaweb.com\/index.php\/wp-json\/wp\/v2\/posts\/135841\/revisions"}],"wp:featuredmedia":[{"embeddable":true,"href":"http:\/\/hoycordobaweb.com\/index.php\/wp-json\/wp\/v2\/media\/135842"}],"wp:attachment":[{"href":"http:\/\/hoycordobaweb.com\/index.php\/wp-json\/wp\/v2\/media?parent=135841"}],"wp:term":[{"taxonomy":"category","embeddable":true,"href":"http:\/\/hoycordobaweb.com\/index.php\/wp-json\/wp\/v2\/categories?post=135841"},{"taxonomy":"post_tag","embeddable":true,"href":"http:\/\/hoycordobaweb.com\/index.php\/wp-json\/wp\/v2\/tags?post=135841"}],"curies":[{"name":"wp","href":"https:\/\/api.w.org\/{rel}","templated":true}]}}