{"id":135839,"date":"2026-04-29T05:07:00","date_gmt":"2026-04-29T05:07:00","guid":{"rendered":"http:\/\/hoycordobaweb.com\/index.php\/2026\/04\/29\/milei-se-molesto-por-una-pregunta-sobre-la-inflacion-no-es-el-lugar-no-es-el-momento\/"},"modified":"2026-04-29T05:07:00","modified_gmt":"2026-04-29T05:07:00","slug":"milei-se-molesto-por-una-pregunta-sobre-la-inflacion-no-es-el-lugar-no-es-el-momento","status":"publish","type":"post","link":"http:\/\/hoycordobaweb.com\/index.php\/2026\/04\/29\/milei-se-molesto-por-una-pregunta-sobre-la-inflacion-no-es-el-lugar-no-es-el-momento\/","title":{"rendered":"Milei se molest\u00f3 por una pregunta sobre la inflaci\u00f3n: \u00abNo es el lugar, no es el momento\u00bb"},"content":{"rendered":"<div class=\"media_block\"><\/div>\n<div><img src=\"http:\/\/hoycordobaweb.com\/wp-content\/uploads\/2026\/04\/milei-se-molesto-por-una-pregunta-sobre-la-inflacion-no-es-el-lugar-no-es-el-momento.jpg\" class=\"ff-og-image-inserted\"><\/div>\n<p>El presidente <a target=\"_blank\" href=\"https:\/\/www.perfil.com\/noticias\/politica\/en-el-palacio-libertad-milei-vuelve-a-defender-su-modelo-economico-con-criticas-a-keynes-y-la-mirada-puesta-en-la-inflacion.phtml\" rel=\"noopener noreferrer\"><strong>Javier Milei<\/strong><\/a> protagoniz\u00f3 un<strong> momento de tensi\u00f3n<\/strong> durante una actividad acad\u00e9mica en el<strong> Palacio Libertad.<\/strong> El mandatario se molest\u00f3 cuando fue consultado por la<strong> inflaci\u00f3n <\/strong>y respondi\u00f3: \u00abNo es el momento, no es el lugar\u00bb. <\/p>\n<p>Milei encabez\u00f3 una<strong> jornada centrada en el pensamiento de John Maynard Keynes<\/strong>, en un encuentro que reuni\u00f3 economistas y dirigentes afines a las ideas de la libertad, seg\u00fan pudo confirmar la agencia <em>Noticias Argentina<\/em>. <\/p>\n<p class=\"destacadoNota\"><a target=\"_blank\" href=\"https:\/\/www.perfil.com\/noticias\/politica\/adorni-presente-acompano-a-monteoliva-en-un-operativo-de-destruccion-de-drogas.phtml\" rel=\"noopener noreferrer\">Adorni presente: acompa\u00f1\u00f3 a Monteoliva en un operativo de destrucci\u00f3n de drogas<\/a><\/p>\n<div class=\"subscription\" readability=\"6.683257918552\">\n<p> Esto no les gusta a los autoritarios <\/p>\n<div class=\"subscription__container\" readability=\"6.1467391304348\">\n<div class=\"subscription__text-wrapper\" readability=\"31.20652173913\">\n<p> El ejercicio del periodismo profesional y cr\u00edtico es un pilar fundamental de la democracia. Por eso molesta a quienes creen ser los due\u00f1os de la verdad. <\/p>\n<\/p><\/div><\/div><\/div>\n<p>El libertario comparti\u00f3 el panel con el <strong>diputado Adri\u00e1n Ravier y el economista Juan Carlos de Pablo<\/strong>. El debate combin\u00f3 teor\u00eda econ\u00f3mica y cr\u00edticas al intervencionismo estatal. <\/p>\n<p>Pese a que la actividad transcurr\u00eda dentro de un marco acad\u00e9mico, una intervenci\u00f3n del p\u00fablico alter\u00f3 el clima. Un joven <strong>tom\u00f3 la palabra y plante\u00f3 su preocupaci\u00f3n por la suba de la inflaci\u00f3n<\/strong>. <\/p>\n<p class=\"destacadoNota\"><a target=\"_blank\" href=\"https:\/\/www.perfil.com\/noticias\/politica\/el-gobierno-le-arrebato-la-causa-de-la-reforma-laboral-al-fuero-del-trabajo-y-se-anoto-otra-victoria-ante-la-cgt.phtml\" rel=\"noopener noreferrer\">El Gobierno le arrebat\u00f3 la causa de la reforma laboral al fuero del Trabajo y se anot\u00f3 otra victoria ante la CGT<\/a><\/p>\n<p>La consulta gener\u00f3 una reacci\u00f3n inmediata del presidente, quien interrumpi\u00f3 al asistente y rechaz\u00f3 la pregunta por considerarla fuera de contexto. <strong>\u201cNo es el lugar, no es el momento\u201d, insisti\u00f3 en varias oportunidades. <\/strong><\/p>\n<p>La pregunta <strong>mostr\u00f3 la incomodidad por el giro hacia la coyuntura econ\u00f3mica<\/strong>. Milei busc\u00f3 encauzar nuevamente la charla hacia el eje te\u00f3rico previsto para la jornada y evitar referirse a la evoluci\u00f3n de los precios. <\/p>\n","protected":false},"excerpt":{"rendered":"<p>El presidente Javier Milei protagoniz\u00f3 un momento de tensi\u00f3n durante una actividad acad\u00e9mica en el Palacio Libertad. El mandatario se molest\u00f3 cuando fue consultado por la inflaci\u00f3n y respondi\u00f3: \u00abNo es el momento, no es el lugar\u00bb. Milei encabez\u00f3 una jornada centrada en el pensamiento de John Maynard Keynes, en un encuentro que reuni\u00f3 economistas [&hellip;]<\/p>\n","protected":false},"author":1,"featured_media":135840,"comment_status":"closed","ping_status":"closed","sticky":false,"template":"","format":"standard","meta":[],"categories":[19],"tags":[175,80,3097,1103],"_links":{"self":[{"href":"http:\/\/hoycordobaweb.com\/index.php\/wp-json\/wp\/v2\/posts\/135839"}],"collection":[{"href":"http:\/\/hoycordobaweb.com\/index.php\/wp-json\/wp\/v2\/posts"}],"about":[{"href":"http:\/\/hoycordobaweb.com\/index.php\/wp-json\/wp\/v2\/types\/post"}],"author":[{"embeddable":true,"href":"http:\/\/hoycordobaweb.com\/index.php\/wp-json\/wp\/v2\/users\/1"}],"replies":[{"embeddable":true,"href":"http:\/\/hoycordobaweb.com\/index.php\/wp-json\/wp\/v2\/comments?post=135839"}],"version-history":[{"count":0,"href":"http:\/\/hoycordobaweb.com\/index.php\/wp-json\/wp\/v2\/posts\/135839\/revisions"}],"wp:featuredmedia":[{"embeddable":true,"href":"http:\/\/hoycordobaweb.com\/index.php\/wp-json\/wp\/v2\/media\/135840"}],"wp:attachment":[{"href":"http:\/\/hoycordobaweb.com\/index.php\/wp-json\/wp\/v2\/media?parent=135839"}],"wp:term":[{"taxonomy":"category","embeddable":true,"href":"http:\/\/hoycordobaweb.com\/index.php\/wp-json\/wp\/v2\/categories?post=135839"},{"taxonomy":"post_tag","embeddable":true,"href":"http:\/\/hoycordobaweb.com\/index.php\/wp-json\/wp\/v2\/tags?post=135839"}],"curies":[{"name":"wp","href":"https:\/\/api.w.org\/{rel}","templated":true}]}}