{"id":135835,"date":"2026-04-29T02:41:29","date_gmt":"2026-04-29T02:41:29","guid":{"rendered":"https:\/\/www.ole.com.ar\/futbol-internacional\/libertadores\/quedo-grupo-boca-libertadores-necesita-clasificar-octavos-final_0_wwHn9KGojs.html"},"modified":"2026-04-29T02:41:29","modified_gmt":"2026-04-29T02:41:29","slug":"como-quedo-el-grupo-de-boca-en-la-libertadores-y-que-necesita-para-clasificar-a-octavos","status":"publish","type":"post","link":"http:\/\/hoycordobaweb.com\/index.php\/2026\/04\/29\/como-quedo-el-grupo-de-boca-en-la-libertadores-y-que-necesita-para-clasificar-a-octavos\/","title":{"rendered":"C\u00f3mo qued\u00f3 el grupo de Boca en la Libertadores y qu\u00e9 necesita para clasificar a octavos"},"content":{"rendered":"<p><img src=\"http:\/\/hoycordobaweb.com\/wp-content\/uploads\/2026\/04\/como-quedo-el-grupo-de-boca-en-la-libertadores-y-que-necesita-para-clasificar-a-octavos.jpg\"><\/p>\n<p><span class=\"createDate\">28\/04\/2026 23:41hs.<\/span><time class=\"modificatedDate\" datetime=\"2026-04-29T00:16:39-03:00\"> Actualizado al 29\/04\/2026 00:16hs.<\/time><\/p>\n<div id=\"storyBody\">\n<div id=\"element-body-0\" class=\"sc-136cd478-0 ekTCfV\" readability=\"38.055555555556\">\n<p>Paso en falso para <a href=\"https:\/\/www.ole.com.ar\/tema\/boca-juniors.html\" title=\"Boca Juniors\" alt=\"Boca Juniors\" class=\"slug\">Boca<\/a> en Brasil. En un mal partido, marcado por la exagerada expulsi\u00f3n a Adam Bareiro, <strong>el Xeneize cay\u00f3 1-0 ante Cruzeiro en Brasil por la tercera fecha de la <a href=\"https:\/\/www.ole.com.ar\/tema\/copa-libertadores.html\" title=\"Copa Libertadores\" alt=\"Copa Libertadores\" class=\"slug\">Copa Libertadores<\/a><\/strong>. En un partido muy luchado, el Xeneize no pudo resistir en un segundo tiempo con 10 hombres y sufri\u00f3 una dura derrota, no solo porque le corta un invicto de 14 partidos, sino porque tambi\u00e9n significa caer al segundo puesto de Grupo D.<\/p>\n<\/div>\n<div id=\"element-body-1\" class=\"sc-136cd478-0 ekTCfV\" readability=\"40\">\n<p>Con el cambio de reglamento, a partir de esta temporada el primer criterio de desempate son los partidos entre los equipos involucrados. Es por eso que, pese a tener los mismos puntos y mejor diferencia de gol, <strong>el Xeneize perdi\u00f3 la punta a manos del conjunto brasile\u00f1o<\/strong>. Ahora, deber\u00e1 estar atento al duelo entre Barcelona U. Cat\u00f3lica, que se enfrentar\u00e1n este mi\u00e9rcoles en Ecuador. Mir\u00e1 c\u00f3mo queda todo y qu\u00e9 necesita Boca para avanzar.<\/p>\n<\/div>\n<div class=\"sc-e7b891c4-0 ifHnQL image-embed\" id=\"element-body-2\"><img alt=\"Boca cay\u00f3 y se complic\u00f3 un poco (AP).\" loading=\"lazy\" width=\"720\" height=\"100\" decoding=\"async\" data-nimg=\"1\" src=\"http:\/\/hoycordobaweb.com\/wp-content\/uploads\/2026\/04\/como-quedo-el-grupo-de-boca-en-la-libertadores-y-que-necesita-para-clasificar-a-octavos-2.jpg\"><span class=\"epigraphe\">Boca cay\u00f3 y se complic\u00f3 un poco (AP).<\/span><\/div>\n<p><h2><strong>As\u00ed qued\u00f3 el Grupo D de Boca en la Libertadores<\/strong><\/h2>\n<\/p>\n<div id=\"element-body-4\" class=\"sc-136cd478-0 ekTCfV\">\n<ol>\n<li>Cruzeiro &#8211; 6pts (+1DG)<\/li>\n<li>Boca &#8211; 6pts (+3DG)<\/li>\n<li>U. Cat\u00f3lica &#8211; 3pts (0DG)<\/li>\n<li>Barcelona &#8211; 0pts (-4DG)<\/li>\n<\/ol>\n<\/div>\n<div id=\"element-body-5\" class=\"sc-136cd478-0 ekTCfV\" readability=\"34\">\n<p>Recordemos que en la Copa, el primer criterio de desempate de desempate son los partidos entre los rivales afectados.<\/p>\n<\/div>\n<p><h2><strong>As\u00ed sigue el fixture de Boca, con una dura seguidilla de visitante<\/strong><\/h2>\n<\/p>\n<div id=\"element-body-7\" class=\"sc-136cd478-0 ekTCfV\" readability=\"39\">\n<p>Luego de la derrota ante Cruzeiro, el Xeneize debe prepararse para afrontar la \u00faltima fecha del Torneo Apertura. Este s\u00e1bado, el equipo de Ubeda visitar\u00e1 a Santiago del Estero para medirse con Central C\u00f3rdoba con la misi\u00f3n de ganar y tratar de quedar como puntero de la Zona A. De todas formas, <strong>el CABJ ya est\u00e1 clasificado a playoffs<\/strong>, aunque la posici\u00f3n final ser\u00e1 determinante para tener ventaja de local\u00eda en los mata-mata.<\/p>\n<\/div>\n<div id=\"element-body-8\" class=\"sc-136cd478-0 ekTCfV\" readability=\"37\">\n<p>Luego de ese encuentro, Boca seguir\u00e1 siendo visitante: <strong>el martes 5 de mayo, visitar\u00e1 a Barcelona de Ecuador<\/strong> -rival al que aplast\u00f3 3-0 como local- por la fecha 4 de la Copa Libertadores Este ser\u00e1 su \u00faltimo partido en esa condici\u00f3n, ya que sus \u00faltimos dos presentaciones ser\u00e1n en La Bombonera.<\/p>\n<\/div>\n<div id=\"element-body-9\" class=\"sc-136cd478-0 ekTCfV\" readability=\"38\">\n<p>Aunque antes de terminar su actuaci\u00f3n en la fase de grupos, <strong>el equipo de la Ribera deber\u00e1 pensar en las rondas eliminatorias del campeonato local<\/strong>. Los octavos de final se jugar\u00e1n el fin de semana del domingo 10\/5 final, los cuartos de final ser\u00e1n entre el martes 12 y el jueves 14, mientas que las semis se jugar\u00e1n el finde del 17 de mayo.<\/p>\n<\/div>\n<div id=\"element-body-10\" class=\"sc-136cd478-0 ekTCfV\" readability=\"36\">\n<p>Luego de esas tres rondas de playoffs, el Xeneize deber\u00e1 volver a poner la mente en la Libertadores. <strong>El martes 19\/5, Boca recibir\u00e1 a Cruzeiro por la quinta fecha<\/strong>. Y el jueves 28 de mayo cerrar\u00e1 su actuaci\u00f3n en la fase de grupos <strong>al recibir a U. Cat\u00f3lica de Chile<\/strong>.<\/p>\n<\/div>\n<div class=\"sc-e7b891c4-0 ifHnQL image-embed\" id=\"element-body-11\"><img alt=\"Paredes ante Cruzeiro (AFP).\" loading=\"lazy\" width=\"720\" height=\"100\" decoding=\"async\" data-nimg=\"1\" src=\"http:\/\/hoycordobaweb.com\/wp-content\/uploads\/2026\/04\/como-quedo-el-grupo-de-boca-en-la-libertadores-y-que-necesita-para-clasificar-a-octavos-3.jpg\"><span class=\"epigraphe\">Paredes ante Cruzeiro (AFP).<\/span><\/div>\n<div id=\"element-body-12\" class=\"sc-136cd478-0 ekTCfV\" readability=\"40\">\n<p><strong>Para clasificar a los octavos de final sin depender de nadie, el CABJ necesita sacar al menos 7 puntos<\/strong>. De esta manera, el Xeneize llegar\u00eda a 13 puntos e impedir\u00eda que U. Cat\u00f3lica y Cruzeiro puedan pasarlo, debido a que se sacar\u00e1n puntos entre ellos (se enfrentan en la pr\u00f3xima fecha). Eso s\u00ed: <strong>Cruzeiro a\u00fan podr\u00eda superarlo debido a que el primer criterio de desempate son los partidos entre s\u00ed, por lo que esto no le garantizar\u00eda ganar la zona<\/strong>, aunque si meterse en octavos.<\/p>\n<\/div>\n<div id=\"element-body-13\" class=\"sc-136cd478-0 ekTCfV\" readability=\"38\">\n<p><strong>En caso de sacar seis de los nueve puntos que quedan en juego, el Xeneize tambi\u00e9n podr\u00eda clasificar a la pr\u00f3xima ronda<\/strong>, aunque U. Cat\u00f3lica y Cruzeiro podr\u00edan llegar a los 12 puntos y generar un triple empate donde todo se definir\u00eda por diferencia de gol. De todas formas, falta mucho y todo puede cambiar&#8230;<\/p>\n<\/div>\n<div id=\"element-body-14\" class=\"sc-136cd478-0 ekTCfV\" readability=\"36\">\n<p>\u00bfY la final del Torneo Apertura? Est\u00e1 programada para el 24 de mayo, por lo que,en caso de llegar, Boca afrontar\u00eda la final en el medio de las fechas 5 y 6 de la Libertadores.<\/p>\n<\/div>\n<p><h2><strong>Video: el resumen del triunfo de Cruzeiro sobre Boca por la Libertadores<\/strong><\/h2>\n<\/p>\n<div id=\"element-body-16\" class=\"sc-ef81c825-1 evSCNc\"><figcaption class=\"JWvideoNota_title\">\n<p>Video: FOX Sports<\/p>\n<\/figcaption><\/div>\n<div id=\"element-body-17\" class=\"sc-a7166897-0 eoLsBE\" readability=\"31.5\">\n<section readability=\"3\"><picture><img alt=\"Boca caliente: derrota ante Cruzeiro, chau invicto y final escandaloso\" loading=\"lazy\" width=\"290\" height=\"290\" decoding=\"async\" data-nimg=\"1\" src=\"http:\/\/hoycordobaweb.com\/wp-content\/uploads\/2026\/04\/como-quedo-el-grupo-de-boca-en-la-libertadores-y-que-necesita-para-clasificar-a-octavos-4.jpg\"><\/picture>\n<p><span>Mir\u00e1 tambi\u00e9n<\/span><\/p>\n<hr>\n<h3>Boca caliente: derrota ante Cruzeiro, chau invicto y final escandaloso<\/h3>\n<\/p>\n<\/section>\n<\/div>\n<div id=\"element-body-18\" class=\"sc-a7166897-0 eoLsBE\" readability=\"31\">\n<section readability=\"2\"><picture><img alt=\"Descontrol final: los de Boca fueron a buscar a un jugador de Cruzeiro y casi se arma\" loading=\"lazy\" width=\"290\" height=\"290\" decoding=\"async\" data-nimg=\"1\" src=\"http:\/\/hoycordobaweb.com\/wp-content\/uploads\/2026\/04\/como-quedo-el-grupo-de-boca-en-la-libertadores-y-que-necesita-para-clasificar-a-octavos-5.jpg\"><\/picture>\n<p><span>Mir\u00e1 tambi\u00e9n<\/span><\/p>\n<hr>\n<h3>Descontrol final: los de Boca fueron a buscar a un jugador de Cruzeiro y casi se arma<\/h3>\n<\/p>\n<\/section>\n<\/div>\n<div id=\"element-body-19\" class=\"sc-a7166897-0 eoLsBE\" readability=\"31\">\n<section readability=\"2\"><picture><img alt=\"Ubeda y el final: &quot;Una reacci\u00f3n l\u00f3gica cuando el rival te carga&quot;\" loading=\"lazy\" width=\"290\" height=\"290\" decoding=\"async\" data-nimg=\"1\" src=\"http:\/\/hoycordobaweb.com\/wp-content\/uploads\/2026\/04\/como-quedo-el-grupo-de-boca-en-la-libertadores-y-que-necesita-para-clasificar-a-octavos-6.jpg\"><\/picture>\n<p><span>Mir\u00e1 tambi\u00e9n<\/span><\/p>\n<hr>\n<h3>Ubeda y el final: \u00abUna reacci\u00f3n l\u00f3gica cuando el rival te carga\u00bb<\/h3>\n<\/p>\n<\/section>\n<\/div>\n<div id=\"element-body-20\" class=\"sc-a7166897-0 eoLsBE\" readability=\"31\">\n<section readability=\"2\"><picture><img alt=\"Detuvieron a un hincha de Boca por racismo en el Mineirao\" loading=\"lazy\" width=\"290\" height=\"290\" decoding=\"async\" data-nimg=\"1\" src=\"http:\/\/hoycordobaweb.com\/wp-content\/uploads\/2026\/04\/como-quedo-el-grupo-de-boca-en-la-libertadores-y-que-necesita-para-clasificar-a-octavos-7.jpg\"><\/picture>\n<p><span>Mir\u00e1 tambi\u00e9n<\/span><\/p>\n<hr>\n<h3>Detuvieron a un hincha de Boca por racismo en el Mineirao<\/h3>\n<\/p>\n<\/section>\n<\/div>\n<div id=\"element-body-21\" class=\"sc-a7166897-0 eoLsBE\" readability=\"31\">\n<section readability=\"2\"><picture><img alt=\"El uno por uno de la caldeada derrota de Boca con Cruzeiro en la Libertadores\" loading=\"lazy\" width=\"290\" height=\"290\" decoding=\"async\" data-nimg=\"1\" src=\"http:\/\/hoycordobaweb.com\/wp-content\/uploads\/2026\/04\/como-quedo-el-grupo-de-boca-en-la-libertadores-y-que-necesita-para-clasificar-a-octavos-8.jpg\"><\/picture>\n<p><span>Mir\u00e1 tambi\u00e9n<\/span><\/p>\n<hr>\n<h3>El uno por uno de la caldeada derrota de Boca con Cruzeiro en la Libertadores<\/h3>\n<\/p>\n<\/section>\n<\/div>\n<\/div>\n","protected":false},"excerpt":{"rendered":"<p>28\/04\/2026 23:41hs. Actualizado al 29\/04\/2026 00:16hs. Paso en falso para Boca en Brasil. En un mal partido, marcado por la exagerada expulsi\u00f3n a Adam Bareiro, el Xeneize cay\u00f3 1-0 ante Cruzeiro en Brasil por la tercera fecha de la Copa Libertadores. En un partido muy luchado, el Xeneize no pudo resistir en un segundo tiempo [&hellip;]<\/p>\n","protected":false},"author":1,"featured_media":135836,"comment_status":"open","ping_status":"closed","sticky":false,"template":"","format":"standard","meta":[],"categories":[16],"tags":[],"_links":{"self":[{"href":"http:\/\/hoycordobaweb.com\/index.php\/wp-json\/wp\/v2\/posts\/135835"}],"collection":[{"href":"http:\/\/hoycordobaweb.com\/index.php\/wp-json\/wp\/v2\/posts"}],"about":[{"href":"http:\/\/hoycordobaweb.com\/index.php\/wp-json\/wp\/v2\/types\/post"}],"author":[{"embeddable":true,"href":"http:\/\/hoycordobaweb.com\/index.php\/wp-json\/wp\/v2\/users\/1"}],"replies":[{"embeddable":true,"href":"http:\/\/hoycordobaweb.com\/index.php\/wp-json\/wp\/v2\/comments?post=135835"}],"version-history":[{"count":0,"href":"http:\/\/hoycordobaweb.com\/index.php\/wp-json\/wp\/v2\/posts\/135835\/revisions"}],"wp:featuredmedia":[{"embeddable":true,"href":"http:\/\/hoycordobaweb.com\/index.php\/wp-json\/wp\/v2\/media\/135836"}],"wp:attachment":[{"href":"http:\/\/hoycordobaweb.com\/index.php\/wp-json\/wp\/v2\/media?parent=135835"}],"wp:term":[{"taxonomy":"category","embeddable":true,"href":"http:\/\/hoycordobaweb.com\/index.php\/wp-json\/wp\/v2\/categories?post=135835"},{"taxonomy":"post_tag","embeddable":true,"href":"http:\/\/hoycordobaweb.com\/index.php\/wp-json\/wp\/v2\/tags?post=135835"}],"curies":[{"name":"wp","href":"https:\/\/api.w.org\/{rel}","templated":true}]}}