{"id":135829,"date":"2026-04-29T03:01:05","date_gmt":"2026-04-29T03:01:05","guid":{"rendered":"https:\/\/www.ole.com.ar\/boca-juniors\/ubeda-final-reaccion-logica-rival-carga_0_4O8RCGKjs1.html"},"modified":"2026-04-29T03:01:05","modified_gmt":"2026-04-29T03:01:05","slug":"ubeda-y-el-final-una-reaccion-logica-cuando-el-rival-te-carga","status":"publish","type":"post","link":"http:\/\/hoycordobaweb.com\/index.php\/2026\/04\/29\/ubeda-y-el-final-una-reaccion-logica-cuando-el-rival-te-carga\/","title":{"rendered":"Ubeda y el final: \u00abUna reacci\u00f3n l\u00f3gica cuando el rival te carga\u00bb"},"content":{"rendered":"<p><img src=\"http:\/\/hoycordobaweb.com\/wp-content\/uploads\/2026\/04\/ubeda-y-el-final-una-reaccion-logica-cuando-el-rival-te-carga.jpg\"><\/p>\n<p><time class=\"createDate\" datetime=\"2026-04-29T00:01:05-03:00\">29\/04\/2026 00:01hs.<\/time><\/p>\n<div id=\"storyBody\">\n<div id=\"element-body-0\" class=\"sc-136cd478-0 ekTCfV\" readability=\"37\">\n<p>El planteo inteligente de Claudio Ubeda que tanto le result\u00f3 en el Monumental o en los 14 partidos que su Boca estuvo invicto. Tuvo alteraciones. No por propia mano del entrenador, sino por la pol\u00e9mica tarjeta roja que le sac\u00f3 Ostajich a Adam Bareiro. Y al ser la primer derrota de Boca en la Copa Libertadores, el arbitraje fue el foco principal de Sif\u00f3n tras sentirse perjudicado. <\/p>\n<\/div>\n<div id=\"element-body-1\" class=\"sc-136cd478-0 ekTCfV\" readability=\"38\">\n<p><strong>\u201cRespecto a la expulsi\u00f3n, nosotros vimos que no hab\u00eda sido para nada sancionable. El \u00e1rbitro decide sacar segunda tarjeta amarilla que cuando uno observa la imagen te das cuenta que Adam nunca hace el gesto de golpear. Nos condicion\u00f3 todo el partido, y nos dificult\u00f3 nuestro plan de juego\u201d<\/strong>, se quej\u00f3 Sif\u00f3n. Y agreg\u00f3: \u201cQued\u00f3 a la vista como fue el arbitraje de Ostojich. Tuvo un exceso de protagonismo. Saco demasiadas amarillas\u201d.<\/p>\n<\/div>\n<div id=\"element-body-2\" class=\"sc-136cd478-0 ekTCfV\" readability=\"36\">\n<p>Ubeda intent\u00f3 meter mano para acomodar e intentar aguantar el resultado pero no lo logr\u00f3. Modific\u00f3 e intent\u00f3 jugar con cinco defensores en el fondo y jugar al contragolpe con el Chango pero no le result\u00f3. Y Sif\u00f3n no le fue esquiva a esa pregunta: <strong>\u201cNo fue para retrasarnos, sino para que tanto Blanco y Weigandt tengan la opci\u00f3n de pasar al ataque. Queriamos encontrar los espacios a traves del contragolpe. No fue una estrategia para tirarnos atr\u00e1s<\/strong><\/p>\n<\/div>\n<div id=\"element-body-3\" class=\"sc-136cd478-0 ekTCfV\" readability=\"36\">\n<p>Respecto al final caliente que se vivi\u00f3 entre los jugadores tras las cargadas, Ubeda fue claro. \u201dQuiero valorar el esfuerzo colectivo porque tuvmos mucho orden. La reacci\u00f3n final es l\u00f3gica cuando perdes y tenes un rival que provoca. Intentamos todos que no pase a mayores\u201d, analiz\u00f3 el DT.<\/p>\n<\/div>\n<div id=\"element-body-4\" class=\"sc-a7166897-0 eoLsBE\" readability=\"31.5\">\n<section readability=\"3\"><picture><img alt=\"Boca caliente: derrota ante Cruzeiro, chau invicto y final escandaloso\" loading=\"lazy\" width=\"290\" height=\"290\" decoding=\"async\" data-nimg=\"1\" src=\"http:\/\/hoycordobaweb.com\/wp-content\/uploads\/2026\/04\/ubeda-y-el-final-una-reaccion-logica-cuando-el-rival-te-carga-2.jpg\"><\/picture>\n<p><span>Mir\u00e1 tambi\u00e9n<\/span><\/p>\n<hr>\n<h3>Boca caliente: derrota ante Cruzeiro, chau invicto y final escandaloso<\/h3>\n<\/p>\n<\/section>\n<\/div>\n<div id=\"element-body-5\" class=\"sc-a7166897-0 eoLsBE\" readability=\"31\">\n<section readability=\"2\"><picture><img alt=\"Paredes y una noche al l\u00edmite: &quot;El \u00e1rbitro se comport\u00f3 igual desde el minuto cero&quot;\" loading=\"lazy\" width=\"290\" height=\"290\" decoding=\"async\" data-nimg=\"1\" src=\"http:\/\/hoycordobaweb.com\/wp-content\/uploads\/2026\/04\/ubeda-y-el-final-una-reaccion-logica-cuando-el-rival-te-carga-3.jpg\"><\/picture>\n<p><span>Mir\u00e1 tambi\u00e9n<\/span><\/p>\n<hr>\n<h3>Paredes y una noche al l\u00edmite: \u00abEl \u00e1rbitro se comport\u00f3 igual desde el minuto cero\u00bb<\/h3>\n<\/p>\n<\/section>\n<\/div>\n<div id=\"element-body-6\" class=\"sc-a7166897-0 eoLsBE\" readability=\"31\">\n<section readability=\"2\"><picture><img alt=\"\u00bfQu\u00e9 le conviene a Boca en el partido Barcelona - Universidad Cat\u00f3lica?\" loading=\"lazy\" width=\"290\" height=\"290\" decoding=\"async\" data-nimg=\"1\" src=\"http:\/\/hoycordobaweb.com\/wp-content\/uploads\/2026\/04\/ubeda-y-el-final-una-reaccion-logica-cuando-el-rival-te-carga-4.jpg\"><\/picture>\n<p><span>Mir\u00e1 tambi\u00e9n<\/span><\/p>\n<hr>\n<h3>\u00bfQu\u00e9 le conviene a Boca en el partido Barcelona &#8211; Universidad Cat\u00f3lica?<\/h3>\n<\/p>\n<\/section>\n<\/div>\n<\/div>\n","protected":false},"excerpt":{"rendered":"<p>29\/04\/2026 00:01hs. El planteo inteligente de Claudio Ubeda que tanto le result\u00f3 en el Monumental o en los 14 partidos que su Boca estuvo invicto. Tuvo alteraciones. No por propia mano del entrenador, sino por la pol\u00e9mica tarjeta roja que le sac\u00f3 Ostajich a Adam Bareiro. Y al ser la primer derrota de Boca en [&hellip;]<\/p>\n","protected":false},"author":1,"featured_media":135830,"comment_status":"open","ping_status":"closed","sticky":false,"template":"","format":"standard","meta":[],"categories":[16],"tags":[],"_links":{"self":[{"href":"http:\/\/hoycordobaweb.com\/index.php\/wp-json\/wp\/v2\/posts\/135829"}],"collection":[{"href":"http:\/\/hoycordobaweb.com\/index.php\/wp-json\/wp\/v2\/posts"}],"about":[{"href":"http:\/\/hoycordobaweb.com\/index.php\/wp-json\/wp\/v2\/types\/post"}],"author":[{"embeddable":true,"href":"http:\/\/hoycordobaweb.com\/index.php\/wp-json\/wp\/v2\/users\/1"}],"replies":[{"embeddable":true,"href":"http:\/\/hoycordobaweb.com\/index.php\/wp-json\/wp\/v2\/comments?post=135829"}],"version-history":[{"count":0,"href":"http:\/\/hoycordobaweb.com\/index.php\/wp-json\/wp\/v2\/posts\/135829\/revisions"}],"wp:featuredmedia":[{"embeddable":true,"href":"http:\/\/hoycordobaweb.com\/index.php\/wp-json\/wp\/v2\/media\/135830"}],"wp:attachment":[{"href":"http:\/\/hoycordobaweb.com\/index.php\/wp-json\/wp\/v2\/media?parent=135829"}],"wp:term":[{"taxonomy":"category","embeddable":true,"href":"http:\/\/hoycordobaweb.com\/index.php\/wp-json\/wp\/v2\/categories?post=135829"},{"taxonomy":"post_tag","embeddable":true,"href":"http:\/\/hoycordobaweb.com\/index.php\/wp-json\/wp\/v2\/tags?post=135829"}],"curies":[{"name":"wp","href":"https:\/\/api.w.org\/{rel}","templated":true}]}}