{"id":135825,"date":"2026-04-29T03:10:58","date_gmt":"2026-04-29T03:10:58","guid":{"rendered":"https:\/\/www.ole.com.ar\/boca-juniors\/boca-cruzeiro-racismo-mineirao_0_RvYEytB6z6.html"},"modified":"2026-04-29T03:10:58","modified_gmt":"2026-04-29T03:10:58","slug":"detuvieron-a-un-hincha-de-boca-por-racismo-en-el-mineirao","status":"publish","type":"post","link":"http:\/\/hoycordobaweb.com\/index.php\/2026\/04\/29\/detuvieron-a-un-hincha-de-boca-por-racismo-en-el-mineirao\/","title":{"rendered":"Detuvieron a un hincha de Boca por racismo en el Mineirao"},"content":{"rendered":"<p><img src=\"http:\/\/hoycordobaweb.com\/wp-content\/uploads\/2026\/04\/detuvieron-a-un-hincha-de-boca-por-racismo-en-el-mineirao.jpg\"><\/p>\n<p><time class=\"createDate\" datetime=\"2026-04-29T00:10:58-03:00\">29\/04\/2026 00:10hs.<\/time><\/p>\n<div id=\"storyBody\">\n<div id=\"element-body-0\" class=\"sc-136cd478-0 ekTCfV\" readability=\"34.474226804124\">\n<p><strong>Un hincha de <a href=\"https:\/\/www.ole.com.ar\/tema\/boca-juniors.html\" title=\"Boca Juniors\" alt=\"Boca Juniors\" class=\"slug\">Boca<\/a> fue detenido por realizar un gesto racista hacia la torcida de <a href=\"https:\/\/www.ole.com.ar\/tema\/cruzeiro.html\" title=\"Cruzeiro\" alt=\"Cruzeiro\" class=\"slug\">Cruzeiro<\/a><\/strong>, durante el partido que <a href=\"https:\/\/www.ole.com.ar\/futbol-internacional\/libertadores\/cruziero-vs-boca-partido-fecha-3-copa-libertadores-minuto-minuto_0_B0FtVfvnMZ.html\" target=\"_self\" title=\"el Xeneize perdi\u00f3 1 a 0\" alt=\"el Xeneize perdi\u00f3 1 a 0\" rel=\"noopener noreferrer\">el Xeneize perdi\u00f3 1 a 0<\/a> ante el Raposa en el Mineirao. Ocurri\u00f3 despu\u00e9s de un cruce de gritos entre ambos lados: <strong>el individuo, que vest\u00eda una camiseta amarilla, les se\u00f1al\u00f3 su color de piel a los locales.<\/strong> Fue grabado por una c\u00e1mara y el video lo difundi\u00f3 Globoesporte.<\/p>\n<\/div>\n<div id=\"element-body-1\" class=\"sc-136cd478-0 ekTCfV\" readability=\"35\">\n<p>Antes del inicio del segundo tiempo, la polic\u00eda <strong>fue a buscar al hincha, lo espos\u00f3 y lo retir\u00f3 del estadio.<\/strong><\/p>\n<\/div>\n<p><h2><strong>Mir\u00e1 el video del hincha argentino detenido<\/strong><\/h2>\n<\/p>\n<div id=\"element-body-3\" class=\"sc-ef81c825-1 evSCNc\" readability=\"31.5\"><figcaption class=\"JWvideoNota_title\" readability=\"3\">\n<p>Un seguidor del Xeneize fue captado por las c\u00e1maras y la polic\u00eda se lo llev\u00f3 detenido. Fuente: Globoesporte.<\/p>\n<\/figcaption><\/div>\n<div id=\"element-body-4\" class=\"sc-136cd478-0 ekTCfV\" readability=\"26.54748603352\">\n<p>No es la primera vez que pasa que un hincha de Boca comete un error de esta gravedad. <a href=\"https:\/\/www.ole.com.ar\/boca-juniors\/boca-racismo-san-pablo-hincha_0_xekhVssyJn.html\" target=\"_self\" title=\"Ocurri\u00f3 en 2022 contra Corinthians\" alt=\"Ocurri\u00f3 en 2022 contra Corinthians\" rel=\"noopener noreferrer\">Ocurri\u00f3 en 2022 contra Corinthians<\/a>. El hombre sali\u00f3 al d\u00eda siguiente tras pagar una multa. <\/p>\n<\/div>\n<div id=\"element-body-5\" class=\"sc-136cd478-0 ekTCfV\" readability=\"38\">\n<p>Pero ahora la legislaci\u00f3n es m\u00e1s grave. Tras la reforma de 2023, se estableci\u00f3 penas de prisi\u00f3n de 2 a 5 a\u00f1os, adem\u00e1s de penas econ\u00f3micas y se perdieron beneficios procesales. Por caso, la argentina Agostina P\u00e1ez estuvo detenida y debi\u00f3 pagar una fuerte multa para poder dejar el pa\u00eds despu\u00e9s de m\u00e1s de un mes por imitar el movimiento corporar de un mono tras una discusi\u00f3n en un bar.<\/p>\n<\/div>\n<div class=\"sc-e7b891c4-0 ifHnQL image-embed\" id=\"element-body-6\"><img alt=\"Los fans de Cruzeiro ante Boca Juniors en el Mineirao.\" loading=\"lazy\" width=\"720\" height=\"100\" decoding=\"async\" data-nimg=\"1\" src=\"http:\/\/hoycordobaweb.com\/wp-content\/uploads\/2026\/04\/detuvieron-a-un-hincha-de-boca-por-racismo-en-el-mineirao-2.jpg\"><span class=\"epigraphe\">Los fans de Cruzeiro ante Boca Juniors en el Mineirao.<\/span><\/div>\n<div class=\"sc-e7b891c4-0 ifHnQL image-embed\" id=\"element-body-7\"><img alt=\"Los fans de Cruzeiro (Reuters). \" loading=\"lazy\" width=\"720\" height=\"100\" decoding=\"async\" data-nimg=\"1\" src=\"http:\/\/hoycordobaweb.com\/wp-content\/uploads\/2026\/04\/detuvieron-a-un-hincha-de-boca-por-racismo-en-el-mineirao-3.jpg\"><span class=\"epigraphe\">Los fans de Cruzeiro (Reuters). <\/span><\/div>\n<div id=\"element-body-8\" class=\"sc-136cd478-0 ekTCfV\" readability=\"36\">\n<p>Tambi\u00e9n se viralizaron videos en redes sociales de provocaciones de fans de Cruzeiro a los de Boca: les motraban billetes, para exponer las habitual depreciaci\u00f3n de la moneda argentina. En nuestro pa\u00eds eso est\u00e1 tipificado como delito, pero en Brasil nadie va preso por eso.<\/p>\n<\/div>\n<div id=\"element-body-9\" class=\"sc-a7166897-0 eoLsBE\" readability=\"31\">\n<section readability=\"2\"><picture><img alt=\"El uno por uno de la caldeada derrota de Boca con Cruzeiro en la Libertadores\" loading=\"lazy\" width=\"290\" height=\"290\" decoding=\"async\" data-nimg=\"1\" src=\"http:\/\/hoycordobaweb.com\/wp-content\/uploads\/2026\/04\/detuvieron-a-un-hincha-de-boca-por-racismo-en-el-mineirao-4.jpg\"><\/picture>\n<p><span>Mir\u00e1 tambi\u00e9n<\/span><\/p>\n<hr>\n<h3>El uno por uno de la caldeada derrota de Boca con Cruzeiro en la Libertadores<\/h3>\n<\/p>\n<\/section>\n<\/div>\n<div id=\"element-body-10\" class=\"sc-a7166897-0 eoLsBE\" readability=\"31\">\n<section readability=\"2\"><picture><img alt=\"Paredes y una noche al l\u00edmite: &quot;El \u00e1rbitro se comport\u00f3 igual desde el minuto cero&quot;\" loading=\"lazy\" width=\"290\" height=\"290\" decoding=\"async\" data-nimg=\"1\" src=\"http:\/\/hoycordobaweb.com\/wp-content\/uploads\/2026\/04\/detuvieron-a-un-hincha-de-boca-por-racismo-en-el-mineirao-5.jpg\"><\/picture>\n<p><span>Mir\u00e1 tambi\u00e9n<\/span><\/p>\n<hr>\n<h3>Paredes y una noche al l\u00edmite: \u00abEl \u00e1rbitro se comport\u00f3 igual desde el minuto cero\u00bb<\/h3>\n<\/p>\n<\/section>\n<\/div>\n<\/div>\n","protected":false},"excerpt":{"rendered":"<p>29\/04\/2026 00:10hs. Un hincha de Boca fue detenido por realizar un gesto racista hacia la torcida de Cruzeiro, durante el partido que el Xeneize perdi\u00f3 1 a 0 ante el Raposa en el Mineirao. Ocurri\u00f3 despu\u00e9s de un cruce de gritos entre ambos lados: el individuo, que vest\u00eda una camiseta amarilla, les se\u00f1al\u00f3 su color [&hellip;]<\/p>\n","protected":false},"author":1,"featured_media":135826,"comment_status":"open","ping_status":"closed","sticky":false,"template":"","format":"standard","meta":[],"categories":[16],"tags":[],"_links":{"self":[{"href":"http:\/\/hoycordobaweb.com\/index.php\/wp-json\/wp\/v2\/posts\/135825"}],"collection":[{"href":"http:\/\/hoycordobaweb.com\/index.php\/wp-json\/wp\/v2\/posts"}],"about":[{"href":"http:\/\/hoycordobaweb.com\/index.php\/wp-json\/wp\/v2\/types\/post"}],"author":[{"embeddable":true,"href":"http:\/\/hoycordobaweb.com\/index.php\/wp-json\/wp\/v2\/users\/1"}],"replies":[{"embeddable":true,"href":"http:\/\/hoycordobaweb.com\/index.php\/wp-json\/wp\/v2\/comments?post=135825"}],"version-history":[{"count":0,"href":"http:\/\/hoycordobaweb.com\/index.php\/wp-json\/wp\/v2\/posts\/135825\/revisions"}],"wp:featuredmedia":[{"embeddable":true,"href":"http:\/\/hoycordobaweb.com\/index.php\/wp-json\/wp\/v2\/media\/135826"}],"wp:attachment":[{"href":"http:\/\/hoycordobaweb.com\/index.php\/wp-json\/wp\/v2\/media?parent=135825"}],"wp:term":[{"taxonomy":"category","embeddable":true,"href":"http:\/\/hoycordobaweb.com\/index.php\/wp-json\/wp\/v2\/categories?post=135825"},{"taxonomy":"post_tag","embeddable":true,"href":"http:\/\/hoycordobaweb.com\/index.php\/wp-json\/wp\/v2\/tags?post=135825"}],"curies":[{"name":"wp","href":"https:\/\/api.w.org\/{rel}","templated":true}]}}