{"id":135823,"date":"2026-04-29T03:35:33","date_gmt":"2026-04-29T03:35:33","guid":{"rendered":"https:\/\/www.ole.com.ar\/boca-juniors\/disculpas-bareiro-despues-roja-condiciono-boca-derrota-cruzeiro_0_iWD2sZ2ICd.html"},"modified":"2026-04-29T03:35:33","modified_gmt":"2026-04-29T03:35:33","slug":"las-disculpas-de-bareiro-despues-de-su-roja-que-condiciono-a-boca-en-la-derrota-con-cruzeiro","status":"publish","type":"post","link":"http:\/\/hoycordobaweb.com\/index.php\/2026\/04\/29\/las-disculpas-de-bareiro-despues-de-su-roja-que-condiciono-a-boca-en-la-derrota-con-cruzeiro\/","title":{"rendered":"Las disculpas de Bareiro despu\u00e9s de su roja que condicion\u00f3 a Boca en la derrota con Cruzeiro"},"content":{"rendered":"<p><img src=\"http:\/\/hoycordobaweb.com\/wp-content\/uploads\/2026\/04\/las-disculpas-de-bareiro-despues-de-su-roja-que-condiciono-a-boca-en-la-derrota-con-cruzeiro.jpg\"><\/p>\n<p><span class=\"createDate\">29\/04\/2026 00:35hs.<\/span><time class=\"modificatedDate\" datetime=\"2026-04-29T00:42:59-03:00\"> Actualizado al 29\/04\/2026 00:42hs.<\/time><\/p>\n<div id=\"storyBody\">\n<div id=\"element-body-0\" class=\"sc-136cd478-0 ekTCfV\" readability=\"36.733067729084\">\n<p>No le va bien a <strong><a href=\"https:\/\/www.ole.com.ar\/tema\/boca-juniors.html\" title=\"Boca Juniors\" alt=\"Boca Juniors\" class=\"slug\">Boca<\/a><\/strong> con los arbitrajes en Brasil. Siempre una roja, \u00faltimamente. Siempre a pelearla con uno menos, en inferioridad de condiciones. Esta vez, ante <strong><a href=\"https:\/\/www.ole.com.ar\/tema\/cruzeiro.html\" title=\"Cruzeiro\" alt=\"Cruzeiro\" class=\"slug\">Cruzeiro<\/a><\/strong> en el estadio Mineirao de Belo Horizonte por la <strong><a href=\"https:\/\/www.ole.com.ar\/tema\/copa-libertadores.html\" title=\"Copa Libertadores\" alt=\"Copa Libertadores\" class=\"slug\"> Copa Libertadores<\/a><\/strong>, <strong>fue <a href=\"https:\/\/www.ole.com.ar\/tema\/adam-bareiro.html\" title=\"Adam Bareiro\" alt=\"Adam Bareiro\" class=\"slug\">Adam Bareiro<\/a> el que pis\u00f3 el palito y se fue expulsado sobre el final del primer tiempo tras una decisi\u00f3n exagerada del \u00e1rbitro uruguayo Esteban Ostojich<\/strong>. Luego de la derrota, llegar\u00edan las disculpas del goleador paraguayo a trav\u00e9s de sus redes sociales.<\/p>\n<\/div>\n<div id=\"element-body-1\" class=\"sc-136cd478-0 ekTCfV\" readability=\"35\">\n<p><strong>La roja a Bareiro fue la cuarta seguida de Boca en territorio brasile\u00f1o. <\/strong> De Marcos Rojo en la semifinal y Frank Fabra en la final de la Libertadores 2023 a Luis Adv\u00edncula antes del minuto frente a Cruzeiro en los octavos de la Sudamericana 2024. Todas condicionantes a su modo. Que complican y obligan a tomar mayores precauciones.<\/p>\n<\/div>\n<div class=\"sc-e7b891c4-0 ifHnQL image-embed\" id=\"element-body-2\"><img alt=\"AME7477. BELO HORIZONTE (BRASIL), 28\/04\/2026.- Adam Bareiro (c-i) de Boca Juniors reacciona este martes, en un partido de la fase de grupos de la Copa Libertadores entre Cruzeiro y Boca Juniors en el estadio Mineirao, en Belo Horizonte (Brasil). EFE\/ Joao Guilherme\" loading=\"lazy\" width=\"720\" height=\"100\" decoding=\"async\" data-nimg=\"1\" src=\"http:\/\/hoycordobaweb.com\/wp-content\/uploads\/2026\/04\/las-disculpas-de-bareiro-despues-de-su-roja-que-condiciono-a-boca-en-la-derrota-con-cruzeiro-2.jpg\"><span class=\"epigraphe\">AME7477. BELO HORIZONTE (BRASIL), 28\/04\/2026.- Adam Bareiro (c-i) de Boca Juniors reacciona este martes, en un partido de la fase de grupos de la Copa Libertadores entre Cruzeiro y Boca Juniors en el estadio Mineirao, en Belo Horizonte (Brasil). EFE\/ Joao Guilherme<\/span><\/div>\n<div id=\"element-body-3\" class=\"sc-136cd478-0 ekTCfV\" readability=\"38\">\n<p>En esta ocasi\u00f3n, <strong> ya se hab\u00edan advertido en la previa los antecedentes de Ostojich, el mismo que estuvo en el esc\u00e1ndalo de 2021 contra Atl\u00e9tico Mineiro en el mismo estadio<\/strong>. Con un gol anulado a Weigandt y la batalla posterior en los pasillos que deriv\u00f3 en la suspensi\u00f3n de seis jugadores, dos integrantes del cuerpo t\u00e9cnico y dos del Consejo de F\u00fatbol.<\/p>\n<\/div>\n<div id=\"element-body-4\" class=\"sc-136cd478-0 ekTCfV\" readability=\"41\">\n<p>M\u00e1s all\u00e1 de la decisi\u00f3n del \u00e1rbitro uruguayo, <strong> Bareiro tuvo su responsabilidad en dejar al equipo con uno menos durante todo el segundo tiempo. Porque arranc\u00f3 jugando al l\u00edmite, le sacaron la amarilla y sigui\u00f3 jugando al l\u00edmite. Al roce, con los brazos, chocando a los centrales<\/strong>. Sin ser consciente de un arbitraje pol\u00e9mico, que ven\u00eda sacando amarillas f\u00e1ciles para todos. Y en una acci\u00f3n en la que protegi\u00f3 la pelota y le puso la mano en la cara a un rival (que simul\u00f3 y cay\u00f3 desplomado), se termin\u00f3 yendo a las duchas y dejando al equipo sin su goleador de este 2026..<\/p>\n<\/div>\n<div id=\"element-body-5\" class=\"sc-ef81c825-1 evSCNc\"><figcaption class=\"JWvideoNota_title\">\n<p>Video: FOX Sports<\/p>\n<\/figcaption><\/div>\n<div id=\"element-body-6\" class=\"sc-136cd478-0 ekTCfV\" readability=\"35\">\n<p><strong>Los intentos posteriores del propio Bareiro convencer al juez de que no hab\u00eda agredido a nadie y que revisara la jugada en el VAR fueron in\u00fatiles<\/strong>, porque al no haber sido roja directa no es posible la intervenci\u00f3n de la tecnolog\u00eda. <\/p>\n<\/div>\n<div id=\"element-body-7\" class=\"sc-136cd478-0 ekTCfV\" readability=\"38\">\n<p><strong>\u201cSolamente perd\u00f3n a mis compa\u00f1eros y a la gente de Boca. Sean errores o no del \u00e1rbitro, a m\u00ed me toca manejar lo que hago. Hoy seguramente fall\u00e9 y me toca tragar mierda, pero voy a trabajar mis errores para seguir ayudando a mis compa\u00f1eros\u201d<\/strong>, poste\u00f3 el 9 un rato despu\u00e9s de la derrota xeneize.<\/p>\n<\/div>\n<div id=\"element-body-8\" class=\"sc-136cd478-0 ekTCfV\" readability=\"36\">\n<p><strong>Boca volvi\u00f3 a quedar con diez en Brasil, como ya es costumbre en los \u00faltimos a\u00f1os, y lo deber\u00e1 corregir para lo que viene<\/strong>. M\u00e1s all\u00e1 de los arbitrajes buenos, regulares o malos.<\/p>\n<\/div>\n<div class=\"sc-e7b891c4-0 ifHnQL image-embed\" id=\"element-body-9\"><img alt=\"Soccer Football - Copa Libertadores - Group D - Cruzeiro v Boca Juniors - Estadio Governador Magalhaes Pinto, Belo Horizonte, Brazil - April 28, 2026\nBoca Juniors' Adam Bareiro is shown a red card by referee Esteban Ostojich REUTERS\/Tiago Trindade\" loading=\"lazy\" width=\"720\" height=\"100\" decoding=\"async\" data-nimg=\"1\" src=\"http:\/\/hoycordobaweb.com\/wp-content\/uploads\/2026\/04\/las-disculpas-de-bareiro-despues-de-su-roja-que-condiciono-a-boca-en-la-derrota-con-cruzeiro-3.jpg\"><span class=\"epigraphe\">Soccer Football &#8211; Copa Libertadores &#8211; Group D &#8211; Cruzeiro v Boca Juniors &#8211; Estadio Governador Magalhaes Pinto, Belo Horizonte, Brazil &#8211; April 28, 2026<br \/>\nBoca Juniors&#8217; Adam Bareiro is shown a red card by referee Esteban Ostojich REUTERS\/Tiago Trindade<\/span><\/div>\n<div id=\"element-body-10\" class=\"sc-a7166897-0 eoLsBE\" readability=\"31\">\n<section readability=\"2\"><picture><img alt=\"Descontrol final: los de Boca fueron a buscar a un jugador de Cruzeiro y casi se arma\" loading=\"lazy\" width=\"290\" height=\"290\" decoding=\"async\" data-nimg=\"1\" src=\"http:\/\/hoycordobaweb.com\/wp-content\/uploads\/2026\/04\/las-disculpas-de-bareiro-despues-de-su-roja-que-condiciono-a-boca-en-la-derrota-con-cruzeiro-4.jpg\"><\/picture>\n<p><span>Mir\u00e1 tambi\u00e9n<\/span><\/p>\n<hr>\n<h3>Descontrol final: los de Boca fueron a buscar a un jugador de Cruzeiro y casi se arma<\/h3>\n<\/p>\n<\/section>\n<\/div>\n<div id=\"element-body-11\" class=\"sc-a7166897-0 eoLsBE\" readability=\"31.5\">\n<section readability=\"3\"><picture><img alt=\"C\u00f3mo qued\u00f3 el grupo de Boca en la Libertadores y qu\u00e9 necesita para clasificar a octavos\" loading=\"lazy\" width=\"290\" height=\"290\" decoding=\"async\" data-nimg=\"1\" src=\"http:\/\/hoycordobaweb.com\/wp-content\/uploads\/2026\/04\/las-disculpas-de-bareiro-despues-de-su-roja-que-condiciono-a-boca-en-la-derrota-con-cruzeiro-5.jpg\"><\/picture>\n<p><span>Mir\u00e1 tambi\u00e9n<\/span><\/p>\n<hr>\n<h3>C\u00f3mo qued\u00f3 el grupo de Boca en la Libertadores y qu\u00e9 necesita para clasificar a octavos<\/h3>\n<\/p>\n<\/section>\n<\/div>\n<div id=\"element-body-12\" class=\"sc-a7166897-0 eoLsBE\" readability=\"31\">\n<section readability=\"2\"><picture><img alt=\"Detuvieron a un hincha de Boca por racismo en el Mineirao\" loading=\"lazy\" width=\"290\" height=\"290\" decoding=\"async\" data-nimg=\"1\" src=\"http:\/\/hoycordobaweb.com\/wp-content\/uploads\/2026\/04\/las-disculpas-de-bareiro-despues-de-su-roja-que-condiciono-a-boca-en-la-derrota-con-cruzeiro-6.jpg\"><\/picture>\n<p><span>Mir\u00e1 tambi\u00e9n<\/span><\/p>\n<hr>\n<h3>Detuvieron a un hincha de Boca por racismo en el Mineirao<\/h3>\n<\/p>\n<\/section>\n<\/div>\n<\/div>\n","protected":false},"excerpt":{"rendered":"<p>29\/04\/2026 00:35hs. Actualizado al 29\/04\/2026 00:42hs. No le va bien a Boca con los arbitrajes en Brasil. Siempre una roja, \u00faltimamente. Siempre a pelearla con uno menos, en inferioridad de condiciones. Esta vez, ante Cruzeiro en el estadio Mineirao de Belo Horizonte por la Copa Libertadores, fue Adam Bareiro el que pis\u00f3 el palito y [&hellip;]<\/p>\n","protected":false},"author":1,"featured_media":135824,"comment_status":"open","ping_status":"closed","sticky":false,"template":"","format":"standard","meta":[],"categories":[16],"tags":[],"_links":{"self":[{"href":"http:\/\/hoycordobaweb.com\/index.php\/wp-json\/wp\/v2\/posts\/135823"}],"collection":[{"href":"http:\/\/hoycordobaweb.com\/index.php\/wp-json\/wp\/v2\/posts"}],"about":[{"href":"http:\/\/hoycordobaweb.com\/index.php\/wp-json\/wp\/v2\/types\/post"}],"author":[{"embeddable":true,"href":"http:\/\/hoycordobaweb.com\/index.php\/wp-json\/wp\/v2\/users\/1"}],"replies":[{"embeddable":true,"href":"http:\/\/hoycordobaweb.com\/index.php\/wp-json\/wp\/v2\/comments?post=135823"}],"version-history":[{"count":0,"href":"http:\/\/hoycordobaweb.com\/index.php\/wp-json\/wp\/v2\/posts\/135823\/revisions"}],"wp:featuredmedia":[{"embeddable":true,"href":"http:\/\/hoycordobaweb.com\/index.php\/wp-json\/wp\/v2\/media\/135824"}],"wp:attachment":[{"href":"http:\/\/hoycordobaweb.com\/index.php\/wp-json\/wp\/v2\/media?parent=135823"}],"wp:term":[{"taxonomy":"category","embeddable":true,"href":"http:\/\/hoycordobaweb.com\/index.php\/wp-json\/wp\/v2\/categories?post=135823"},{"taxonomy":"post_tag","embeddable":true,"href":"http:\/\/hoycordobaweb.com\/index.php\/wp-json\/wp\/v2\/tags?post=135823"}],"curies":[{"name":"wp","href":"https:\/\/api.w.org\/{rel}","templated":true}]}}