{"id":135805,"date":"2026-04-27T11:28:13","date_gmt":"2026-04-27T11:28:13","guid":{"rendered":"https:\/\/www.mujerhoy.com\/moda\/no-te-pierdas\/collares-cuerda-complemento-imprescindible-primavera-2026-20260427142757-nt.html"},"modified":"2026-04-27T11:28:13","modified_gmt":"2026-04-27T11:28:13","slug":"collares-de-cuerda-el-complemento-imprescindible-para-esta-primavera-6-modelos-que-merece-la-pena-fichar","status":"publish","type":"post","link":"http:\/\/hoycordobaweb.com\/index.php\/2026\/04\/27\/collares-de-cuerda-el-complemento-imprescindible-para-esta-primavera-6-modelos-que-merece-la-pena-fichar\/","title":{"rendered":"Collares de cuerda, el complemento imprescindible para esta primavera: 6 modelos que merece la pena fichar"},"content":{"rendered":"<p><!-- AUTHOR --><\/p>\n<div class=\"voc-author-timesocial \">\n<!-- AUTHOR --><\/p>\n<div class=\"voc-author-timesocial__signature \">\n<!-- IMAGE AUTHOR -->\n<picture class=\"voc-image-signature\">\n<img class=\"voc-image-signature__img\" src=\"http:\/\/hoycordobaweb.com\/wp-content\/uploads\/2026\/04\/collares-de-cuerda-el-complemento-imprescindible-para-esta-primavera-6-modelos-que-merece-la-pena-fichar.jpg\" alt=\"Elena Romero Vargas\">\n<\/picture>\n<!-- INFO AUTHOR --> <\/div><\/div>\n<p><!-- COMPONENTS --><\/p>\n<p class=\"voc-paragraph\">Entre los <a href=\"https:\/\/www.mujerhoy.com\/moda\/no-te-pierdas\/complementos-tendenciar-primavera-2026-20260211125540-nt.html\" data-voc-vtm-id=\"in-text-traffic\" title=\"complementos que prometen arrasar esta primavera\" data-mrf-link=\"www.mujerhoy.com\">complementos que prometen arrasar esta primavera<\/a>, los collares ocupan un lugar especial. Sin embargo, esta temporada el foco no est\u00e1 ni en las cl\u00e1sicas cadenas doradas ni en los <a href=\"https:\/\/www.mujerhoy.com\/moda\/no-te-pierdas\/choker-novias-complemento-inesperado-novias-joyas-originales-20251011183127-nt.html\" data-voc-vtm-id=\"in-text-traffic\" title=\"chockers que llevamos meses viendo por todas partes\" data-mrf-link=\"www.mujerhoy.com\">chockers que llevamos meses viendo por todas partes<\/a>. Esta primavera es el momento de los <strong>collares de cuerda<\/strong>, una tendencia rescatada de d\u00e9cadas pasadas que vuelve para sumarse al boom del boho chic que ha llegado para quedarse en nuestros armarios.<\/p>\n<p class=\"voc-paragraph\">Posiblemente, estos collares <strong>te retrotraigan a la d\u00e9cada de los 2010<\/strong>, cuando su popularidad era incuestionable y esta pieza era esencial para cambiar por completo el sentido de cualquier look. Su regreso concuerda a la perfecci\u00f3n con ese <a href=\"https:\/\/www.mujerhoy.com\/moda\/no-te-pierdas\/lo-que-llevabamos-en-2016-no-repetiriamos-20260114172927-nt.html\" data-voc-vtm-id=\"in-text-traffic\" title=\"aire nost\u00e1lgico que llevan consigo las tendencias m\u00e1s populares\" data-mrf-link=\"www.mujerhoy.com\">aire nost\u00e1lgico que llevan consigo las tendencias m\u00e1s populares<\/a> de esta temporada, eso s\u00ed, con un toque actualizado que hacen que sean perfectamente adaptables a los estilismos m\u00e1s actuales.<\/p>\n<div class=\"v-c-cmp v-c-cmp--t1 \">\n<div class=\"v-cmp-rld v-cmp-rld--2 \">\n<div class=\"v-cnt-m v-cnt-m--m\">\n<div class=\"v-cnt-m__c\">\n<div class=\"v-cnt-m__w v-cnt-m__w--1\">\n<p class=\"v-cnt-m__t\">\nTAMBI\u00c9N TE INTERESA\n<\/p>\n<\/div>\n<\/div>\n<\/div>\n<div class=\"v-g v-g--2-c v-g--bdr-min-xs\">\n<div class=\"v-g__c \">\n<article class=\"v-a v-a--cmp-rld v-a--cmp-rld-2 v-a--p-l\">\n<div class=\"v-a-img-c\">\n<figure class=\"v-a-fig\">\n<a href=\"https:\/\/www.mujerhoy.com\/moda\/tendencias\/collares-con-doble-colgante-elegantes-20251206120454-nt.html#vtm_modulosEngag=mod-rel:moda:noticia:1:cmp:2-not\" class=\"v-a-link\" title=\"Collares con doble colgante, la tendencia que arrasa entre las m\u00e1s minimalistas: c\u00f3mo llevarlos y los m\u00e1s bonitos\"><br \/>\n<img loading=\"lazy\" class=\"v-a-img\" src=\"http:\/\/hoycordobaweb.com\/wp-content\/uploads\/2026\/04\/collares-de-cuerda-el-complemento-imprescindible-para-esta-primavera-6-modelos-que-merece-la-pena-fichar-1.jpg\" alt=\"Collares con doble colgante, la tendencia que arrasa entre las m\u00e1s minimalistas: c\u00f3mo llevarlos y los m\u00e1s bonitos\"><br \/>\n<\/a><br \/>\n<\/figure>\n<\/div>\n<\/article>\n<\/div>\n<div class=\"v-g__c \">\n<article class=\"v-a v-a--cmp-rld v-a--cmp-rld-2 v-a--p-l\">\n<div class=\"v-a-img-c\">\n<figure class=\"v-a-fig\">\n<a href=\"https:\/\/www.mujerhoy.com\/moda\/no-te-pierdas\/colgantes-accesorio-tendencia-2026-bonitos-elegantes-20260107171014-nt.html#vtm_modulosEngag=mod-rel:moda:noticia:2:cmp:2-not\" class=\"v-a-link\" title=\"Los colgantes son el accesorio de moda de 2026: los modelos m\u00e1s bonitos para incorporar a tu joyero\"><br \/>\n<img loading=\"lazy\" class=\"v-a-img\" src=\"http:\/\/hoycordobaweb.com\/wp-content\/uploads\/2026\/04\/collares-de-cuerda-el-complemento-imprescindible-para-esta-primavera-6-modelos-que-merece-la-pena-fichar-2.jpg\" alt=\"Los colgantes son el accesorio de moda de 2026: los modelos m\u00e1s bonitos para incorporar a tu joyero\"><br \/>\n<\/a><br \/>\n<\/figure>\n<\/div>\n<\/article>\n<\/div>\n<\/div>\n<\/div>\n<\/div>\n<p class=\"voc-paragraph\">Basta con echar un vistazo a <strong>lo que proponen las tiendas<\/strong> para entender esto. Y es que las opciones van desde el collar que perfectamente podr\u00eda haber estado en nuestro armario de la adolescencia al dise\u00f1o minimalista al que nadie podr\u00e1 resistirse, pasando por propuestas atrevidas que van a levantar tus b\u00e1sicos. Estos son nuestros favoritos:<\/p>\n<div class=\"v-c-cmp \">\n<div class=\"v-cmp-m v-cmp-m--t1\">\n<article class=\"v-a v-a--cmp-m v-c-cmp--m-p\">\n<div class=\"v-a-img-c v-a-img-c--fw-xs\">\n<div class=\"v-a-fig\">\n<div class=\"v-a-link\">\n<img loading=\"lazy\" src=\"http:\/\/hoycordobaweb.com\/wp-content\/uploads\/2026\/04\/collares-de-cuerda-el-complemento-imprescindible-para-esta-primavera-6-modelos-que-merece-la-pena-fichar-3.jpg\" class=\"v-a-img\" width=\"650\" height=\"975\" alt=\"Collar de mujer liso (39\u20ac)\" data-voc-vtm-id=\"in-text-traffic\">\n<\/div><figcaption class=\"v-fc\">\n<span class=\"v-fc__t\"><br \/>\nCollar de mujer liso (39\u20ac)<br \/>\n<\/span><br \/>\n<span class=\"v-fc__p\"><br \/>\nWoman Limited El Corte Ingl\u00e9s<br \/>\n<\/span><br \/>\n<\/figcaption><\/div>\n<\/div>\n<\/article>\n<\/div>\n<\/div>\n<p><h3 class=\"v-cmp-suh\">\nWoman Limited El Corte Ingl\u00e9s<br \/>\n<\/h3>\n<\/p>\n<p class=\"voc-paragraph\">Esta propuesta de Woman Limited El Corte Ingl\u00e9s es perfecta para experimentar y descubrir todo el potencial de estos collares. Con <strong>cuerda marr\u00f3n y maxi charm dorado<\/strong>, es perfecto para llevar con camisetas b\u00e1sicas y vaqueros o con vestidos sueltos en los que quieras elevar su esencia boho chic.<\/p>\n<div class=\"v-c-cmp \">\n<div class=\"v-cmp-m v-cmp-m--t1\">\n<article class=\"v-a v-a--cmp-m v-c-cmp--m-p\">\n<div class=\"v-a-img-c v-a-img-c--fw-xs\">\n<div class=\"v-a-fig\">\n<div class=\"v-a-link\">\n<img loading=\"lazy\" src=\"http:\/\/hoycordobaweb.com\/wp-content\/uploads\/2026\/04\/collares-de-cuerda-el-complemento-imprescindible-para-esta-primavera-6-modelos-que-merece-la-pena-fichar-4.jpg\" class=\"v-a-img\" width=\"650\" height=\"975\" alt=\"Collar cuerda tachas (9,99\u20ac)\" data-voc-vtm-id=\"in-text-traffic\">\n<\/div><figcaption class=\"v-fc\">\n<span class=\"v-fc__t\"><br \/>\nCollar cuerda tachas (9,99\u20ac)<br \/>\n<\/span><br \/>\n<span class=\"v-fc__p\"><br \/>\nBershka<br \/>\n<\/span><br \/>\n<\/figcaption><\/div>\n<\/div>\n<\/article>\n<\/div>\n<\/div>\n<p><h3 class=\"v-cmp-suh\">\nBershka<br \/>\n<\/h3>\n<\/p>\n<p class=\"voc-paragraph\">En Bershka el cl\u00e1sico collar con cuerda y medall\u00f3n se presenta en su versi\u00f3n m\u00e1s juvenil gracias al detalle de las <strong>tachuelas<\/strong>. Nos encanta para llevar con tops con escote cuadrado o redondo que dejen protagonismo al collar. Completa el look con pantalones vaqueros acampanados, botas cowboy y <a href=\"https:\/\/www.mujerhoy.com\/moda\/tendencias\/chaquetas-flecos-tendencia-boho-chic-primavera-massimo-dutti-20250226163923-nt.html\" data-voc-vtm-id=\"in-text-traffic\" title=\"chaqueta de flecos\" data-mrf-link=\"www.mujerhoy.com\">chaqueta de flecos<\/a> para un look de inspiraci\u00f3n setentera perfecto.<\/p>\n<div class=\"v-c-cmp \">\n<div class=\"v-cmp-m v-cmp-m--t1\">\n<article class=\"v-a v-a--cmp-m v-c-cmp--m-p\">\n<div class=\"v-a-img-c v-a-img-c--fw-xs\">\n<div class=\"v-a-fig\">\n<div class=\"v-a-link\">\n<img loading=\"lazy\" src=\"http:\/\/hoycordobaweb.com\/wp-content\/uploads\/2026\/04\/collares-de-cuerda-el-complemento-imprescindible-para-esta-primavera-6-modelos-que-merece-la-pena-fichar-5.jpg\" class=\"v-a-img\" width=\"650\" height=\"975\" alt=\"Collar dorado con cord\u00f3n onaria (57,60\u20ac en El Corte Ingl\u00e9s)\" data-voc-vtm-id=\"in-text-traffic\">\n<\/div><figcaption class=\"v-fc\">\n<span class=\"v-fc__t\"><br \/>\nCollar dorado con cord\u00f3n onaria (57,60\u20ac en El Corte Ingl\u00e9s)<br \/>\n<\/span><br \/>\n<span class=\"v-fc__p\"><br \/>\nJoidart<br \/>\n<\/span><br \/>\n<\/figcaption><\/div>\n<\/div>\n<\/article>\n<\/div>\n<\/div>\n<p><h3 class=\"v-cmp-suh\">\nJoidart<br \/>\n<\/h3>\n<\/p>\n<p class=\"voc-paragraph\">La versi\u00f3n m\u00e1s sofisticada de los collares de cuerda la hemos encontrado en Joidart. Se trata de una <strong>propuesta con cord\u00f3n y colgante dorado<\/strong>, largo y con presencia que, sin embargo, no renuncia en ning\u00fan momento a la elegancia y el buen gusto lo lleves con lo que lo lleves.<\/p>\n<div class=\"v-c-cmp \">\n<div class=\"v-cmp-m v-cmp-m--t1\">\n<article class=\"v-a v-a--cmp-m v-c-cmp--m-p\">\n<div class=\"v-a-img-c v-a-img-c--fw-xs\">\n<div class=\"v-a-fig\">\n<div class=\"v-a-link\">\n<img loading=\"lazy\" src=\"http:\/\/hoycordobaweb.com\/wp-content\/uploads\/2026\/04\/collares-de-cuerda-el-complemento-imprescindible-para-esta-primavera-6-modelos-que-merece-la-pena-fichar-6.jpg\" class=\"v-a-img\" width=\"650\" height=\"975\" alt=\"Collar cuerda perlas (12,99\u20ac)\" data-voc-vtm-id=\"in-text-traffic\">\n<\/div><figcaption class=\"v-fc\">\n<span class=\"v-fc__t\"><br \/>\nCollar cuerda perlas (12,99\u20ac)<br \/>\n<\/span><br \/>\n<span class=\"v-fc__p\"><br \/>\nWomen&#8217;secret<br \/>\n<\/span><br \/>\n<\/figcaption><\/div>\n<\/div>\n<\/article>\n<\/div>\n<\/div>\n<p><h3 class=\"v-cmp-suh\">\nWomen&#8217;secret<br \/>\n<\/h3>\n<\/p>\n<p class=\"voc-paragraph\">Con el verano a la vuelta de la esquina, es el momento de buscar prendas que encajen con la est\u00e9tica del armario de esta temporada. En Women&#8217;secret hemos encontrado el <strong>collar con cuerda y perlas <\/strong>perfecto por su frescura y alegr\u00eda que suma al look gracias a las cuentas multicolor que salpican toda la pieza.<\/p>\n<div class=\"v-c-cmp \">\n<div class=\"v-cmp-m v-cmp-m--t1\">\n<article class=\"v-a v-a--cmp-m v-c-cmp--m-p\">\n<div class=\"v-a-img-c v-a-img-c--fw-xs\">\n<div class=\"v-a-fig\">\n<div class=\"v-a-link\">\n<img loading=\"lazy\" src=\"http:\/\/hoycordobaweb.com\/wp-content\/uploads\/2026\/04\/collares-de-cuerda-el-complemento-imprescindible-para-esta-primavera-6-modelos-que-merece-la-pena-fichar-7.jpg\" class=\"v-a-img\" width=\"650\" height=\"975\" alt=\"Collar resina multicuerdas (7,99\u20ac)\" data-voc-vtm-id=\"in-text-traffic\">\n<\/div><figcaption class=\"v-fc\">\n<span class=\"v-fc__t\"><br \/>\nCollar resina multicuerdas (7,99\u20ac)<br \/>\n<\/span><br \/>\n<span class=\"v-fc__p\"><br \/>\nSfera<br \/>\n<\/span><br \/>\n<\/figcaption><\/div>\n<\/div>\n<\/article>\n<\/div>\n<\/div>\n<p><h3 class=\"v-cmp-suh\">\nSfera<br \/>\n<\/h3>\n<\/p>\n<p class=\"voc-paragraph\">Sfera nos propone este <strong>collar multicuerdas con piedras de resina<\/strong> que lo tiene todo para colarse entre tus grandes favoritos de la temporada. Encarna a la perfecci\u00f3n la esencia del boho chic, especialmente si lo integras en looks de noche donde conseguir\u00e1 aportar ese toque tendencia al look y sumarle puntos de elegancia.<\/p>\n<div class=\"v-c-cmp \">\n<div class=\"v-cmp-m v-cmp-m--t1\">\n<article class=\"v-a v-a--cmp-m v-c-cmp--m-p\">\n<div class=\"v-a-img-c v-a-img-c--fw-xs\">\n<div class=\"v-a-fig\">\n<div class=\"v-a-link\">\n<img loading=\"lazy\" src=\"http:\/\/hoycordobaweb.com\/wp-content\/uploads\/2026\/04\/collares-de-cuerda-el-complemento-imprescindible-para-esta-primavera-6-modelos-que-merece-la-pena-fichar-8.jpg\" class=\"v-a-img\" width=\"650\" height=\"975\" alt=\"Collar de cord\u00f3n con charms y cascabeles (19,99\u20ac)\" data-voc-vtm-id=\"in-text-traffic\">\n<\/div><figcaption class=\"v-fc\">\n<span class=\"v-fc__t\"><br \/>\nCollar de cord\u00f3n con charms y cascabeles (19,99\u20ac)<br \/>\n<\/span><br \/>\n<span class=\"v-fc__p\"><br \/>\nParfois<br \/>\n<\/span><br \/>\n<\/figcaption><\/div>\n<\/div>\n<\/article>\n<\/div>\n<\/div>\n<p><h3 class=\"v-cmp-suh\">\nParfois<br \/>\n<\/h3>\n<\/p>\n<p class=\"voc-paragraph\">Original, divertido y el centro de todas las miradas en cualquier estilismo en el que los incluyas, este collar de Parfois con <strong>cascabeles y charms<\/strong> es todo lo que necesitas para marcar la diferencia. Si quieres llenar de personalidad un look b\u00e1sico sin esfuerzo, este es el \u00fanico complemento que necesitas.<\/p>\n<div class=\"v-c-cmp v-c-cmp--t1 \">\n<div class=\"v-cmp-rld v-cmp-rld--2 \">\n<div class=\"v-cnt-m v-cnt-m--m\">\n<div class=\"v-cnt-m__c\">\n<div class=\"v-cnt-m__w v-cnt-m__w--1\">\n<p class=\"v-cnt-m__t\">\nNO TE PIERDAS\n<\/p>\n<\/div>\n<\/div>\n<\/div>\n<div class=\"v-g v-g--2-c v-g--bdr-min-xs\">\n<div class=\"v-g__c \">\n<article class=\"v-a v-a--cmp-rld v-a--cmp-rld-2 v-a--p-l\">\n<div class=\"v-a-img-c\">\n<figure class=\"v-a-fig\">\n<a href=\"https:\/\/www.mujerhoy.com\/moda\/no-te-pierdas\/collares-especiales-rejuvenecen-look-verano-20250730133456-nt.html#vtm_modulosEngag=mod-rel:moda:noticia:1:cmp:2-not\" class=\"v-a-link\" title=\"Collares especiales que rejuvenecen un look de verano\"><br \/>\n<img loading=\"lazy\" class=\"v-a-img\" src=\"http:\/\/hoycordobaweb.com\/wp-content\/uploads\/2026\/04\/collares-de-cuerda-el-complemento-imprescindible-para-esta-primavera-6-modelos-que-merece-la-pena-fichar-9.jpg\" alt=\"Collares especiales que rejuvenecen un look de verano\"><br \/>\n<\/a><br \/>\n<\/figure>\n<\/div>\n<\/article>\n<\/div>\n<div class=\"v-g__c \">\n<article class=\"v-a v-a--cmp-rld v-a--cmp-rld-2 v-a--p-l\">\n<div class=\"v-a-img-c\">\n<figure class=\"v-a-fig\">\n<a href=\"https:\/\/www.mujerhoy.com\/moda\/no-te-pierdas\/collares-largos-elegantes-combinan-looks-verano-20250824125901-nt.html#vtm_modulosEngag=mod-rel:moda:noticia:2:cmp:2-not\" class=\"v-a-link\" title=\"Estos son los collares largos que las m\u00e1s elegantes combinan con sus looks de verano\"><br \/>\n<img loading=\"lazy\" class=\"v-a-img\" src=\"http:\/\/hoycordobaweb.com\/wp-content\/uploads\/2026\/04\/collares-de-cuerda-el-complemento-imprescindible-para-esta-primavera-6-modelos-que-merece-la-pena-fichar-10.jpg\" alt=\"Estos son los collares largos que las m\u00e1s elegantes combinan con sus looks de verano\"><br \/>\n<\/a><br \/>\n<\/figure>\n<\/div>\n<\/article>\n<\/div>\n<\/div>\n<\/div>\n<\/div>\n<div class=\"media_block\"><\/div>\n","protected":false},"excerpt":{"rendered":"<p>Entre los complementos que prometen arrasar esta primavera, los collares ocupan un lugar especial. Sin embargo, esta temporada el foco no est\u00e1 ni en las cl\u00e1sicas cadenas doradas ni en los chockers que llevamos meses viendo por todas partes. Esta primavera es el momento de los collares de cuerda, una tendencia rescatada de d\u00e9cadas pasadas [&hellip;]<\/p>\n","protected":false},"author":1,"featured_media":135806,"comment_status":"closed","ping_status":"closed","sticky":false,"template":"","format":"standard","meta":[],"categories":[],"tags":[],"_links":{"self":[{"href":"http:\/\/hoycordobaweb.com\/index.php\/wp-json\/wp\/v2\/posts\/135805"}],"collection":[{"href":"http:\/\/hoycordobaweb.com\/index.php\/wp-json\/wp\/v2\/posts"}],"about":[{"href":"http:\/\/hoycordobaweb.com\/index.php\/wp-json\/wp\/v2\/types\/post"}],"author":[{"embeddable":true,"href":"http:\/\/hoycordobaweb.com\/index.php\/wp-json\/wp\/v2\/users\/1"}],"replies":[{"embeddable":true,"href":"http:\/\/hoycordobaweb.com\/index.php\/wp-json\/wp\/v2\/comments?post=135805"}],"version-history":[{"count":0,"href":"http:\/\/hoycordobaweb.com\/index.php\/wp-json\/wp\/v2\/posts\/135805\/revisions"}],"wp:featuredmedia":[{"embeddable":true,"href":"http:\/\/hoycordobaweb.com\/index.php\/wp-json\/wp\/v2\/media\/135806"}],"wp:attachment":[{"href":"http:\/\/hoycordobaweb.com\/index.php\/wp-json\/wp\/v2\/media?parent=135805"}],"wp:term":[{"taxonomy":"category","embeddable":true,"href":"http:\/\/hoycordobaweb.com\/index.php\/wp-json\/wp\/v2\/categories?post=135805"},{"taxonomy":"post_tag","embeddable":true,"href":"http:\/\/hoycordobaweb.com\/index.php\/wp-json\/wp\/v2\/tags?post=135805"}],"curies":[{"name":"wp","href":"https:\/\/api.w.org\/{rel}","templated":true}]}}