{"id":135801,"date":"2026-04-28T02:50:00","date_gmt":"2026-04-28T02:50:00","guid":{"rendered":"http:\/\/hoycordobaweb.com\/index.php\/2026\/04\/28\/adorni-prepara-su-show-en-diputados-mientras-le-sacan-el-pan-a-los-mas-pobres-advirtio-monica-frade-en-qr\/"},"modified":"2026-04-28T02:50:00","modified_gmt":"2026-04-28T02:50:00","slug":"adorni-prepara-su-show-en-diputados-mientras-le-sacan-el-pan-a-los-mas-pobres-advirtio-monica-frade-en-qr","status":"publish","type":"post","link":"http:\/\/hoycordobaweb.com\/index.php\/2026\/04\/28\/adorni-prepara-su-show-en-diputados-mientras-le-sacan-el-pan-a-los-mas-pobres-advirtio-monica-frade-en-qr\/","title":{"rendered":"\u201cAdorni prepara su show en Diputados mientras le sacan el pan a los m\u00e1s pobres\u201d, advirti\u00f3 M\u00f3nica Frade en\u00a0\u201cQR!\u201d"},"content":{"rendered":"<div class=\"media_block\"><\/div>\n<div><img src=\"http:\/\/hoycordobaweb.com\/wp-content\/uploads\/2026\/04\/adorni-prepara-su-show-en-diputados-mientras-le-sacan-el-pan-a-los-mas-pobres-advirtio-monica-frade-en-qr.jpg\" class=\"ff-og-image-inserted\"><\/div>\n<p>En el programa <strong>\u201cQR!\u201d<\/strong>, emitido por<strong> Canal E <\/strong>y conducido por <strong>Pablo Caruso<\/strong>, la diputada nacional de la Coalici\u00f3n C\u00edvica <strong>M\u00f3nica Frade<\/strong> lanz\u00f3 duras cr\u00edticas contra el Gobierno nacional por la baja del programa <strong>Volver al Trabajo<\/strong> y advirti\u00f3 que el vocero presidencial <a target=\"_blank\" href=\"https:\/\/www.perfil.com\/noticias\/politica\/a-traves-de-un-decreto-de-javier-milei-manuel-adorni-y-el-resto-de-los-ministros-duplicaron-sus-sueldos.phtml\" rel=\"noopener noreferrer\"><strong>Manuel Adorni<\/strong><\/a> \u201cprepara su show en Diputados\u201d mientras miles de familias quedan sin asistencia.<\/p>\n<p>La legisladora se refiri\u00f3 a la medida cautelar que fren\u00f3 parcialmente la decisi\u00f3n del Ministerio de Capital Humano que dio de baja el programa social y sostuvo que la Justicia dej\u00f3 en evidencia \u201cel nivel de mentira\u201d de la gesti\u00f3n oficial. <strong>\u201cNo hay ninguna medida tomada por el Ministerio que mejore el derecho de las personas beneficiarias<\/strong>. No hubo vouchers, no hubo formaci\u00f3n, no hubo absolutamente nada\u201d, afirm\u00f3 Frade.<\/p>\n<p>Seg\u00fan explic\u00f3, el programa no naci\u00f3 con este Gobierno sino que tiene origen en la <strong>Ley de Emergencia Social<\/strong> aprobada durante la gesti\u00f3n de <strong>Mauricio Macri<\/strong>, que estableci\u00f3 el salario social complementario como un ingreso de apoyo para trabajadores de la econom\u00eda popular.<\/p>\n<h2>La cautelar que complica a Capital Humano<\/h2>\n<p>Frade sostuvo que la resoluci\u00f3n judicial impide que el Gobierno elimine el beneficio sin demostrar previamente una pol\u00edtica superadora para quienes lo reciben. \u201cHasta que usted no demuestre que va a tener una<strong> pol\u00edtica que mejore las condiciones de estos trabajadores, no puede quitarles un derecho <\/strong>as\u00ed porque s\u00ed\u201d, remarc\u00f3.<\/p>\n<p>La diputada tambi\u00e9n cuestion\u00f3 la respuesta p\u00fablica del Ministerio de Capital Humano y advirti\u00f3 que, si intentan sostener ante la Justicia lo mismo que comunican en redes sociales, podr\u00edan incurrir en nuevas irregularidades. <strong>\u201cCuando tengan que presentar pruebas, no van a tener absolutamente nada para mostrar<\/strong>. Lo que hoy dicen en medios, si lo dicen as\u00ed en la Justicia, van a estar mintiendo\u201d, asegur\u00f3.<\/p>\n<p class=\"destacadoNota\"><a target=\"_blank\" href=\"https:\/\/www.perfil.com\/noticias\/amp\/politica\/la-semana-del-presidente-reuniones-conferencia-y-apoyo-a-manuel-adorni-en-el-congreso.phtml\" rel=\"noopener noreferrer\">La semana del presidente: reuniones, conferencia y apoyo a Manuel Adorni en el Congreso<\/a><\/p>\n<p>Uno de los puntos m\u00e1s duros del debate gir\u00f3 en torno al monto que reciben los beneficiarios del programa: <strong>$78.000 mensuales<\/strong>.<\/p>\n<p>Desde el oficialismo sostienen que el esquema perdi\u00f3 sentido y que ser\u00e1 reemplazado por capacitaciones laborales, pero Frade rechaz\u00f3 ese argumento y denunci\u00f3 que se trata de una pol\u00edtica de ajuste sobre los sectores m\u00e1s vulnerables. <strong>\u201cHace un mes eran tres garrafas, hoy son dos<\/strong>. El mes que viene no sabemos. Sacarle ese ingreso a una familia es partirla al medio\u201d, expres\u00f3.<\/p>\n<p>Adem\u00e1s, afirm\u00f3 que ese dinero no solo ayuda a quienes lo perciben, sino que tambi\u00e9n sostiene el consumo en barrios y municipios. \u201cSon un mill\u00f3n de trabajadores. <strong>Esa plata mueve la econom\u00eda del barrio, del municipio y de provincias enteras<\/strong>. No se la est\u00e1n sacando a la casta, se la est\u00e1n sacando a los m\u00e1s d\u00e9biles\u201d, se\u00f1al\u00f3.<\/p>\n<h2>Cr\u00edticas al discurso oficial<\/h2>\n<p>Durante la entrevista, Frade tambi\u00e9n cuestion\u00f3 la narrativa del Gobierno sobre el gasto social y acus\u00f3 a la administraci\u00f3n de Javier Milei de responsabilizar a los pobres por la crisis.<\/p>\n<p>\u201cHay una insistencia permanente en<strong> culpabilizar a los pobres de la pobreza.<\/strong> Les sacan $78 mil a quienes revuelven basura para comer y al mismo tiempo <strong>benefician a quienes quieren importar un BMW <\/strong>sin pagar impuestos\u201d, dispar\u00f3.<\/p>\n<p>En ese sentido, sostuvo que <strong>el ajuste<\/strong> no est\u00e1 dirigido contra los sectores privilegiados sino <strong>contra quienes m\u00e1s necesitan asistencia estatal.<\/strong><\/p>\n<p class=\"destacadoNota\"><a target=\"_blank\" href=\"https:\/\/www.perfil.com\/noticias\/cordoba\/de-la-sota-tensiona-la-previa-de-adorni-en-diputados-primero-que-milei-explique-la-estafa-libra.phtml\" rel=\"noopener noreferrer\">De la Sota tensiona la previa de Adorni en Diputados: \u00abPrimero que Milei explique la estafa $LIBRA\u00bb<\/a><\/p>\n<p>La diputada alert\u00f3 adem\u00e1s sobre el crecimiento del malestar social y sostuvo que estas decisiones est\u00e1n generando m\u00e1s bronca y mayor organizaci\u00f3n en los sectores populares. <strong>\u201cLa organizaci\u00f3n crece, las ganas de salir a confrontar con el Gobierno crecen<\/strong>. Lo que creen que est\u00e1n destruyendo lo van a terminar alimentando\u201d, afirm\u00f3.<\/p>\n<p>Finalmente, vincul\u00f3 el conflicto social con una crisis pol\u00edtica m\u00e1s amplia y asegur\u00f3 que el descontento ya no apunta solo al Presidente sino a toda la dirigencia. <strong>\u201cLa bronca ya no es solo contra Milei. Es bronca contra todos. <\/strong>La pol\u00edtica est\u00e1 empezando a fallar en todos sus niveles\u201d, concluy\u00f3.<\/p>\n<p><em>LB\/ML<\/em><\/p>\n<div class=\"article__tags\">\n<p>En esta Nota<\/p>\n<\/p><\/div>\n","protected":false},"excerpt":{"rendered":"<p>En el programa \u201cQR!\u201d, emitido por Canal E y conducido por Pablo Caruso, la diputada nacional de la Coalici\u00f3n C\u00edvica M\u00f3nica Frade lanz\u00f3 duras cr\u00edticas contra el Gobierno nacional por la baja del programa Volver al Trabajo y advirti\u00f3 que el vocero presidencial Manuel Adorni \u201cprepara su show en Diputados\u201d mientras miles de familias quedan [&hellip;]<\/p>\n","protected":false},"author":1,"featured_media":135802,"comment_status":"closed","ping_status":"closed","sticky":false,"template":"","format":"standard","meta":[],"categories":[19],"tags":[3053,3093,1027,1080,238,3094],"_links":{"self":[{"href":"http:\/\/hoycordobaweb.com\/index.php\/wp-json\/wp\/v2\/posts\/135801"}],"collection":[{"href":"http:\/\/hoycordobaweb.com\/index.php\/wp-json\/wp\/v2\/posts"}],"about":[{"href":"http:\/\/hoycordobaweb.com\/index.php\/wp-json\/wp\/v2\/types\/post"}],"author":[{"embeddable":true,"href":"http:\/\/hoycordobaweb.com\/index.php\/wp-json\/wp\/v2\/users\/1"}],"replies":[{"embeddable":true,"href":"http:\/\/hoycordobaweb.com\/index.php\/wp-json\/wp\/v2\/comments?post=135801"}],"version-history":[{"count":0,"href":"http:\/\/hoycordobaweb.com\/index.php\/wp-json\/wp\/v2\/posts\/135801\/revisions"}],"wp:featuredmedia":[{"embeddable":true,"href":"http:\/\/hoycordobaweb.com\/index.php\/wp-json\/wp\/v2\/media\/135802"}],"wp:attachment":[{"href":"http:\/\/hoycordobaweb.com\/index.php\/wp-json\/wp\/v2\/media?parent=135801"}],"wp:term":[{"taxonomy":"category","embeddable":true,"href":"http:\/\/hoycordobaweb.com\/index.php\/wp-json\/wp\/v2\/categories?post=135801"},{"taxonomy":"post_tag","embeddable":true,"href":"http:\/\/hoycordobaweb.com\/index.php\/wp-json\/wp\/v2\/tags?post=135801"}],"curies":[{"name":"wp","href":"https:\/\/api.w.org\/{rel}","templated":true}]}}