{"id":135797,"date":"2026-04-28T00:44:27","date_gmt":"2026-04-28T00:44:27","guid":{"rendered":"https:\/\/www.ole.com.ar\/futbol-internacional\/prestianni-vinicius-champions-conflicto_0_6gwkBp6BLU.html"},"modified":"2026-04-28T00:44:27","modified_gmt":"2026-04-28T00:44:27","slug":"la-fifa-lista-para-aplicar-la-regla-anti-prestianni-y-el-nuevo-registro-de-amarillas","status":"publish","type":"post","link":"http:\/\/hoycordobaweb.com\/index.php\/2026\/04\/28\/la-fifa-lista-para-aplicar-la-regla-anti-prestianni-y-el-nuevo-registro-de-amarillas\/","title":{"rendered":"La FIFA lista para aplicar la regla anti Prestianni y el nuevo registro de amarillas"},"content":{"rendered":"<p><img src=\"http:\/\/hoycordobaweb.com\/wp-content\/uploads\/2026\/04\/la-fifa-lista-para-aplicar-la-regla-anti-prestianni-y-el-nuevo-registro-de-amarillas.jpg\"><\/p>\n<p><time class=\"createDate\" datetime=\"2026-04-27T21:44:27-03:00\">27\/04\/2026 21:44hs.<\/time><\/p>\n<div id=\"storyBody\">\n<div id=\"element-body-0\" class=\"sc-136cd478-0 ekTCfV\" readability=\"40.535019455253\">\n<p>El tenso episodio entre <strong><a href=\"https:\/\/www.ole.com.ar\/tema\/gianluca-prestianni.html\" title=\"Gianluca Prestianni\" alt=\"Gianluca Prestianni\" class=\"slug\">Gianluca Prestianni<\/a><\/strong>, jugador del Benfica, y <strong><a href=\"https:\/\/www.ole.com.ar\/tema\/vinicius.html\" title=\"Vinicius\" alt=\"Vinicius\" class=\"slug\">Vin\u00edcius Jr<\/a><\/strong>, del Real Madrid, en Lisboa durante la <strong><a href=\"https:\/\/www.ole.com.ar\/tema\/champions-league.html\" title=\"Champions League\" alt=\"Champions League\" class=\"slug\">Champions League<\/a><\/strong>, gener\u00f3 que la International Board (IB), el organismo que determina los cambios reglamentarios en el f\u00fatbol, <strong>est\u00e9 dispuesta a un cambio de reglamento<\/strong>, que podr\u00eda anunciarse este mismo martes en Vancouver, Canad\u00e1, durante el congreso de la <a href=\"https:\/\/www.ole.com.ar\/tema\/fifa.html\" title=\"FIFA\" alt=\"FIFA\" class=\"slug\">FIFA<\/a>: <strong>prohibici\u00f3n para los jugadores de taparse la boca con la camiseta o con las manos cuando hablan con el \u00e1rbitro o los rivales<\/strong>.<\/p>\n<\/div>\n<div id=\"element-body-1\" class=\"sc-136cd478-0 ekTCfV\" readability=\"36\">\n<p>\u00bfCu\u00e1l ser\u00eda la sanci\u00f3n? No est\u00e1 confirmado, <strong>pero varios medios anuncian que ser\u00eda la expulsi\u00f3n.<\/strong> As\u00ed, se busca asegurar el recurso de la lectura de labios para verificar si hubo insultos o injurias de car\u00e1cter discriminatorio.<\/p>\n<\/div>\n<div id=\"element-body-2\" class=\"sc-136cd478-0 ekTCfV\" readability=\"39\">\n<p>Recordar: Vini hab\u00eda asegurado tras el match con Benfica que el argentino le dijo \u00abmono\u00bb. Sin embargo, Gianluca tuvo otra versi\u00f3n: \u00abMaric\u00f3n\u00bb. Y explic\u00f3 que es algo normal que ocurre durante un partido. La UEFA lo sancion\u00f3 con seis fechas de sanci\u00f3n, tres de cumplimiento efectivo (ya cumpli\u00f3 una y quedan tres en suspenso), por homofobia. Si se hubiese confirmado lo que asegur\u00f3 el brasile\u00f1o, la suspensi\u00f3n podr\u00eda haberse extendido a un m\u00ednimo de diez fechas.<\/p>\n<\/div>\n<div class=\"sc-e7b891c4-0 ifHnQL image-embed\" id=\"element-body-3\"><img alt=\"Gianluca Prestianni y Vin\u00edcius en la noche de la pol\u00e9mica (AFP).\" loading=\"lazy\" width=\"720\" height=\"100\" decoding=\"async\" data-nimg=\"1\" src=\"http:\/\/hoycordobaweb.com\/wp-content\/uploads\/2026\/04\/la-fifa-lista-para-aplicar-la-regla-anti-prestianni-y-el-nuevo-registro-de-amarillas-2.jpg\"><span class=\"epigraphe\">Gianluca Prestianni y Vin\u00edcius en la noche de la pol\u00e9mica (AFP).<\/span><\/div>\n<p><h2><strong>Cambios en las tarjetas<\/strong><\/h2>\n<\/p>\n<div id=\"element-body-5\" class=\"sc-136cd478-0 ekTCfV\" readability=\"39\">\n<p>Adem\u00e1s, la IB tambi\u00e9n piensa cambiar el sistema de suspensiones por acumulaci\u00f3n de tarjetas amarillas: <strong>se propone anularlas tras la fase de grupos (tres partidos por equipo) y despu\u00e9s de cuartos de final.<\/strong> As\u00ed, se arrancar\u00eda desde 16avos de final sin acumlar las amonestaciones. Lo mismo, desde la semifinales. Recordar: con la ampliaci\u00f3n de los participantes a 48 selecciones, para ser campe\u00f3n habr\u00e1 que jugar ocho partidos.<\/p>\n<\/div>\n<div class=\"sc-e7b891c4-0 ifHnQL image-embed\" id=\"element-body-6\"><img alt=\"Gianni Infantino tiene una fuerte cruzada contra la discriminaci\u00f3n (AP).\" loading=\"lazy\" width=\"720\" height=\"100\" decoding=\"async\" data-nimg=\"1\" src=\"http:\/\/hoycordobaweb.com\/wp-content\/uploads\/2026\/04\/la-fifa-lista-para-aplicar-la-regla-anti-prestianni-y-el-nuevo-registro-de-amarillas-3.jpg\"><span class=\"epigraphe\">Gianni Infantino tiene una fuerte cruzada contra la discriminaci\u00f3n (AP).<\/span><\/div>\n<p><h2><strong>Cambios ya anunciados<\/strong><\/h2>\n<\/p>\n<div id=\"element-body-8\" class=\"sc-136cd478-0 ekTCfV\" readability=\"33.490514905149\">\n<p>Hab\u00eda otras modificaciones reglamentarias que <a href=\"https:\/\/www.ole.com.ar\/futbol-internacional\/futbol-reglas-var-cambios_0_lewvlhFwST.html\" target=\"_self\" title=\"se instalar\u00e1n a partir del Mundial\" alt=\"se instalar\u00e1n a partir del Mundial\" rel=\"noopener noreferrer\">se instalar\u00e1n a partir del Mundial<\/a>. Por ejemplo, el VAR podr\u00e1 llamar a un \u00e1rbitro a revisi\u00f3n si aplic\u00f3 una segunda amarilla equivocada. Tambi\u00e9n, para avisar que un c\u00f3rner estuvo mal concedido y en realidad correspond\u00eda saque de arco. Se busca evitar que por ese tipo de errores peque\u00f1os un equipo quede eliminado.<\/p>\n<\/div>\n<div id=\"element-body-10\" class=\"sc-a7166897-0 eoLsBE\" readability=\"31\">\n<section readability=\"2\"><picture><img alt=\"\u00bfEl Huevo Acu\u00f1a al Mundial? Su nivel en River lo reposicion\u00f3\" loading=\"lazy\" width=\"290\" height=\"290\" decoding=\"async\" data-nimg=\"1\" src=\"http:\/\/hoycordobaweb.com\/wp-content\/uploads\/2026\/04\/la-fifa-lista-para-aplicar-la-regla-anti-prestianni-y-el-nuevo-registro-de-amarillas-4.jpg\"><\/picture>\n<p><span>Mir\u00e1 tambi\u00e9n<\/span><\/p>\n<hr>\n<h3>\u00bfEl Huevo Acu\u00f1a al Mundial? Su nivel en River lo reposicion\u00f3<\/h3>\n<\/p>\n<\/section>\n<\/div>\n<div id=\"element-body-11\" class=\"sc-a7166897-0 eoLsBE\" readability=\"32\">\n<section readability=\"4\"><picture><img alt=\"Furor por Neymar en Buenos Aires: pr\u00e1ctica en Casa Amarilla, la foto con un jugador de River y el cari\u00f1o de la gente\" loading=\"lazy\" width=\"290\" height=\"290\" decoding=\"async\" data-nimg=\"1\" src=\"http:\/\/hoycordobaweb.com\/wp-content\/uploads\/2026\/04\/la-fifa-lista-para-aplicar-la-regla-anti-prestianni-y-el-nuevo-registro-de-amarillas-5.jpg\"><\/picture>\n<p><span>Mir\u00e1 tambi\u00e9n<\/span><\/p>\n<hr>\n<h3>Furor por Neymar en Buenos Aires: pr\u00e1ctica en Casa Amarilla, la foto con un jugador de River y el cari\u00f1o de la gente<\/h3>\n<\/p>\n<\/section>\n<\/div>\n<\/div>\n","protected":false},"excerpt":{"rendered":"<p>27\/04\/2026 21:44hs. El tenso episodio entre Gianluca Prestianni, jugador del Benfica, y Vin\u00edcius Jr, del Real Madrid, en Lisboa durante la Champions League, gener\u00f3 que la International Board (IB), el organismo que determina los cambios reglamentarios en el f\u00fatbol, est\u00e9 dispuesta a un cambio de reglamento, que podr\u00eda anunciarse este mismo martes en Vancouver, Canad\u00e1, [&hellip;]<\/p>\n","protected":false},"author":1,"featured_media":135798,"comment_status":"open","ping_status":"closed","sticky":false,"template":"","format":"standard","meta":[],"categories":[16],"tags":[],"_links":{"self":[{"href":"http:\/\/hoycordobaweb.com\/index.php\/wp-json\/wp\/v2\/posts\/135797"}],"collection":[{"href":"http:\/\/hoycordobaweb.com\/index.php\/wp-json\/wp\/v2\/posts"}],"about":[{"href":"http:\/\/hoycordobaweb.com\/index.php\/wp-json\/wp\/v2\/types\/post"}],"author":[{"embeddable":true,"href":"http:\/\/hoycordobaweb.com\/index.php\/wp-json\/wp\/v2\/users\/1"}],"replies":[{"embeddable":true,"href":"http:\/\/hoycordobaweb.com\/index.php\/wp-json\/wp\/v2\/comments?post=135797"}],"version-history":[{"count":0,"href":"http:\/\/hoycordobaweb.com\/index.php\/wp-json\/wp\/v2\/posts\/135797\/revisions"}],"wp:featuredmedia":[{"embeddable":true,"href":"http:\/\/hoycordobaweb.com\/index.php\/wp-json\/wp\/v2\/media\/135798"}],"wp:attachment":[{"href":"http:\/\/hoycordobaweb.com\/index.php\/wp-json\/wp\/v2\/media?parent=135797"}],"wp:term":[{"taxonomy":"category","embeddable":true,"href":"http:\/\/hoycordobaweb.com\/index.php\/wp-json\/wp\/v2\/categories?post=135797"},{"taxonomy":"post_tag","embeddable":true,"href":"http:\/\/hoycordobaweb.com\/index.php\/wp-json\/wp\/v2\/tags?post=135797"}],"curies":[{"name":"wp","href":"https:\/\/api.w.org\/{rel}","templated":true}]}}