{"id":135793,"date":"2026-04-28T00:57:43","date_gmt":"2026-04-28T00:57:43","guid":{"rendered":"https:\/\/www.ole.com.ar\/futbol-internacional\/inglaterra\/cuti-romero-cumple-28-fotos-hijos_0_ZahWvmaQ5k.html"},"modified":"2026-04-28T00:57:43","modified_gmt":"2026-04-28T00:57:43","slug":"en-plena-recuperacion-la-tierna-foto-de-cuti-romero-con-sus-hijos-en-su-cumple-28","status":"publish","type":"post","link":"http:\/\/hoycordobaweb.com\/index.php\/2026\/04\/28\/en-plena-recuperacion-la-tierna-foto-de-cuti-romero-con-sus-hijos-en-su-cumple-28\/","title":{"rendered":"En plena recuperaci\u00f3n, la tierna foto de Cuti Romero con sus hijos en su cumple 28"},"content":{"rendered":"<p><img src=\"http:\/\/hoycordobaweb.com\/wp-content\/uploads\/2026\/04\/en-plena-recuperacion-la-tierna-foto-de-cuti-romero-con-sus-hijos-en-su-cumple-28.jpg\"><\/p>\n<p><time class=\"createDate\" datetime=\"2026-04-27T21:57:43-03:00\">27\/04\/2026 21:57hs.<\/time><\/p>\n<div id=\"storyBody\">\n<div id=\"element-body-0\" class=\"sc-136cd478-0 ekTCfV\" readability=\"36.155339805825\">\n<p><a href=\"https:\/\/www.ole.com.ar\/tema\/cristian-romero.html\" title=\"Cristian Romero\" alt=\"Cristian Romero\" class=\"slug\">Cristian Romero<\/a> celebr\u00f3 este lunes 27 de abril sus 28 a\u00f1os. El zaguero argentino, que se recupera de una lesi\u00f3n en su rodilla derecha, <strong>comparti\u00f3 una imagen en redes sociales con sus peque\u00f1os hijos (Valentino y Lucy) y una torta de ocasi\u00f3n.<\/strong> \u00bfSu gran deseo? Poder estar presente en el Mundial, sin dudas. <\/p>\n<\/div>\n<div class=\"sc-e7b891c4-0 ifHnQL image-embed\" id=\"element-body-1\"><img alt=\"El Cuti Romero con sus hijos (Instagram).\" loading=\"lazy\" width=\"720\" height=\"100\" decoding=\"async\" data-nimg=\"1\" src=\"http:\/\/hoycordobaweb.com\/wp-content\/uploads\/2026\/04\/en-plena-recuperacion-la-tierna-foto-de-cuti-romero-con-sus-hijos-en-su-cumple-28-2.jpg\"><span class=\"epigraphe\">El Cuti Romero con sus hijos (Instagram).<\/span><\/div>\n<p><h2><strong>Cuti Romero: su recuperaci\u00f3n y cu\u00e1ndo podr\u00eda retornar<\/strong><\/h2>\n<\/p>\n<div id=\"element-body-3\" class=\"sc-136cd478-0 ekTCfV\" readability=\"36\">\n<p>El zaguero de Tottenham se lastim <strong>\u00f3 el pasado 12 de abril en un partido entre su equipo y Sunderland al chocar con su arquero Anton\u00edn Kinsky tras ser empujado por un rival.<\/strong> En un primer momento se temi\u00f3 lo peor, pero luego el parte m\u00e9dico indic\u00f3 <strong>una lesi\u00f3n en el ligamento colateral de la citada rodilla derecha con un plazo de recuperaci\u00f3n de cinco a ocho semanas.<\/strong><\/p>\n<\/div>\n<div class=\"sc-e7b891c4-0 ifHnQL image-embed\" id=\"element-body-4\"><img alt=\"El Cuti y el momento de su lesi\u00f3n (AP). \" loading=\"lazy\" width=\"720\" height=\"100\" decoding=\"async\" data-nimg=\"1\" src=\"http:\/\/hoycordobaweb.com\/wp-content\/uploads\/2026\/04\/en-plena-recuperacion-la-tierna-foto-de-cuti-romero-con-sus-hijos-en-su-cumple-28-3.jpg\"><span class=\"epigraphe\">El Cuti y el momento de su lesi\u00f3n (AP). <\/span><\/div>\n<div id=\"element-body-5\" class=\"sc-136cd478-0 ekTCfV\" readability=\"37\">\n<p>La rehabilitaci\u00f3n le har\u00e1 perder el final de la temporada con los Spurs, que pelean por evitar el descenso en la Premier League. <strong> Y llegar\u00e1 con lo justo al Mundial.<\/strong> Es decir, se espera que est\u00e9 recuperado f\u00edsicamente, aunque no tendr\u00e1 rodaje futbol\u00edstico.<\/p>\n<\/div>\n<div id=\"element-body-6\" class=\"sc-136cd478-0 ekTCfV\" readability=\"36\">\n<p>En el mejor de los casos, si est\u00e1 bien, <strong>podr\u00eda sumar minutos en los amistosos ante Honduras (6 de junio en Texas) e Islandia (9 de junio en Alabama).<\/strong> El debut de Argentina en el Mundial ser\u00e1 el 16 ante Argelia en Kansas.<\/p>\n<\/div>\n<div id=\"element-body-7\" class=\"sc-a7166897-0 eoLsBE\" readability=\"31.5\">\n<section readability=\"3\"><picture><img alt=\"Malas noticias para Flamengo: el jugador lesionado que no podr\u00e1 jugar ante Estudiantes\" loading=\"lazy\" width=\"290\" height=\"290\" decoding=\"async\" data-nimg=\"1\" src=\"http:\/\/hoycordobaweb.com\/wp-content\/uploads\/2026\/04\/en-plena-recuperacion-la-tierna-foto-de-cuti-romero-con-sus-hijos-en-su-cumple-28-4.jpg\"><\/picture>\n<p><span>Mir\u00e1 tambi\u00e9n<\/span><\/p>\n<hr>\n<h3>Malas noticias para Flamengo: el jugador lesionado que no podr\u00e1 jugar ante Estudiantes<\/h3>\n<\/p>\n<\/section>\n<\/div>\n<div id=\"element-body-8\" class=\"sc-a7166897-0 eoLsBE\" readability=\"31.5\">\n<section readability=\"3\"><picture><img alt=\"C\u00f3mo viene Caracas, el rival de Racing en la Copa Sudamericana\" loading=\"lazy\" width=\"290\" height=\"290\" decoding=\"async\" data-nimg=\"1\" src=\"http:\/\/hoycordobaweb.com\/wp-content\/uploads\/2026\/04\/en-plena-recuperacion-la-tierna-foto-de-cuti-romero-con-sus-hijos-en-su-cumple-28-5.jpg\"><\/picture>\n<p><span>Mir\u00e1 tambi\u00e9n<\/span><\/p>\n<hr>\n<h3>C\u00f3mo viene Caracas, el rival de Racing en la Copa Sudamericana<\/h3>\n<\/p>\n<\/section>\n<\/div>\n<div id=\"element-body-9\" class=\"sc-a7166897-0 eoLsBE\" readability=\"32.5\">\n<section readability=\"5\"><picture><img alt=\"Furor por Neymar en Buenos Aires: pr\u00e1ctica en Casa Amarilla, la foto con un jugador de River, otro de Boca y el cari\u00f1o de la gente\" loading=\"lazy\" width=\"290\" height=\"290\" decoding=\"async\" data-nimg=\"1\" src=\"http:\/\/hoycordobaweb.com\/wp-content\/uploads\/2026\/04\/en-plena-recuperacion-la-tierna-foto-de-cuti-romero-con-sus-hijos-en-su-cumple-28-6.jpg\"><\/picture>\n<p><span>Mir\u00e1 tambi\u00e9n<\/span><\/p>\n<hr>\n<h3>Furor por Neymar en Buenos Aires: pr\u00e1ctica en Casa Amarilla, la foto con un jugador de River, otro de Boca y el cari\u00f1o de la gente<\/h3>\n<\/p>\n<\/section>\n<\/div>\n<\/div>\n","protected":false},"excerpt":{"rendered":"<p>27\/04\/2026 21:57hs. Cristian Romero celebr\u00f3 este lunes 27 de abril sus 28 a\u00f1os. El zaguero argentino, que se recupera de una lesi\u00f3n en su rodilla derecha, comparti\u00f3 una imagen en redes sociales con sus peque\u00f1os hijos (Valentino y Lucy) y una torta de ocasi\u00f3n. \u00bfSu gran deseo? Poder estar presente en el Mundial, sin dudas. [&hellip;]<\/p>\n","protected":false},"author":1,"featured_media":135794,"comment_status":"open","ping_status":"closed","sticky":false,"template":"","format":"standard","meta":[],"categories":[16],"tags":[],"_links":{"self":[{"href":"http:\/\/hoycordobaweb.com\/index.php\/wp-json\/wp\/v2\/posts\/135793"}],"collection":[{"href":"http:\/\/hoycordobaweb.com\/index.php\/wp-json\/wp\/v2\/posts"}],"about":[{"href":"http:\/\/hoycordobaweb.com\/index.php\/wp-json\/wp\/v2\/types\/post"}],"author":[{"embeddable":true,"href":"http:\/\/hoycordobaweb.com\/index.php\/wp-json\/wp\/v2\/users\/1"}],"replies":[{"embeddable":true,"href":"http:\/\/hoycordobaweb.com\/index.php\/wp-json\/wp\/v2\/comments?post=135793"}],"version-history":[{"count":0,"href":"http:\/\/hoycordobaweb.com\/index.php\/wp-json\/wp\/v2\/posts\/135793\/revisions"}],"wp:featuredmedia":[{"embeddable":true,"href":"http:\/\/hoycordobaweb.com\/index.php\/wp-json\/wp\/v2\/media\/135794"}],"wp:attachment":[{"href":"http:\/\/hoycordobaweb.com\/index.php\/wp-json\/wp\/v2\/media?parent=135793"}],"wp:term":[{"taxonomy":"category","embeddable":true,"href":"http:\/\/hoycordobaweb.com\/index.php\/wp-json\/wp\/v2\/categories?post=135793"},{"taxonomy":"post_tag","embeddable":true,"href":"http:\/\/hoycordobaweb.com\/index.php\/wp-json\/wp\/v2\/tags?post=135793"}],"curies":[{"name":"wp","href":"https:\/\/api.w.org\/{rel}","templated":true}]}}