{"id":135791,"date":"2026-04-28T01:29:11","date_gmt":"2026-04-28T01:29:11","guid":{"rendered":"https:\/\/www.ole.com.ar\/eventos-argentina\/automovilismo\/franco-colapinto-formula1-fangio_0_2x0pNVV2nH.html"},"modified":"2026-04-28T01:29:11","modified_gmt":"2026-04-28T01:29:11","slug":"franco-colapinto-y-su-emocion-en-la-flecha-de-plata-del-orgullo-al-sueno-cumplido","status":"publish","type":"post","link":"http:\/\/hoycordobaweb.com\/index.php\/2026\/04\/28\/franco-colapinto-y-su-emocion-en-la-flecha-de-plata-del-orgullo-al-sueno-cumplido\/","title":{"rendered":"Franco Colapinto y su emoci\u00f3n en la Flecha de Plata: del orgullo al \u00absue\u00f1o cumplido\u00bb"},"content":{"rendered":"<p><img src=\"http:\/\/hoycordobaweb.com\/wp-content\/uploads\/2026\/04\/franco-colapinto-y-su-emocion-en-la-flecha-de-plata-del-orgullo-al-sueno-cumplido.jpg\"><\/p>\n<p><time class=\"createDate\" datetime=\"2026-04-27T22:29:11-03:00\">27\/04\/2026 22:29hs.<\/time><\/p>\n<div id=\"storyBody\">\n<div id=\"element-body-0\" class=\"sc-136cd478-0 ekTCfV\" readability=\"35.604584527221\">\n<p><strong>\u201cQu\u00e9 suerte la m\u00eda y qu\u00e9 honor\u201d, escribi\u00f3 <a href=\"https:\/\/www.ole.com.ar\/tema\/franco-colapinto.html\" title=\"Franco Colapinto\" alt=\"Franco Colapinto\" class=\"slug\">Franco Colapinto<\/a> en sus redes sociales tras la emoci\u00f3n de subirse a la r\u00e9plica del hist\u00f3rico Mercedes-Benz de <a href=\"https:\/\/www.ole.com.ar\/tema\/juan-manuel-fangio.html\" title=\"Juan Manuel Fangio\" alt=\"Juan Manuel Fangio\" class=\"slug\">Fangio<\/a>.<\/strong> Y es que su Road Show no fue uno m\u00e1s: miles de personas se acercaron para verlo y la jornada dej\u00f3 im\u00e1genes realmente emotivas. Esta fue, sin dudas, una de las m\u00e1s especiales.<\/p>\n<\/div>\n<div id=\"element-body-1\" class=\"sc-136cd478-0 ekTCfV\" readability=\"37\">\n<p><strong>\u201cManejar un auto tan importante en la historia del automovilismo y adem\u00e1s el de uno de mis \u00eddolos, en mi propio pa\u00eds, fue un sue\u00f1o hecho realidad. Gracias por la oportunidad\u201d<\/strong>, cerr\u00f3 Franco en su posteo.<\/p>\n<\/div>\n<div class=\"sc-e7b891c4-0 ifHnQL image-embed\" id=\"element-body-2\"><img alt=\"(Alessia Maccioni)\" loading=\"lazy\" width=\"720\" height=\"100\" decoding=\"async\" data-nimg=\"1\" src=\"http:\/\/hoycordobaweb.com\/wp-content\/uploads\/2026\/04\/franco-colapinto-y-su-emocion-en-la-flecha-de-plata-del-orgullo-al-sueno-cumplido-2.jpg\"><span class=\"epigraphe\">(Alessia Maccioni)<\/span><\/div>\n<div id=\"element-body-3\" class=\"sc-136cd478-0 ekTCfV\" readability=\"41\">\n<p><strong>Fue un homenaje cargado de emoci\u00f3n.<\/strong> Colapinto no utiliz\u00f3 el casco cerrado habitual, sino uno de estilo cl\u00e1sico, marr\u00f3n s\u00edmil cuero, al estilo de la \u00e9poca de <strong>Juan Manuel Fangio<\/strong>, dejando el rostro al descubierto. A velocidad moderada, el argentino recorri\u00f3 la Avenida del Libertador y la Avenida Sarmiento, y hasta se acerc\u00f3 a las vallas para que los fan\u00e1ticos pudieran fotografiarlo.<\/p>\n<\/div>\n<div class=\"sc-e7b891c4-0 ifHnQL image-embed\" id=\"element-body-4\"><img alt=\"(Alessia Maccioni).\" loading=\"lazy\" width=\"720\" height=\"100\" decoding=\"async\" data-nimg=\"1\" src=\"http:\/\/hoycordobaweb.com\/wp-content\/uploads\/2026\/04\/franco-colapinto-y-su-emocion-en-la-flecha-de-plata-del-orgullo-al-sueno-cumplido-3.jpg\"><span class=\"epigraphe\">(Alessia Maccioni).<\/span><\/div>\n<div id=\"element-body-5\" class=\"sc-136cd478-0 ekTCfV\" readability=\"35\">\n<p>En uno de los momentos m\u00e1s simb\u00f3licos de la exhibici\u00f3n, <strong> llev\u00f3 una bandera argentina en la mano<\/strong>, regalando una postal que mezcl\u00f3 presente y pasado.<\/p>\n<\/div>\n<p><h2>El video de Franco y la Flecha de Plata<\/h2>\n<\/p>\n<div id=\"element-body-7\" class=\"sc-ef81c825-1 evSCNc\" readability=\"31\"><figcaption class=\"JWvideoNota_title\" readability=\"2\">\n<p>@silvaffabrizio &#8211; @cami.corrales<\/p>\n<\/figcaption><\/div>\n<div id=\"element-body-8\" class=\"sc-a7166897-0 eoLsBE\" readability=\"32\">\n<section readability=\"4\"><picture><img alt=\"F\u00f3rmula 1 en Buenos Aires: qu\u00e9 falta, de qu\u00e9 depende y las ventajas para que haya una carrera en la Argentina\" loading=\"lazy\" width=\"290\" height=\"290\" decoding=\"async\" data-nimg=\"1\" src=\"http:\/\/hoycordobaweb.com\/wp-content\/uploads\/2026\/04\/franco-colapinto-y-su-emocion-en-la-flecha-de-plata-del-orgullo-al-sueno-cumplido-4.jpg\"><\/picture>\n<p><span>Mir\u00e1 tambi\u00e9n<\/span><\/p>\n<hr>\n<h3>F\u00f3rmula 1 en Buenos Aires: qu\u00e9 falta, de qu\u00e9 depende y las ventajas para que haya una carrera en la Argentina<\/h3>\n<\/p>\n<\/section>\n<\/div>\n<div id=\"element-body-9\" class=\"sc-a7166897-0 eoLsBE\" readability=\"31\">\n<section readability=\"2\"><picture><img alt=\"Las huellas de Franco Colapinto siguen generando sensaci\u00f3n en Buenos Aires\" loading=\"lazy\" width=\"290\" height=\"290\" decoding=\"async\" data-nimg=\"1\" src=\"http:\/\/hoycordobaweb.com\/wp-content\/uploads\/2026\/04\/franco-colapinto-y-su-emocion-en-la-flecha-de-plata-del-orgullo-al-sueno-cumplido-5.jpg\"><\/picture>\n<p><span>Mir\u00e1 tambi\u00e9n<\/span><\/p>\n<hr>\n<h3>Las huellas de Franco Colapinto siguen generando sensaci\u00f3n en Buenos Aires<\/h3>\n<\/p>\n<\/section>\n<\/div>\n<div id=\"element-body-10\" class=\"sc-a7166897-0 eoLsBE\" readability=\"32\">\n<section readability=\"4\"><picture><img alt=\"As\u00ed qued\u00f3 el auto que manej\u00f3 Colapinto: marcas de fuego, da\u00f1os menores y qu\u00e9 van a hacer con \u00e9l\" loading=\"lazy\" width=\"290\" height=\"290\" decoding=\"async\" data-nimg=\"1\" src=\"http:\/\/hoycordobaweb.com\/wp-content\/uploads\/2026\/04\/franco-colapinto-y-su-emocion-en-la-flecha-de-plata-del-orgullo-al-sueno-cumplido-6.jpg\"><\/picture>\n<p><span>Mir\u00e1 tambi\u00e9n<\/span><\/p>\n<hr>\n<h3>As\u00ed qued\u00f3 el auto que manej\u00f3 Colapinto: marcas de fuego, da\u00f1os menores y qu\u00e9 van a hacer con \u00e9l<\/h3>\n<\/p>\n<\/section>\n<\/div>\n<\/div>\n","protected":false},"excerpt":{"rendered":"<p>27\/04\/2026 22:29hs. \u201cQu\u00e9 suerte la m\u00eda y qu\u00e9 honor\u201d, escribi\u00f3 Franco Colapinto en sus redes sociales tras la emoci\u00f3n de subirse a la r\u00e9plica del hist\u00f3rico Mercedes-Benz de Fangio. Y es que su Road Show no fue uno m\u00e1s: miles de personas se acercaron para verlo y la jornada dej\u00f3 im\u00e1genes realmente emotivas. Esta fue, [&hellip;]<\/p>\n","protected":false},"author":1,"featured_media":135792,"comment_status":"open","ping_status":"closed","sticky":false,"template":"","format":"standard","meta":[],"categories":[16],"tags":[],"_links":{"self":[{"href":"http:\/\/hoycordobaweb.com\/index.php\/wp-json\/wp\/v2\/posts\/135791"}],"collection":[{"href":"http:\/\/hoycordobaweb.com\/index.php\/wp-json\/wp\/v2\/posts"}],"about":[{"href":"http:\/\/hoycordobaweb.com\/index.php\/wp-json\/wp\/v2\/types\/post"}],"author":[{"embeddable":true,"href":"http:\/\/hoycordobaweb.com\/index.php\/wp-json\/wp\/v2\/users\/1"}],"replies":[{"embeddable":true,"href":"http:\/\/hoycordobaweb.com\/index.php\/wp-json\/wp\/v2\/comments?post=135791"}],"version-history":[{"count":0,"href":"http:\/\/hoycordobaweb.com\/index.php\/wp-json\/wp\/v2\/posts\/135791\/revisions"}],"wp:featuredmedia":[{"embeddable":true,"href":"http:\/\/hoycordobaweb.com\/index.php\/wp-json\/wp\/v2\/media\/135792"}],"wp:attachment":[{"href":"http:\/\/hoycordobaweb.com\/index.php\/wp-json\/wp\/v2\/media?parent=135791"}],"wp:term":[{"taxonomy":"category","embeddable":true,"href":"http:\/\/hoycordobaweb.com\/index.php\/wp-json\/wp\/v2\/categories?post=135791"},{"taxonomy":"post_tag","embeddable":true,"href":"http:\/\/hoycordobaweb.com\/index.php\/wp-json\/wp\/v2\/tags?post=135791"}],"curies":[{"name":"wp","href":"https:\/\/api.w.org\/{rel}","templated":true}]}}