{"id":135763,"date":"2026-04-26T23:39:41","date_gmt":"2026-04-26T23:39:41","guid":{"rendered":"https:\/\/www.ole.com.ar\/mundial\/xavi-simons-lesion-paso-tottenham-paises-bajos-pierde-mundial-premier-league_0_R6l29CbCka.html"},"modified":"2026-04-26T23:39:41","modified_gmt":"2026-04-26T23:39:41","slug":"la-figura-que-se-pierde-el-mundial-con-paises-bajos-y-el-final-de-la-premier-con-el-tottenham","status":"publish","type":"post","link":"http:\/\/hoycordobaweb.com\/index.php\/2026\/04\/26\/la-figura-que-se-pierde-el-mundial-con-paises-bajos-y-el-final-de-la-premier-con-el-tottenham\/","title":{"rendered":"La figura que se pierde el Mundial con Pa\u00edses Bajos y el final de la Premier con el Tottenham"},"content":{"rendered":"<p><img src=\"http:\/\/hoycordobaweb.com\/wp-content\/uploads\/2026\/04\/la-figura-que-se-pierde-el-mundial-con-paises-bajos-y-el-final-de-la-premier-con-el-tottenham.jpg\"><\/p>\n<p><time class=\"createDate\" datetime=\"2026-04-26T20:39:41-03:00\">26\/04\/2026 20:39hs.<\/time><\/p>\n<div id=\"storyBody\">\n<div id=\"element-body-0\" class=\"sc-136cd478-0 ekTCfV\" readability=\"36.870229007634\">\n<p>En medio de la ardua lucha por mantener la categor\u00eda en esta <strong><a href=\"https:\/\/www.ole.com.ar\/tema\/premier-league.html\" title=\"Premier League\" alt=\"Premier League\" class=\"slug\">Premier League<\/a><\/strong> que no da respiro, <strong>el <a href=\"https:\/\/www.ole.com.ar\/tema\/tottenham-hotspur.html\" title=\"Tottenham Hotspur\" alt=\"Tottenham Hotspur\" class=\"slug\">Tottenham<\/a> perdi\u00f3 a otra de sus figuras<\/strong>. Con la baja del <strong><a href=\"https:\/\/www.ole.com.ar\/tema\/cristian-romero.html\" title=\"Cristian Romero\" alt=\"Cristian Romero\" class=\"slug\">Cuti Romero<\/a><\/strong> hasta el final de la temporada confirmada hace algunas semanas, los Spurs <strong> recibieron la p\u00e9sima noticia de que Xavi Simons, volante titular en el conjunto de Roberto De Zerbi, sufri\u00f3 una grave lesi\u00f3n<\/strong> que tambi\u00e9n lo marginar\u00e1 tanto del final de la temporada con el club ingl\u00e9s como del <strong><a href=\"https:\/\/www.ole.com.ar\/tema\/mundial-2026.html\" title=\"Mundial 2026\" alt=\"Mundial 2026\" class=\"slug\">Mundial<\/a><\/strong> con Pa\u00edses Bajos, algo que no suceder\u00e1 con el argentino.<\/p>\n<\/div>\n<div id=\"element-body-1\" class=\"sc-136cd478-0 ekTCfV\" readability=\"38\">\n<p>Durante la victoria del pasado s\u00e1bado frente al Wolverhampton, el creativo <strong>fue a disputar una pelota sobre la banda izquierda y, tras un forcejeo con el defensor Hugo Bueno, se le trab\u00f3 su rodilla con el c\u00e9sped del Molineux Stadium<\/strong>. Su preocupante reacci\u00f3n y su salida en camilla del campo de juego vaticinaron la p\u00e9sima noticia que el volante recibir\u00eda a las pocas horas.<\/p>\n<\/div>\n<div class=\"sc-e7b891c4-0 ifHnQL image-embed\" id=\"element-body-2\"><img alt=\"As\u00ed sali\u00f3 Xavi Simons del terreno de juego (AP Photo).\" loading=\"lazy\" width=\"720\" height=\"100\" decoding=\"async\" data-nimg=\"1\" src=\"http:\/\/hoycordobaweb.com\/wp-content\/uploads\/2026\/04\/la-figura-que-se-pierde-el-mundial-con-paises-bajos-y-el-final-de-la-premier-con-el-tottenham-2.jpg\"><span class=\"epigraphe\">As\u00ed sali\u00f3 Xavi Simons del terreno de juego (AP Photo).<\/span><\/div>\n<div id=\"element-body-3\" class=\"sc-136cd478-0 ekTCfV\" readability=\"38\">\n<p>Y es que en la tarde de este domingo, tras haberse sometido a los estudios necesarios, Simons confirm\u00f3 que <strong>sufri\u00f3 la rotura del ligamento cruzado anterior de su rodilla derecha<\/strong>. Esta noticia fue comunicada por el propio futbolista, quien a trav\u00e9s de sus redes sociales emiti\u00f3 un desgarrador mensaje.<\/p>\n<\/div>\n<p><h2><strong>Video: as\u00ed fue la acci\u00f3n en la que Simons se rompi\u00f3 el ligamento cruzado anterior<\/strong><\/h2>\n<\/p>\n<div id=\"element-body-5\" class=\"sc-ef81c825-1 evSCNc\"><figcaption class=\"JWvideoNota_title\">\n<p>Video: Twitter (@Aldair)<\/p>\n<\/figcaption><\/div>\n<p><h2><strong>Un dolor de cabeza para Koeman<\/strong><\/h2>\n<\/p>\n<div id=\"element-body-7\" class=\"sc-136cd478-0 ekTCfV\" readability=\"38\">\n<p>Si bien en el Mundial de Qatar tuvo un rol secundario en el seleccionado neerland\u00e9s, ya que jug\u00f3 apenas siete minutos en los octavos de final frente a los Estados Unidos, <strong>el mediocampista de 23 a\u00f1os se gan\u00f3 de a poco un lugar en el equipo que empez\u00f3 a dirigir Ronald Koeman a fines del 2022, cuando sucedi\u00f3 a Louis Van Gaal<\/strong>.<\/p>\n<\/div>\n<div class=\"sc-e7b891c4-0 ifHnQL image-embed\" id=\"element-body-8\"><img alt=\"El neerland\u00e9s jug\u00f3 varios partidos con Koeman como DT (Reuters).\" loading=\"lazy\" width=\"720\" height=\"100\" decoding=\"async\" data-nimg=\"1\" src=\"http:\/\/hoycordobaweb.com\/wp-content\/uploads\/2026\/04\/la-figura-que-se-pierde-el-mundial-con-paises-bajos-y-el-final-de-la-premier-con-el-tottenham-3.jpg\"><span class=\"epigraphe\">El neerland\u00e9s jug\u00f3 varios partidos con Koeman como DT (Reuters).<\/span><\/div>\n<div id=\"element-body-9\" class=\"sc-136cd478-0 ekTCfV\" readability=\"38\">\n<p>Desde la eliminaci\u00f3n frente a la Scaloneta en Qatar, <strong>el mediocampista disput\u00f3 33 partidos con Pa\u00edses Bajos, en los que aport\u00f3 seis goles durante sus 2.091&#8242; en cancha<\/strong>. A pesar de haber tenido una participaci\u00f3n intermitente en las Eliminatorias, Simons supo ser titular en algunos de estos partidos y tambi\u00e9n ocup\u00f3 el rol de revulsivo.<\/p>\n<\/div>\n<p><h2><strong>El mensaje de Simons en redes sociales<\/strong><\/h2>\n<\/p>\n<div id=\"element-body-11\" class=\"sc-136cd478-0 ekTCfV\" readability=\"35\">\n<p>Dicen que la vida puede ser cruel y hoy se siente as\u00ed. Mi temporada ha llegado a un final abrupto y solo estoy tratando de procesarlo. Honestamente, tengo el coraz\u00f3n roto. Nada de esto tiene sentido.<\/p>\n<\/div>\n<div id=\"element-body-12\" class=\"sc-136cd478-0 ekTCfV\" readability=\"36\">\n<p>Todo lo que he querido hacer es luchar por mi equipo y ahora la habilidad de hacerlo me ha sido arrebatada&#8230; junto con la Copa del Mundo. Representando a mi pa\u00eds este verano&#8230; simplemente se fue. Llevar\u00e1 tiempo encontrar la paz con esto, pero seguir\u00e9 siendo el mejor compa\u00f1ero de equipo que pueda ser. No tengo ninguna duda de que juntos ganaremos esta pelea.<\/p>\n<\/div>\n<div class=\"sc-e7b891c4-0 ifHnQL image-embed\" id=\"element-body-13\"><img alt=\"La fea imagen de Simons saliendo del terreno de juego (Reuters).\" loading=\"lazy\" width=\"720\" height=\"100\" decoding=\"async\" data-nimg=\"1\" src=\"http:\/\/hoycordobaweb.com\/wp-content\/uploads\/2026\/04\/la-figura-que-se-pierde-el-mundial-con-paises-bajos-y-el-final-de-la-premier-con-el-tottenham-4.jpg\"><span class=\"epigraphe\">La fea imagen de Simons saliendo del terreno de juego (Reuters).<\/span><\/div>\n<div id=\"element-body-14\" class=\"sc-136cd478-0 ekTCfV\" readability=\"38\">\n<p>Voy a recorrer este camino ahora, guiado por la fe, con fuerza, con resistencia, con creencia, mientras cuento los d\u00edas para volver ah\u00ed fuera. Tengan paciencia conmigo.<\/p>\n<\/div>\n<div id=\"element-body-15\" class=\"sc-a7166897-0 eoLsBE\" readability=\"32\">\n<section readability=\"4\"><picture><img alt=\"El descargo de Andrada despu\u00e9s de la pi\u00f1a que peg\u00f3: &quot;Me sal\u00ed de contexto&quot;, &quot;me desconect\u00e9&quot; y &quot;quiero pedir disculpas&quot;\" loading=\"lazy\" width=\"290\" height=\"290\" decoding=\"async\" data-nimg=\"1\" src=\"http:\/\/hoycordobaweb.com\/wp-content\/uploads\/2026\/04\/la-figura-que-se-pierde-el-mundial-con-paises-bajos-y-el-final-de-la-premier-con-el-tottenham-5.jpg\"><\/picture>\n<p><span>Mir\u00e1 tambi\u00e9n<\/span><\/p>\n<hr>\n<h3>El descargo de Andrada despu\u00e9s de la pi\u00f1a que peg\u00f3: \u00abMe sal\u00ed de contexto\u00bb, \u00abme desconect\u00e9\u00bb y \u00abquiero pedir disculpas\u00bb<\/h3>\n<\/p>\n<\/section>\n<\/div>\n<div id=\"element-body-16\" class=\"sc-a7166897-0 eoLsBE\" readability=\"31\">\n<section readability=\"2\"><picture><img alt=\"La tremenda pi\u00f1a de Esteban Andrada en la B de Espa\u00f1a\" loading=\"lazy\" width=\"290\" height=\"290\" decoding=\"async\" data-nimg=\"1\" src=\"http:\/\/hoycordobaweb.com\/wp-content\/uploads\/2026\/04\/la-figura-que-se-pierde-el-mundial-con-paises-bajos-y-el-final-de-la-premier-con-el-tottenham-6.jpg\"><\/picture>\n<p><span>Mir\u00e1 tambi\u00e9n<\/span><\/p>\n<hr>\n<h3>La tremenda pi\u00f1a de Esteban Andrada en la B de Espa\u00f1a<\/h3>\n<\/p>\n<\/section>\n<\/div>\n<div id=\"element-body-17\" class=\"sc-a7166897-0 eoLsBE\" readability=\"31.5\">\n<section readability=\"3\"><picture><img alt=\"La reacci\u00f3n del entrenador y el fuerte comunicado del Zaragoza por la tremenda pi\u00f1a de Andrada\" loading=\"lazy\" width=\"290\" height=\"290\" decoding=\"async\" data-nimg=\"1\" src=\"http:\/\/hoycordobaweb.com\/wp-content\/uploads\/2026\/04\/la-figura-que-se-pierde-el-mundial-con-paises-bajos-y-el-final-de-la-premier-con-el-tottenham-7.jpg\"><\/picture>\n<p><span>Mir\u00e1 tambi\u00e9n<\/span><\/p>\n<hr>\n<h3>La reacci\u00f3n del entrenador y el fuerte comunicado del Zaragoza por la tremenda pi\u00f1a de Andrada<\/h3>\n<\/p>\n<\/section>\n<\/div>\n<\/div>\n","protected":false},"excerpt":{"rendered":"<p>26\/04\/2026 20:39hs. En medio de la ardua lucha por mantener la categor\u00eda en esta Premier League que no da respiro, el Tottenham perdi\u00f3 a otra de sus figuras. Con la baja del Cuti Romero hasta el final de la temporada confirmada hace algunas semanas, los Spurs recibieron la p\u00e9sima noticia de que Xavi Simons, volante [&hellip;]<\/p>\n","protected":false},"author":1,"featured_media":135764,"comment_status":"open","ping_status":"closed","sticky":false,"template":"","format":"standard","meta":[],"categories":[16],"tags":[],"_links":{"self":[{"href":"http:\/\/hoycordobaweb.com\/index.php\/wp-json\/wp\/v2\/posts\/135763"}],"collection":[{"href":"http:\/\/hoycordobaweb.com\/index.php\/wp-json\/wp\/v2\/posts"}],"about":[{"href":"http:\/\/hoycordobaweb.com\/index.php\/wp-json\/wp\/v2\/types\/post"}],"author":[{"embeddable":true,"href":"http:\/\/hoycordobaweb.com\/index.php\/wp-json\/wp\/v2\/users\/1"}],"replies":[{"embeddable":true,"href":"http:\/\/hoycordobaweb.com\/index.php\/wp-json\/wp\/v2\/comments?post=135763"}],"version-history":[{"count":0,"href":"http:\/\/hoycordobaweb.com\/index.php\/wp-json\/wp\/v2\/posts\/135763\/revisions"}],"wp:featuredmedia":[{"embeddable":true,"href":"http:\/\/hoycordobaweb.com\/index.php\/wp-json\/wp\/v2\/media\/135764"}],"wp:attachment":[{"href":"http:\/\/hoycordobaweb.com\/index.php\/wp-json\/wp\/v2\/media?parent=135763"}],"wp:term":[{"taxonomy":"category","embeddable":true,"href":"http:\/\/hoycordobaweb.com\/index.php\/wp-json\/wp\/v2\/categories?post=135763"},{"taxonomy":"post_tag","embeddable":true,"href":"http:\/\/hoycordobaweb.com\/index.php\/wp-json\/wp\/v2\/tags?post=135763"}],"curies":[{"name":"wp","href":"https:\/\/api.w.org\/{rel}","templated":true}]}}