{"id":135761,"date":"2026-04-27T00:54:44","date_gmt":"2026-04-27T00:54:44","guid":{"rendered":"https:\/\/www.ole.com.ar\/futbol-internacional\/ronaldo-traumatismo-seried-independencia_0_xGNfYOgZrb.html"},"modified":"2026-04-27T00:54:44","modified_gmt":"2026-04-27T00:54:44","slug":"video-se-temio-por-la-vida-de-un-jugador-y-se-pusieron-a-rezar-mientras-lo-atendian","status":"publish","type":"post","link":"http:\/\/hoycordobaweb.com\/index.php\/2026\/04\/27\/video-se-temio-por-la-vida-de-un-jugador-y-se-pusieron-a-rezar-mientras-lo-atendian\/","title":{"rendered":"Video: se temi\u00f3 por la vida de un jugador y se pusieron a rezar mientras lo atend\u00edan"},"content":{"rendered":"<p><img src=\"http:\/\/hoycordobaweb.com\/wp-content\/uploads\/2026\/04\/video-se-temio-por-la-vida-de-un-jugador-y-se-pusieron-a-rezar-mientras-lo-atendian.jpg\"><\/p>\n<p><time class=\"createDate\" datetime=\"2026-04-26T21:54:44-03:00\">26\/04\/2026 21:54hs.<\/time><\/p>\n<div id=\"storyBody\">\n<div id=\"element-body-0\" class=\"sc-136cd478-0 ekTCfV\" readability=\"38.167259786477\">\n<p><strong>Una situaci\u00f3n de extrema tensi\u00f3n<\/strong> se vivi\u00f3 en un partido de la Serie D de <a href=\"https:\/\/www.ole.com.ar\/tema\/brasil.html\" title=\"Brasil\" alt=\"Brasil\" class=\"slug\">Brasil<\/a>. <strong>Ronaldo, de Independencia, cay\u00f3 inconsciente al piso<\/strong> luego de chocar con Douglas Pantera, de Araguina, en la jugada en la que el rival convirti\u00f3 un gol. Mientras, los locales festejaban el 1 a 0.<\/p>\n<\/div>\n<div id=\"element-body-1\" class=\"sc-136cd478-0 ekTCfV\" readability=\"38\">\n<p>Pero los jugadores del equipo de la regi\u00f3n de Acre r\u00e1pidamente observaron que <strong>algo grave pasaba y reclamaron la asistencia m\u00e9dica de urgencia<\/strong>. Como no reaccionaba, <strong>algunos compa\u00f1eros empezaron a rezar y otros a levantar las manos al cielo, al lado de Ronaldo, que segu\u00eda inm\u00f3vil. Tem\u00edan por su vida.<\/strong><\/p>\n<\/div>\n<div id=\"element-body-2\" class=\"sc-136cd478-0 ekTCfV\" readability=\"33\">\n<p>De ambos equipos se sacaron la remera para moverla delante del futobolista desmayado y recibiera aire. La angustia era fuerte.<\/p>\n<\/div>\n<div id=\"element-body-3\" class=\"sc-136cd478-0 ekTCfV\" readability=\"34\">\n<p>La transmisi\u00f3n oficial sigui\u00f3 el protocolo indicado en estos casos, de no mostrar primeros planos del jugador afectado. Hasta que una ambulancia ingres\u00f3 y Ronaldo fue llevado a un hospital.<\/p>\n<\/div>\n<div id=\"element-body-4\" class=\"sc-136cd478-0 ekTCfV\" readability=\"37\">\n<p>El partido sigui\u00f3 y termin\u00f3 1 a 1. Luego, el entrenador de Independencia, Ivan Mazzuia, le confirm\u00f3 a Globoesporte que Ronaldo hab\u00eda sufrido un <strong> traumatismo craneal y que se recuperaba tras haberse realizado una tomograf\u00eda y recibir medicaci\u00f3n. Hab\u00eda contado que no recuerda lo que pas\u00f3.<\/strong><\/p>\n<\/div>\n<p><h2><strong>Mir\u00e1 el video<\/strong><\/h2>\n<\/p>\n<div id=\"element-body-6\" class=\"sc-ef81c825-1 evSCNc\" readability=\"33\"><figcaption class=\"JWvideoNota_title\" readability=\"6\">\n<p>Ronaldo, de Independencia de Brasil, qued\u00f3 inconsciente en el piso y se temi\u00f3 por su vida, en un partido de la Serie D de Brasil.<\/p>\n<\/figcaption><\/div>\n<div class=\"sc-e7b891c4-0 ifHnQL image-embed\" id=\"element-body-7\"><img alt=\"Ronaldo en el piso: tem\u00edan por su vida y se pusieron a rezar.\" loading=\"lazy\" width=\"720\" height=\"100\" decoding=\"async\" data-nimg=\"1\" src=\"http:\/\/hoycordobaweb.com\/wp-content\/uploads\/2026\/04\/video-se-temio-por-la-vida-de-un-jugador-y-se-pusieron-a-rezar-mientras-lo-atendian-2.jpg\"><span class=\"epigraphe\">Ronaldo en el piso: tem\u00edan por su vida y se pusieron a rezar.<\/span><\/div>\n<div class=\"sc-e7b891c4-0 ifHnQL image-embed\" id=\"element-body-8\"><img alt=\"Ronaldo en el piso: tem\u00edan por su vida y se pusieron a rezar.\" loading=\"lazy\" width=\"720\" height=\"100\" decoding=\"async\" data-nimg=\"1\" src=\"http:\/\/hoycordobaweb.com\/wp-content\/uploads\/2026\/04\/video-se-temio-por-la-vida-de-un-jugador-y-se-pusieron-a-rezar-mientras-lo-atendian-3.jpg\"><span class=\"epigraphe\">Ronaldo en el piso: tem\u00edan por su vida y se pusieron a rezar.<\/span><\/div>\n<div id=\"element-body-9\" class=\"sc-a7166897-0 eoLsBE\" readability=\"32\">\n<section readability=\"4\"><picture><img alt=\"Neymar, ausente en el entrenamiento de Santos: \u00bfviaja a Argentina para jugar contra San Lorenzo?\" loading=\"lazy\" width=\"290\" height=\"290\" decoding=\"async\" data-nimg=\"1\" src=\"http:\/\/hoycordobaweb.com\/wp-content\/uploads\/2026\/04\/video-se-temio-por-la-vida-de-un-jugador-y-se-pusieron-a-rezar-mientras-lo-atendian-4.jpg\"><\/picture>\n<p><span>Mir\u00e1 tambi\u00e9n<\/span><\/p>\n<hr>\n<h3>Neymar, ausente en el entrenamiento de Santos: \u00bfviaja a Argentina para jugar contra San Lorenzo?<\/h3>\n<\/p>\n<\/section>\n<\/div>\n<\/div>\n","protected":false},"excerpt":{"rendered":"<p>26\/04\/2026 21:54hs. Una situaci\u00f3n de extrema tensi\u00f3n se vivi\u00f3 en un partido de la Serie D de Brasil. Ronaldo, de Independencia, cay\u00f3 inconsciente al piso luego de chocar con Douglas Pantera, de Araguina, en la jugada en la que el rival convirti\u00f3 un gol. Mientras, los locales festejaban el 1 a 0. Pero los jugadores [&hellip;]<\/p>\n","protected":false},"author":1,"featured_media":135762,"comment_status":"open","ping_status":"closed","sticky":false,"template":"","format":"standard","meta":[],"categories":[16],"tags":[],"_links":{"self":[{"href":"http:\/\/hoycordobaweb.com\/index.php\/wp-json\/wp\/v2\/posts\/135761"}],"collection":[{"href":"http:\/\/hoycordobaweb.com\/index.php\/wp-json\/wp\/v2\/posts"}],"about":[{"href":"http:\/\/hoycordobaweb.com\/index.php\/wp-json\/wp\/v2\/types\/post"}],"author":[{"embeddable":true,"href":"http:\/\/hoycordobaweb.com\/index.php\/wp-json\/wp\/v2\/users\/1"}],"replies":[{"embeddable":true,"href":"http:\/\/hoycordobaweb.com\/index.php\/wp-json\/wp\/v2\/comments?post=135761"}],"version-history":[{"count":0,"href":"http:\/\/hoycordobaweb.com\/index.php\/wp-json\/wp\/v2\/posts\/135761\/revisions"}],"wp:featuredmedia":[{"embeddable":true,"href":"http:\/\/hoycordobaweb.com\/index.php\/wp-json\/wp\/v2\/media\/135762"}],"wp:attachment":[{"href":"http:\/\/hoycordobaweb.com\/index.php\/wp-json\/wp\/v2\/media?parent=135761"}],"wp:term":[{"taxonomy":"category","embeddable":true,"href":"http:\/\/hoycordobaweb.com\/index.php\/wp-json\/wp\/v2\/categories?post=135761"},{"taxonomy":"post_tag","embeddable":true,"href":"http:\/\/hoycordobaweb.com\/index.php\/wp-json\/wp\/v2\/tags?post=135761"}],"curies":[{"name":"wp","href":"https:\/\/api.w.org\/{rel}","templated":true}]}}