{"id":135759,"date":"2026-04-27T00:59:34","date_gmt":"2026-04-27T00:59:34","guid":{"rendered":"https:\/\/www.ole.com.ar\/futbol-internacional\/america\/racing-montevideo-fernando-cavenaghi-campeon-apertura-uruguay_0_03FITW4T7e.html"},"modified":"2026-04-27T00:59:34","modified_gmt":"2026-04-27T00:59:34","slug":"el-racing-de-montevideo-de-cavenaghi-se-consagro-campeon-del-apertura-en-uruguay","status":"publish","type":"post","link":"http:\/\/hoycordobaweb.com\/index.php\/2026\/04\/27\/el-racing-de-montevideo-de-cavenaghi-se-consagro-campeon-del-apertura-en-uruguay\/","title":{"rendered":"El Racing de Montevideo de Cavenaghi se consagr\u00f3 campe\u00f3n del Apertura en Uruguay"},"content":{"rendered":"<p><img src=\"http:\/\/hoycordobaweb.com\/wp-content\/uploads\/2026\/04\/el-racing-de-montevideo-de-cavenaghi-se-consagro-campeon-del-apertura-en-uruguay.jpg\"><\/p>\n<p><time class=\"createDate\" datetime=\"2026-04-26T21:59:34-03:00\">26\/04\/2026 21:59hs.<\/time><\/p>\n<div id=\"storyBody\">\n<div id=\"element-body-0\" class=\"sc-136cd478-0 ekTCfV\" readability=\"33.787951807229\">\n<p>Despu\u00e9s de una tremenda campa\u00f1a con Cristian Chambian a la cabeza del equipo, <strong><a href=\"https:\/\/www.ole.com.ar\/tema\/racing-de-uruguay.html\" title=\"Racing de Uruguay\" alt=\"Racing de Uruguay\" class=\"slug\">Racing de Montevideo<\/a><\/strong> <strong>se qued\u00f3 con el Apertura de la Liga AUF<\/strong>. Con su reciente triunfo por 1 a 0 frente a Cerro Largo y la derrota de <strong><a href=\"https:\/\/www.ole.com.ar\/tema\/penarol.html\" title=\"Pe\u00f1arol\" alt=\"Pe\u00f1arol\" class=\"slug\">Pe\u00f1arol<\/a><\/strong> contra Montevideo Wanderers, partido que los jugadores de la Escuelita siguieron desde el micro, <strong>el club del que una porci\u00f3n sigue perteneci\u00e9ndole a <a href=\"https:\/\/www.ole.com.ar\/tema\/fernando-cavenaghi.html\" title=\"Fernando Cavenaghi\" alt=\"Fernando Cavenaghi\" class=\"slug\">Fernando Cavenaghi<\/a> se consagr\u00f3 campe\u00f3n<\/strong>. <\/p>\n<\/div>\n<div id=\"element-body-1\" class=\"sc-136cd478-0 ekTCfV\" readability=\"37.913924050633\">\n<p>Con su triunfo en cancha de <strong><a href=\"https:\/\/www.ole.com.ar\/tema\/cerro-largo-fc.html\" title=\"Cerro Largo FC\" alt=\"Cerro Largo FC\" class=\"slug\">Cerro Largo<\/a><\/strong>, el equipo montevideano <strong>alcanz\u00f3 los 30 puntos y les sac\u00f3 siete unidades a Deportivo Maldonado y al Manya<\/strong>. Sin embargo, a falta de dos fechas del final deb\u00eda esperar a que el Carbonero no le ganase su partido frente a Wanderers, algo que sucedi\u00f3 y que los propios futbolistas de Racing vieron desde el micro, donde comenzaron los festejos del campe\u00f3n.<\/p>\n<\/div>\n<div class=\"sc-e7b891c4-0 ifHnQL image-embed\" id=\"element-body-2\"><img alt=\"El plantel del campe\u00f3n (Foto: Prensa Racing de Montevideo).\" loading=\"lazy\" width=\"720\" height=\"100\" decoding=\"async\" data-nimg=\"1\" src=\"http:\/\/hoycordobaweb.com\/wp-content\/uploads\/2026\/04\/el-racing-de-montevideo-de-cavenaghi-se-consagro-campeon-del-apertura-en-uruguay-2.jpg\"><span class=\"epigraphe\">El plantel del campe\u00f3n (Foto: Prensa Racing de Montevideo).<\/span><\/div>\n<div id=\"element-body-3\" class=\"sc-136cd478-0 ekTCfV\" readability=\"39\">\n<p>En total, el conjunto dirigido por Chambian cerr\u00f3 una campa\u00f1a hist\u00f3rica: gan\u00f3 nueve partidos, empat\u00f3 tres y perdi\u00f3 apenas uno -en el debut frente a Deportivo Maldonado-. A estos tremendos n\u00fameros, que le permitieron sumar sus 30 unidades, el conjunto uruguayo le sum\u00f3 22 goles a favor -fue junto con Albion FC el que m\u00e1s convirti\u00f3- y apenas 11 en contra -fue el segundo que menos recibi\u00f3-.<\/p>\n<\/div>\n<p><h2><strong>Video: los jugadores de Racing de Montevideo se enteraron en el micro que salieron campeones<\/strong><\/h2>\n<\/p>\n<div id=\"element-body-5\" class=\"sc-ef81c825-1 evSCNc\"><figcaption class=\"JWvideoNota_title\">\n<p>@RacingClubUru<\/p>\n<\/figcaption><\/div>\n<p><h2><strong>As\u00ed fue la historia de Cavenaghi con el club uruguayo<\/strong><\/h2>\n<\/p>\n<div id=\"element-body-7\" class=\"sc-136cd478-0 ekTCfV\" readability=\"40\">\n<p>En febrero de 2021, <strong>Cavenaghi sorprendi\u00f3 a todos cuando compr\u00f3 -con el Chori Dom\u00ednguez- a Racing de Montevideo<\/strong>. Tras casi tres a\u00f1os de gesti\u00f3n, en el que consigui\u00f3 llevar al club a la Primera Divisi\u00f3n de Uruguay y sostenerlo en la categor\u00eda, ex River vendi\u00f3 en diciembre pasado la mayor\u00eda de las acciones a Red&amp;Gold Football, un grupo inversor compuesto por el Bayern Munich y Los \u00c1ngeles FC, de la MLS.<\/p>\n<\/div>\n<div class=\"sc-e7b891c4-0 ifHnQL image-embed\" id=\"element-body-8\"><img alt=\"Cavenaghi, director deportivo de Racing.\" loading=\"lazy\" width=\"720\" height=\"100\" decoding=\"async\" data-nimg=\"1\" src=\"http:\/\/hoycordobaweb.com\/wp-content\/uploads\/2026\/04\/el-racing-de-montevideo-de-cavenaghi-se-consagro-campeon-del-apertura-en-uruguay-3.jpg\"><span class=\"epigraphe\">Cavenaghi, director deportivo de Racing.<\/span><\/div>\n<div id=\"element-body-9\" class=\"sc-136cd478-0 ekTCfV\" readability=\"38\">\n<p>Pese a esta venta, <strong>Cave siendo el director deportivo y, junto a Santiago Rossi, mantiene el 15% de las acciones de Racing de Montevideo<\/strong>, mientras que el resto est\u00e1 en poder del mencionado grupo compuesto por el Bayern Munich y Los \u00c1ngeles FC.<\/p>\n<\/div>\n<div id=\"element-body-10\" class=\"sc-a7166897-0 eoLsBE\" readability=\"31.5\">\n<section readability=\"3\"><picture><img alt=\"Video: se temi\u00f3 por la vida de un jugador y se pusieron a rezar mientras lo atend\u00edan\" loading=\"lazy\" width=\"290\" height=\"290\" decoding=\"async\" data-nimg=\"1\" src=\"http:\/\/hoycordobaweb.com\/wp-content\/uploads\/2026\/04\/el-racing-de-montevideo-de-cavenaghi-se-consagro-campeon-del-apertura-en-uruguay-4.jpg\"><\/picture>\n<p><span>Mir\u00e1 tambi\u00e9n<\/span><\/p>\n<hr>\n<h3>Video: se temi\u00f3 por la vida de un jugador y se pusieron a rezar mientras lo atend\u00edan<\/h3>\n<\/p>\n<\/section>\n<\/div>\n<div id=\"element-body-11\" class=\"sc-a7166897-0 eoLsBE\" readability=\"32\">\n<section readability=\"4\"><picture><img alt=\"Neymar, ausente en el entrenamiento de Santos: \u00bfviaja a Argentina para jugar contra San Lorenzo?\" loading=\"lazy\" width=\"290\" height=\"290\" decoding=\"async\" data-nimg=\"1\" src=\"http:\/\/hoycordobaweb.com\/wp-content\/uploads\/2026\/04\/el-racing-de-montevideo-de-cavenaghi-se-consagro-campeon-del-apertura-en-uruguay-5.jpg\"><\/picture>\n<p><span>Mir\u00e1 tambi\u00e9n<\/span><\/p>\n<hr>\n<h3>Neymar, ausente en el entrenamiento de Santos: \u00bfviaja a Argentina para jugar contra San Lorenzo?<\/h3>\n<\/p>\n<\/section>\n<\/div>\n<div id=\"element-body-12\" class=\"sc-a7166897-0 eoLsBE\" readability=\"31.5\">\n<section readability=\"3\"><picture><img alt=\"La figura que se pierde el Mundial con Pa\u00edses Bajos y el final de la Premier con el Tottenham\" loading=\"lazy\" width=\"290\" height=\"290\" decoding=\"async\" data-nimg=\"1\" src=\"http:\/\/hoycordobaweb.com\/wp-content\/uploads\/2026\/04\/el-racing-de-montevideo-de-cavenaghi-se-consagro-campeon-del-apertura-en-uruguay-6.jpg\"><\/picture>\n<p><span>Mir\u00e1 tambi\u00e9n<\/span><\/p>\n<hr>\n<h3>La figura que se pierde el Mundial con Pa\u00edses Bajos y el final de la Premier con el Tottenham<\/h3>\n<\/p>\n<\/section>\n<\/div>\n<\/div>\n","protected":false},"excerpt":{"rendered":"<p>26\/04\/2026 21:59hs. Despu\u00e9s de una tremenda campa\u00f1a con Cristian Chambian a la cabeza del equipo, Racing de Montevideo se qued\u00f3 con el Apertura de la Liga AUF. Con su reciente triunfo por 1 a 0 frente a Cerro Largo y la derrota de Pe\u00f1arol contra Montevideo Wanderers, partido que los jugadores de la Escuelita siguieron [&hellip;]<\/p>\n","protected":false},"author":1,"featured_media":135760,"comment_status":"open","ping_status":"closed","sticky":false,"template":"","format":"standard","meta":[],"categories":[16],"tags":[],"_links":{"self":[{"href":"http:\/\/hoycordobaweb.com\/index.php\/wp-json\/wp\/v2\/posts\/135759"}],"collection":[{"href":"http:\/\/hoycordobaweb.com\/index.php\/wp-json\/wp\/v2\/posts"}],"about":[{"href":"http:\/\/hoycordobaweb.com\/index.php\/wp-json\/wp\/v2\/types\/post"}],"author":[{"embeddable":true,"href":"http:\/\/hoycordobaweb.com\/index.php\/wp-json\/wp\/v2\/users\/1"}],"replies":[{"embeddable":true,"href":"http:\/\/hoycordobaweb.com\/index.php\/wp-json\/wp\/v2\/comments?post=135759"}],"version-history":[{"count":0,"href":"http:\/\/hoycordobaweb.com\/index.php\/wp-json\/wp\/v2\/posts\/135759\/revisions"}],"wp:featuredmedia":[{"embeddable":true,"href":"http:\/\/hoycordobaweb.com\/index.php\/wp-json\/wp\/v2\/media\/135760"}],"wp:attachment":[{"href":"http:\/\/hoycordobaweb.com\/index.php\/wp-json\/wp\/v2\/media?parent=135759"}],"wp:term":[{"taxonomy":"category","embeddable":true,"href":"http:\/\/hoycordobaweb.com\/index.php\/wp-json\/wp\/v2\/categories?post=135759"},{"taxonomy":"post_tag","embeddable":true,"href":"http:\/\/hoycordobaweb.com\/index.php\/wp-json\/wp\/v2\/tags?post=135759"}],"curies":[{"name":"wp","href":"https:\/\/api.w.org\/{rel}","templated":true}]}}