{"id":135757,"date":"2026-04-27T01:25:14","date_gmt":"2026-04-27T01:25:14","guid":{"rendered":"https:\/\/www.ole.com.ar\/fuera-de-juego\/padel-fupa-futbolistas-palermo-cagna_0_5JDM5BNqmv.html"},"modified":"2026-04-27T01:25:14","modified_gmt":"2026-04-27T01:25:14","slug":"palermo-debuto-en-un-torneo-de-padel-de-futbolistas-mira-quienes-fueron-los-campeones","status":"publish","type":"post","link":"http:\/\/hoycordobaweb.com\/index.php\/2026\/04\/27\/palermo-debuto-en-un-torneo-de-padel-de-futbolistas-mira-quienes-fueron-los-campeones\/","title":{"rendered":"Palermo debut\u00f3 en un torneo de p\u00e1del de futbolistas. Mir\u00e1 qui\u00e9nes fueron los campeones&#8230;"},"content":{"rendered":"<p><img src=\"http:\/\/hoycordobaweb.com\/wp-content\/uploads\/2026\/04\/palermo-debuto-en-un-torneo-de-padel-de-futbolistas-mira-quienes-fueron-los-campeones.jpg\"><\/p>\n<p><time class=\"createDate\" datetime=\"2026-04-26T22:25:14-03:00\">26\/04\/2026 22:25hs.<\/time><\/p>\n<div id=\"storyBody\">\n<div id=\"element-body-0\" class=\"sc-136cd478-0 ekTCfV\" readability=\"38.492462311558\">\n<p>Otra vez el <strong>p\u00e1del por futbolistas<\/strong> tom\u00f3 protagonismo el pasado fin de semana. Es que <strong> varios ex jugadores<\/strong> se reunieron, como ya es habitual, en una nueva jornada de FUPA (Circuito de p\u00e1del para futbolistas) y los campeones, tanto de la Copa Oro como de la Copa Plata, fueron duplas que celebraron por primera vez y hubo estrenos de renombre entre los competidores, como el caso de <strong><a href=\"https:\/\/www.ole.com.ar\/tema\/martin-palermo.html\" title=\"Mart\u00edn Palermo\" alt=\"Mart\u00edn Palermo\" class=\"slug\">Mart\u00edn Palermo<\/a><\/strong>.<\/p>\n<\/div>\n<div class=\"sc-e7b891c4-0 ifHnQL image-embed\" id=\"element-body-1\"><img alt=\"Tom\u00e1s Costa y Franco C\u00e1ngele, la dupla campeona de la Copa de Oro de Fupa. (Prensa FUPA).\" loading=\"lazy\" width=\"720\" height=\"100\" decoding=\"async\" data-nimg=\"1\" src=\"http:\/\/hoycordobaweb.com\/wp-content\/uploads\/2026\/04\/palermo-debuto-en-un-torneo-de-padel-de-futbolistas-mira-quienes-fueron-los-campeones-2.jpg\"><span class=\"epigraphe\">Tom\u00e1s Costa y Franco C\u00e1ngele, la dupla campeona de la Copa de Oro de Fupa. (Prensa FUPA).<\/span><\/div>\n<div id=\"element-body-2\" class=\"sc-136cd478-0 ekTCfV\" readability=\"37\">\n<p>La llave principal qued\u00f3 en manos de <strong>la dupla de Tom\u00e1s Costa y Franco C\u00e1ngele<\/strong>, los cuales <strong>vencieron a Pablo Mouche y Emanuel Rivas<\/strong>. El ex mediocampista surgido de Central y que brill\u00f3 en el Porto de Portugal, consigui\u00f3 su primera medalla al igual que aquel delantero que debut\u00f3 en Boca y tambi\u00e9n supo vestir la camiseta de Independiente.<\/p>\n<\/div>\n<div id=\"element-body-3\" class=\"sc-ef81c825-1 evSCNc\" readability=\"32.5\"><figcaption class=\"JWvideoNota_title\" readability=\"5\">\n<p>Palermo, Schiavi, Lucas Barrios y m\u00e1s demostraron sus dotes en otro deporte. (Diario Ol\u00e9 &#8211; Diego Paulich y Joaqu\u00edn Pelayo). <\/p>\n<\/figcaption><\/div>\n<div id=\"element-body-4\" class=\"sc-136cd478-0 ekTCfV\" readability=\"37\">\n<p>En ese cuadro de m\u00e1xima competencia tambi\u00e9n hubo algunos que participaron por primera vez, entre ellos una dupla que tambi\u00e9n fue una novedad y estuvo integrada por pesos pesados de nuestro f\u00fatbol: <strong>Mart\u00edn Palermo y Diego Cagna<\/strong>, quienes <strong>en su primera vez lograron avanzar hasta los cuartos de final.<\/strong><\/p>\n<\/div>\n<div id=\"element-body-5\" class=\"sc-136cd478-0 ekTCfV\" readability=\"49\">\n<p>Adem\u00e1s, tambi\u00e9n participaron del torneo Facundo <strong>Parra<\/strong>, Hern\u00e1n <strong>Fredes<\/strong>, Jos\u00e9 <strong>Chatruc<\/strong>, Rolando <strong>Schiavi<\/strong>, Renato <strong>Civelli<\/strong>, Osmar <strong>Ferreyra<\/strong>, Pablo <strong>Alvarado<\/strong>, Marcelo <strong>Larrondo<\/strong>, Roberto <strong>Acu\u00f1a<\/strong>, Guillermo <strong>Pereyra<\/strong>, Carlos <strong>Matheu<\/strong>, Lucas <strong>Barrios<\/strong>, Diego <strong>Mendoza<\/strong>, Franco <strong>Niel<\/strong> y Valent\u00edn <strong>Viola<\/strong>, entre otros&#8230;<\/p>\n<\/div>\n<div class=\"sc-e7b891c4-0 ifHnQL image-embed\" id=\"element-body-6\"><img alt=\"El Flaco Schiavi fue otro de los jugadores que dijo presente en el torneo FUPA. (Foto: Prensa FUPA).\" loading=\"lazy\" width=\"720\" height=\"100\" decoding=\"async\" data-nimg=\"1\" src=\"http:\/\/hoycordobaweb.com\/wp-content\/uploads\/2026\/04\/palermo-debuto-en-un-torneo-de-padel-de-futbolistas-mira-quienes-fueron-los-campeones-3.jpg\"><span class=\"epigraphe\">El Flaco Schiavi fue otro de los jugadores que dijo presente en el torneo FUPA. (Foto: Prensa FUPA).<\/span><\/div>\n<div id=\"element-body-7\" class=\"sc-136cd478-0 ekTCfV\" readability=\"35\">\n<p>Por su parte, la <strong>Copa Plata<\/strong> qued\u00f3 en manos de <strong>Guillermo Pereyra y Pablo Burtovoy<\/strong>, quienes en la final <strong> superaron a la dupla conformada por Mat\u00edas Gigli y Mariano Campod\u00f3nico.<\/strong><\/p>\n<\/div>\n<div id=\"element-body-8\" class=\"sc-a7166897-0 eoLsBE\" readability=\"31\">\n<section readability=\"2\"><picture><img alt=\"Empate ag\u00f3nico de Banfield y bronca en Atl\u00e9tico Tucum\u00e1n\" loading=\"lazy\" width=\"290\" height=\"290\" decoding=\"async\" data-nimg=\"1\" src=\"http:\/\/hoycordobaweb.com\/wp-content\/uploads\/2026\/04\/palermo-debuto-en-un-torneo-de-padel-de-futbolistas-mira-quienes-fueron-los-campeones-4.jpg\"><\/picture>\n<p><span>Mir\u00e1 tambi\u00e9n<\/span><\/p>\n<hr>\n<h3>Empate ag\u00f3nico de Banfield y bronca en Atl\u00e9tico Tucum\u00e1n<\/h3>\n<\/p>\n<\/section>\n<\/div>\n<div id=\"element-body-9\" class=\"sc-a7166897-0 eoLsBE\" readability=\"31\">\n<section readability=\"2\"><picture><img alt=\"Video: el audio del VAR en la expulsi\u00f3n del Toto Fern\u00e1ndez en Racing\" loading=\"lazy\" width=\"290\" height=\"290\" decoding=\"async\" data-nimg=\"1\" src=\"http:\/\/hoycordobaweb.com\/wp-content\/uploads\/2026\/04\/palermo-debuto-en-un-torneo-de-padel-de-futbolistas-mira-quienes-fueron-los-campeones-5.jpg\"><\/picture>\n<p><span>Mir\u00e1 tambi\u00e9n<\/span><\/p>\n<hr>\n<h3>Video: el audio del VAR en la expulsi\u00f3n del Toto Fern\u00e1ndez en Racing<\/h3>\n<\/p>\n<\/section>\n<\/div>\n<div id=\"element-body-10\" class=\"sc-a7166897-0 eoLsBE\" readability=\"31.5\">\n<section readability=\"3\"><picture><img alt=\"Paredes y Merentiel, parte de la escena bostera del d\u00eda de Colapinto\" loading=\"lazy\" width=\"290\" height=\"290\" decoding=\"async\" data-nimg=\"1\" src=\"http:\/\/hoycordobaweb.com\/wp-content\/uploads\/2026\/04\/palermo-debuto-en-un-torneo-de-padel-de-futbolistas-mira-quienes-fueron-los-campeones-6.jpg\"><\/picture>\n<p><span>Mir\u00e1 tambi\u00e9n<\/span><\/p>\n<hr>\n<h3>Paredes y Merentiel, parte de la escena bostera del d\u00eda de Colapinto<\/h3>\n<\/p>\n<\/section>\n<\/div>\n<div id=\"element-body-11\" class=\"sc-a7166897-0 eoLsBE\" readability=\"32\">\n<section readability=\"4\"><picture><img alt=\"Colapinto, luego del Road Show: &quot;Le estamos demostrando a la F1 que merecemos volver al calendario&quot;\" loading=\"lazy\" width=\"290\" height=\"290\" decoding=\"async\" data-nimg=\"1\" src=\"http:\/\/hoycordobaweb.com\/wp-content\/uploads\/2026\/04\/palermo-debuto-en-un-torneo-de-padel-de-futbolistas-mira-quienes-fueron-los-campeones-7.jpg\"><\/picture>\n<p><span>Mir\u00e1 tambi\u00e9n<\/span><\/p>\n<hr>\n<h3>Colapinto, luego del Road Show: \u00abLe estamos demostrando a la F1 que merecemos volver al calendario\u00bb<\/h3>\n<\/p>\n<\/section>\n<\/div>\n<\/div>\n","protected":false},"excerpt":{"rendered":"<p>26\/04\/2026 22:25hs. Otra vez el p\u00e1del por futbolistas tom\u00f3 protagonismo el pasado fin de semana. Es que varios ex jugadores se reunieron, como ya es habitual, en una nueva jornada de FUPA (Circuito de p\u00e1del para futbolistas) y los campeones, tanto de la Copa Oro como de la Copa Plata, fueron duplas que celebraron por [&hellip;]<\/p>\n","protected":false},"author":1,"featured_media":135758,"comment_status":"open","ping_status":"closed","sticky":false,"template":"","format":"standard","meta":[],"categories":[16],"tags":[],"_links":{"self":[{"href":"http:\/\/hoycordobaweb.com\/index.php\/wp-json\/wp\/v2\/posts\/135757"}],"collection":[{"href":"http:\/\/hoycordobaweb.com\/index.php\/wp-json\/wp\/v2\/posts"}],"about":[{"href":"http:\/\/hoycordobaweb.com\/index.php\/wp-json\/wp\/v2\/types\/post"}],"author":[{"embeddable":true,"href":"http:\/\/hoycordobaweb.com\/index.php\/wp-json\/wp\/v2\/users\/1"}],"replies":[{"embeddable":true,"href":"http:\/\/hoycordobaweb.com\/index.php\/wp-json\/wp\/v2\/comments?post=135757"}],"version-history":[{"count":0,"href":"http:\/\/hoycordobaweb.com\/index.php\/wp-json\/wp\/v2\/posts\/135757\/revisions"}],"wp:featuredmedia":[{"embeddable":true,"href":"http:\/\/hoycordobaweb.com\/index.php\/wp-json\/wp\/v2\/media\/135758"}],"wp:attachment":[{"href":"http:\/\/hoycordobaweb.com\/index.php\/wp-json\/wp\/v2\/media?parent=135757"}],"wp:term":[{"taxonomy":"category","embeddable":true,"href":"http:\/\/hoycordobaweb.com\/index.php\/wp-json\/wp\/v2\/categories?post=135757"},{"taxonomy":"post_tag","embeddable":true,"href":"http:\/\/hoycordobaweb.com\/index.php\/wp-json\/wp\/v2\/tags?post=135757"}],"curies":[{"name":"wp","href":"https:\/\/api.w.org\/{rel}","templated":true}]}}