{"id":135739,"date":"2026-04-22T13:05:53","date_gmt":"2026-04-22T13:05:53","guid":{"rendered":"https:\/\/cordobaturismo.gov.ar\/?p=901343"},"modified":"2026-04-22T13:05:53","modified_gmt":"2026-04-22T13:05:53","slug":"cordoba-se-presento-en-wtm-latin-america-2026-de-san-pablo","status":"publish","type":"post","link":"http:\/\/hoycordobaweb.com\/index.php\/2026\/04\/22\/cordoba-se-presento-en-wtm-latin-america-2026-de-san-pablo\/","title":{"rendered":"C\u00f3rdoba se present\u00f3 en WTM Latin America 2026 de San Pablo"},"content":{"rendered":"<p>La provincia particip\u00f3 de una de las ferias de turismo m\u00e1s importantes de la regi\u00f3n con acciones orientadas a consolidar su proyecci\u00f3n como destino internacional competitivo.<\/p>\n<p>Durante los d\u00edas 14, 15 y 16 de abril, la provincia de C\u00f3rdoba tuvo presencia activa en la WTM Latin America 2026, celebrada en la ciudad de S\u00e3o Paulo. La feria, considerada el encuentro de negocios tur\u00edsticos m\u00e1s relevante de la regi\u00f3n, reuni\u00f3 a los principales actores del sector de toda Am\u00e9rica Latina y el mundo.<\/p>\n<p>La delegaci\u00f3n cordobesa lleg\u00f3 a S\u00e3o Paulo con una agenda de trabajo estructurada, centrada en el posicionamiento y fortalecimiento de C\u00f3rdoba como destino tur\u00edstico internacional competitivo. La comitiva estuvo encabezada por el director de Visit C\u00f3rdoba, Diego Puente Rosa.<\/p>\n<p><strong><em>\u201cLa participaci\u00f3n en la WTM Latin Am\u00e9rica nos permite seguir consolidando la presencia de C\u00f3rdoba en mercados estrat\u00e9gicos como Brasil. Vinimos con una agenda concreta de trabajo, enfocada en generar nuevas oportunidades comerciales, fortalecer v\u00ednculos con operadores y posicionar nuestra oferta tur\u00edstica con una identidad clara y competitiva en la regi\u00f3n\u201d,<\/em><\/strong> expres\u00f3 Puente Rosa.<\/p>\n<figure class=\"wp-block-gallery has-nested-images columns-default is-cropped wp-block-gallery-1 is-layout-flex wp-block-gallery-is-layout-flex\">\n<figure class=\"wp-block-image size-large\"><img loading=\"lazy\" fetchpriority=\"high\" decoding=\"async\" width=\"576\" height=\"1024\" data-id=\"901346\" src=\"http:\/\/hoycordobaweb.com\/wp-content\/uploads\/2026\/04\/cordoba-se-presento-en-wtm-latin-america-2026-de-san-pablo.jpg\" alt class=\"wp-image-901346\" srcset=\"http:\/\/hoycordobaweb.com\/wp-content\/uploads\/2026\/04\/cordoba-se-presento-en-wtm-latin-america-2026-de-san-pablo.jpg 576w, http:\/\/hoycordobaweb.com\/wp-content\/uploads\/2026\/04\/cordoba-se-presento-en-wtm-latin-america-2026-de-san-pablo-3.jpg 169w, http:\/\/hoycordobaweb.com\/wp-content\/uploads\/2026\/04\/cordoba-se-presento-en-wtm-latin-america-2026-de-san-pablo-4.jpg 768w, http:\/\/hoycordobaweb.com\/wp-content\/uploads\/2026\/04\/cordoba-se-presento-en-wtm-latin-america-2026-de-san-pablo-5.jpg 864w, http:\/\/hoycordobaweb.com\/wp-content\/uploads\/2026\/04\/cordoba-se-presento-en-wtm-latin-america-2026-de-san-pablo-6.jpg 900w\" sizes=\"(max-width: 576px) 100vw, 576px\"><\/figure>\n<figure class=\"wp-block-image size-large\"><img loading=\"lazy\" decoding=\"async\" width=\"893\" height=\"1024\" data-id=\"901376\" src=\"http:\/\/hoycordobaweb.com\/wp-content\/uploads\/2026\/04\/cordoba-se-presento-en-wtm-latin-america-2026-de-san-pablo-1.jpg\" alt class=\"wp-image-901376\" srcset=\"http:\/\/hoycordobaweb.com\/wp-content\/uploads\/2026\/04\/cordoba-se-presento-en-wtm-latin-america-2026-de-san-pablo-1.jpg 893w, http:\/\/hoycordobaweb.com\/wp-content\/uploads\/2026\/04\/cordoba-se-presento-en-wtm-latin-america-2026-de-san-pablo-7.jpg 262w, http:\/\/hoycordobaweb.com\/wp-content\/uploads\/2026\/04\/cordoba-se-presento-en-wtm-latin-america-2026-de-san-pablo-8.jpg 768w, http:\/\/hoycordobaweb.com\/wp-content\/uploads\/2026\/04\/cordoba-se-presento-en-wtm-latin-america-2026-de-san-pablo-9.jpg 1284w\" sizes=\"(max-width: 893px) 100vw, 893px\"><\/figure>\n<figure class=\"wp-block-image size-large\"><img loading=\"lazy\" decoding=\"async\" width=\"666\" height=\"1024\" data-id=\"901344\" src=\"http:\/\/hoycordobaweb.com\/wp-content\/uploads\/2026\/04\/cordoba-se-presento-en-wtm-latin-america-2026-de-san-pablo-2.jpg\" alt class=\"wp-image-901344\" srcset=\"http:\/\/hoycordobaweb.com\/wp-content\/uploads\/2026\/04\/cordoba-se-presento-en-wtm-latin-america-2026-de-san-pablo-2.jpg 666w, http:\/\/hoycordobaweb.com\/wp-content\/uploads\/2026\/04\/cordoba-se-presento-en-wtm-latin-america-2026-de-san-pablo-10.jpg 195w, http:\/\/hoycordobaweb.com\/wp-content\/uploads\/2026\/04\/cordoba-se-presento-en-wtm-latin-america-2026-de-san-pablo-11.jpg 768w, http:\/\/hoycordobaweb.com\/wp-content\/uploads\/2026\/04\/cordoba-se-presento-en-wtm-latin-america-2026-de-san-pablo-12.jpg 998w, http:\/\/hoycordobaweb.com\/wp-content\/uploads\/2026\/04\/cordoba-se-presento-en-wtm-latin-america-2026-de-san-pablo-13.jpg 1040w\" sizes=\"(max-width: 666px) 100vw, 666px\"><\/figure>\n<\/figure>\n<p>A lo largo de los tres d\u00edas de feria se desarrollaron reuniones de trabajo y acciones concretas con operadores, agencias, touroperadores y referentes del turismo brasile\u00f1o y del resto de Latinoam\u00e9rica, con el objetivo de ampliar la conectividad comercial y profundizar los v\u00ednculos institucionales que permitan incrementar el flujo de visitantes hacia la provincia.<\/p>\n<p>Entre los encuentros m\u00e1s destacados figuraron las reuniones mantenidas con Braztoa, Visit Medell\u00edn, el Bureau de Turismo de R\u00edo de Janeiro y el Bureau de S\u00e3o Paulo, as\u00ed como con autoridades del aeropuerto internacional de Salvador de Bah\u00eda. Asimismo, se concretaron encuentros con medios de prensa especializados en turismo, con el objetivo de ampliar la visibilidad de C\u00f3rdoba en los principales mercados emisores de la regi\u00f3n.<\/p>\n<p>La participaci\u00f3n en la WTM Latin America se enmarca en la estrategia integral de internacionalizaci\u00f3n que impulsa Visit C\u00f3rdoba para posicionar a la provincia en los principales mercados emisores, con especial atenci\u00f3n al mercado brasile\u00f1o, hist\u00f3ricamente uno de los m\u00e1s significativos en t\u00e9rminos de llegadas internacionales al destino.<\/p>\n<p>C\u00f3rdoba llega a este escenario con productos tur\u00edsticos consolidados, infraestructura en crecimiento y una propuesta de valor diversificada que combina naturaleza, cultura, enoturismo y gastronom\u00eda, experiencias aut\u00e9nticas y turismo MICE (congresos y reuniones), elementos que la distinguen en el competitivo mapa tur\u00edstico latinoamericano.<\/p>\n","protected":false},"excerpt":{"rendered":"<p>La provincia particip\u00f3 de una de las ferias de turismo m\u00e1s importantes de la regi\u00f3n con acciones orientadas a consolidar su proyecci\u00f3n como destino internacional competitivo. Durante los d\u00edas 14, 15 y 16 de abril, la provincia de C\u00f3rdoba tuvo presencia activa en la WTM Latin America 2026, celebrada en la ciudad de S\u00e3o Paulo. [&hellip;]<\/p>\n","protected":false},"author":1,"featured_media":135740,"comment_status":"closed","ping_status":"closed","sticky":false,"template":"","format":"standard","meta":[],"categories":[19],"tags":[],"_links":{"self":[{"href":"http:\/\/hoycordobaweb.com\/index.php\/wp-json\/wp\/v2\/posts\/135739"}],"collection":[{"href":"http:\/\/hoycordobaweb.com\/index.php\/wp-json\/wp\/v2\/posts"}],"about":[{"href":"http:\/\/hoycordobaweb.com\/index.php\/wp-json\/wp\/v2\/types\/post"}],"author":[{"embeddable":true,"href":"http:\/\/hoycordobaweb.com\/index.php\/wp-json\/wp\/v2\/users\/1"}],"replies":[{"embeddable":true,"href":"http:\/\/hoycordobaweb.com\/index.php\/wp-json\/wp\/v2\/comments?post=135739"}],"version-history":[{"count":0,"href":"http:\/\/hoycordobaweb.com\/index.php\/wp-json\/wp\/v2\/posts\/135739\/revisions"}],"wp:featuredmedia":[{"embeddable":true,"href":"http:\/\/hoycordobaweb.com\/index.php\/wp-json\/wp\/v2\/media\/135740"}],"wp:attachment":[{"href":"http:\/\/hoycordobaweb.com\/index.php\/wp-json\/wp\/v2\/media?parent=135739"}],"wp:term":[{"taxonomy":"category","embeddable":true,"href":"http:\/\/hoycordobaweb.com\/index.php\/wp-json\/wp\/v2\/categories?post=135739"},{"taxonomy":"post_tag","embeddable":true,"href":"http:\/\/hoycordobaweb.com\/index.php\/wp-json\/wp\/v2\/tags?post=135739"}],"curies":[{"name":"wp","href":"https:\/\/api.w.org\/{rel}","templated":true}]}}