{"id":135735,"date":"2026-04-25T19:01:52","date_gmt":"2026-04-25T19:01:52","guid":{"rendered":"https:\/\/www.trendencias.com\/shopping\/estas-alpargatas-cuna-ralph-lauren-versatiles-verano-denim-minimalistas"},"modified":"2026-04-25T19:01:52","modified_gmt":"2026-04-25T19:01:52","slug":"estas-son-las-alpargatas-con-cuna-de-ralph-lauren-mas-versatiles-del-verano-denim-y-minimalistas","status":"publish","type":"post","link":"http:\/\/hoycordobaweb.com\/index.php\/2026\/04\/25\/estas-son-las-alpargatas-con-cuna-de-ralph-lauren-mas-versatiles-del-verano-denim-y-minimalistas\/","title":{"rendered":"Estas son las alpargatas con cu\u00f1a de Ralph Lauren m\u00e1s vers\u00e1tiles del verano: denim y minimalistas"},"content":{"rendered":"<p>Cuando llega el buen tiempo <strong>es tiempo de poner a punto nuestras alpargatas o renovarlas<\/strong>. En esta ocasi\u00f3n, hemos encontrado un modelo firmado por Ralph Lauren que son todoterreno y podemos llevarlas con cualquier <em>look<\/em>. Una opci\u00f3n que estiliza y levanta todos los <em>outfits<\/em> de primavera-verano.&nbsp;<\/p>\n<p><!-- BREAK 1 --> <!-- PIVOT START --><\/p>\n<div class=\"pivot-ecommerce-container m-pivot-ecommerce-redesign article-asset-normal article-asset-center\" readability=\"22.018348623853\">\n<div class=\"pivot-ecommerce\">\n<div class=\"pivot-ecommerce-figure\"> <a rel=\"nofollow, sponsored, noopener, noreferrer noopener\" target=\"_blank\" href=\"https:\/\/www.webedia-afilia.com\/redirect?pivot=1&amp;site=trendencias&amp;url=https%3A%2F%2Fwww.ralphlauren.es%2Fes%2Falpargata-nellie-de-denim-lavado-100089132.html%23lang%3Des_ES%26q%3Dalpargatas%26br%3Dt%26start%3D1&amp;affiliate_id=&amp;ecomPostExpiration=everlasting&amp;postId=652989\"> <img loading=\"lazy\" src=\"http:\/\/hoycordobaweb.com\/wp-content\/uploads\/2026\/04\/estas-son-las-alpargatas-con-cuna-de-ralph-lauren-mas-versatiles-del-verano-denim-y-minimalistas.jpg\" alt=\"Alpargatas \" width=\"1005\" height=\"1005\"> <\/a>\n<\/div>\n<div class=\"pivot-ecommerce-summary\">\n<p class=\"pivot-ecommerce-desc\">Alpargatas <\/p>\n<\/p><\/div><\/div>\n<p>El precio podr\u00eda variar. Obtenemos comisi\u00f3n por estos enlaces<\/p>\n<\/div>\n<p><!-- PIVOT END --><\/p>\n<p>Una elecci\u00f3n en <em>denim<\/em> efecto lavado. Cuentan con diferentes tiras montadas sobre una cu\u00f1a envuelta con yute. <strong>Un dise\u00f1o minimalista ideal para sacarle mucho partido tanto de d\u00eda como de noche<\/strong> en una <a class=\"text-outboundlink\" href=\"https:\/\/www.trendencias.com\/shopping\/como-vestir-para-cena-elegante-verano-ropa-zapatos-accesorios\" data-vars-post-title=\"C\u00f3mo vestir para una cena elegante en verano | Ropa, zapatos y accesorios\" data-vars-post-url=\"https:\/\/www.trendencias.com\/shopping\/como-vestir-para-cena-elegante-verano-ropa-zapatos-accesorios\">cena elegante<\/a>, siendo las mejores sustitutas de los zapatos de tac\u00f3n inc\u00f3modos.&nbsp;<\/p>\n<p><!-- BREAK 2 --><\/p>\n<div class=\"article-asset-image article-asset-normal article-asset-center\">\n<div class=\"asset-content\"> <a rel=\"nofollow, sponsored, noopener, noreferrer noopener\" target=\"_blank\" class=\"js-ecommerce\" id=\"link-ecommerce-1\" href=\"https:\/\/www.webedia-afilia.com\/redirect?url=https%3A%2F%2Fwww.ralphlauren.es%2Fes%2Falpargata-nellie-de-denim-lavado-100089132.html%23lang%3Des_ES%26q%3Dalpargatas%26br%3Dt%26start%3D1&amp;category=shopping&amp;site=trendencias&amp;ecomPostExpiration=everlasting&amp;postId=652989\" data-vars-affiliate-url=\"https:\/\/www.ralphlauren.es\/es\/alpargata-nellie-de-denim-lavado-100089132.html#lang=es_ES&amp;q=alpargatas&amp;br=t&amp;start=1\"> <img class=\"centro_sinmarco\" height=\"1006\" width=\"1006\" loading=\"lazy\" decoding=\"async\" sizes=\"100vw\" fetchpriority=\"high\" srcset=\"http:\/\/hoycordobaweb.com\/wp-content\/uploads\/2026\/04\/estas-son-las-alpargatas-con-cuna-de-ralph-lauren-mas-versatiles-del-verano-denim-y-minimalistas-1.jpg 450w, http:\/\/hoycordobaweb.com\/wp-content\/uploads\/2026\/04\/estas-son-las-alpargatas-con-cuna-de-ralph-lauren-mas-versatiles-del-verano-denim-y-minimalistas-4.jpg 681w, http:\/\/hoycordobaweb.com\/wp-content\/uploads\/2026\/04\/estas-son-las-alpargatas-con-cuna-de-ralph-lauren-mas-versatiles-del-verano-denim-y-minimalistas-5.jpg 1024w, http:\/\/hoycordobaweb.com\/wp-content\/uploads\/2026\/04\/estas-son-las-alpargatas-con-cuna-de-ralph-lauren-mas-versatiles-del-verano-denim-y-minimalistas-6.jpg 1366w\" src=\"http:\/\/hoycordobaweb.com\/wp-content\/uploads\/2026\/04\/estas-son-las-alpargatas-con-cuna-de-ralph-lauren-mas-versatiles-del-verano-denim-y-minimalistas-1.jpg\" alt=\"S7 Ai802p10423001 Lifestyle\"> <noscript><img alt=\"S7 Ai802p10423001 Lifestyle\" class=\"centro_sinmarco\" src=\"http:\/\/hoycordobaweb.com\/wp-content\/uploads\/2026\/04\/estas-son-las-alpargatas-con-cuna-de-ralph-lauren-mas-versatiles-del-verano-denim-y-minimalistas-1.jpg\"><\/noscript> <\/a> <\/div>\n<\/div>\n<p>Tienen un <strong>cierre de hebilla y est\u00e1n anudadas al tobillo<\/strong>. La puntera es redonda y podremos lucir la pedicura f\u00e1cilmente. En cuanto a combinaciones, desde un <a class=\"text-outboundlink\" href=\"https:\/\/www.trendencias.com\/propuestas-y-consejos\/como-llevar-vestido-blanco-21-ideas-para-combinarlo-acierto\" data-vars-post-title=\"C\u00f3mo llevar un vestido blanco y nueve ideas para combinarlo con acierto \" data-vars-post-url=\"https:\/\/www.trendencias.com\/propuestas-y-consejos\/como-llevar-vestido-blanco-21-ideas-para-combinarlo-acierto\">vestido blanco<\/a> con <em>vibes<\/em> ibicencas hasta unos vaqueros y una blusa ser\u00e1n un acierto. El precio en la web oficial de Ralph Lauren es <a rel=\"nofollow, sponsored, noopener, noreferrer noopener\" target=\"_blank\" class=\"js-ecommerce\" id=\"link-ecommerce-2\" href=\"https:\/\/www.webedia-afilia.com\/redirect?url=https%3A%2F%2Fwww.ralphlauren.es%2Fes%2Falpargata-nellie-de-denim-lavado-100089132.html%23lang%3Des_ES%26q%3Dalpargatas%26br%3Dt%26start%3D1&amp;category=shopping&amp;site=trendencias&amp;ecomPostExpiration=everlasting&amp;postId=652989\" data-vars-affiliate-url=\"https:\/\/www.ralphlauren.es\/es\/alpargata-nellie-de-denim-lavado-100089132.html#lang=es_ES&amp;q=alpargatas&amp;br=t&amp;start=1\">175 euros<\/a>.&nbsp;<\/p>\n<p><!-- BREAK 3 --> <\/p>\n<h2>C\u00f3mo combinar estas alpargatas<\/h2>\n<div class=\"article-asset-image article-asset-normal article-asset-center\">\n<div class=\"asset-content\"> <img class=\"centro_sinmarco\" height=\"1799\" width=\"1440\" loading=\"lazy\" decoding=\"async\" sizes=\"100vw\" fetchpriority=\"high\" srcset=\"http:\/\/hoycordobaweb.com\/wp-content\/uploads\/2026\/04\/estas-son-las-alpargatas-con-cuna-de-ralph-lauren-mas-versatiles-del-verano-denim-y-minimalistas-2.jpg 450w, http:\/\/hoycordobaweb.com\/wp-content\/uploads\/2026\/04\/estas-son-las-alpargatas-con-cuna-de-ralph-lauren-mas-versatiles-del-verano-denim-y-minimalistas-7.jpg 681w, http:\/\/hoycordobaweb.com\/wp-content\/uploads\/2026\/04\/estas-son-las-alpargatas-con-cuna-de-ralph-lauren-mas-versatiles-del-verano-denim-y-minimalistas-8.jpg 1024w, http:\/\/hoycordobaweb.com\/wp-content\/uploads\/2026\/04\/estas-son-las-alpargatas-con-cuna-de-ralph-lauren-mas-versatiles-del-verano-denim-y-minimalistas-9.jpg 1366w\" src=\"http:\/\/hoycordobaweb.com\/wp-content\/uploads\/2026\/04\/estas-son-las-alpargatas-con-cuna-de-ralph-lauren-mas-versatiles-del-verano-denim-y-minimalistas-2.jpg\" alt=\"w\"> <noscript><img alt=\"w\" class=\"centro_sinmarco\" src=\"http:\/\/hoycordobaweb.com\/wp-content\/uploads\/2026\/04\/estas-son-las-alpargatas-con-cuna-de-ralph-lauren-mas-versatiles-del-verano-denim-y-minimalistas-2.jpg\"><\/noscript> <\/div>\n<\/div>\n<p>En esta propuesta de la <em>influencer<\/em> Mar\u00eda Fern\u00e1ndez Rubies, el vestido blanco es el protagonista. Este modelo cuenta con un estampado muy sutil de flores y unos encajes, <strong>d\u00e1ndole un aspecto muy rom\u00e1ntico<\/strong>. Una opci\u00f3n sencilla y elegante que podemos recrear con los b\u00e1sicos de nuestro armario de lunes a domingo.&nbsp;<\/p>\n<p><!-- BREAK 4 --><\/p>\n<p>Para completar el conjunto, una cartera <em>beige<\/em> es un acierto porque suma armon\u00eda y cohesi\u00f3n. Igualmente, <strong>si queremos a\u00f1adirle un toque m\u00e1s natural<\/strong>, un bolso de rafia puede ser una gran alternativa.&nbsp;<\/p>\n<p><!-- BREAK 5 --><\/p>\n<p>Nota: algunos de los enlaces de este art\u00edculo son afiliados y pueden reportar un beneficio a Trendencias. En caso de no disponibilidad, las ofertas pueden variar.&nbsp;<\/p>\n<p><!-- BREAK 6 --> <\/p>\n<p>Fotos |Ralph Lauren,&nbsp;<a rel=\"noopener, noreferrer\" href=\"https:\/\/www.instagram.com\/p\/DVrz4WmCHEU\/?utm_source=ig_web_copy_link&amp;igsh=MzRlODBiNWFlZA==\">@mariafrubies<\/a>, <a rel=\"noopener, noreferrer\" href=\"https:\/\/www.instagram.com\/p\/DWBpv_MjcBC\/?utm_source=ig_web_copy_link&amp;igsh=MzRlODBiNWFlZA==\">@luciabarcena<\/a><\/p>\n<p>En Trendencias |<a class=\"text-outboundlink\" href=\"https:\/\/www.trendencias.com\/shopping\/como-comprar-vaqueros-perfectos-guia-practica-para-acertar-talla-diferentes-marcas\" data-vars-post-title=\"C\u00f3mo comprar los&nbsp;vaqueros perfectos: gu\u00eda pr\u00e1ctica para acertar con la talla en diferentes marcas\" data-vars-post-url=\"https:\/\/www.trendencias.com\/shopping\/como-comprar-vaqueros-perfectos-guia-practica-para-acertar-talla-diferentes-marcas\">C\u00f3mo comprar los&nbsp;vaqueros perfectos: gu\u00eda pr\u00e1ctica para acertar con la talla en diferentes marcas<\/a><\/p>\n","protected":false},"excerpt":{"rendered":"<p>Cuando llega el buen tiempo es tiempo de poner a punto nuestras alpargatas o renovarlas. En esta ocasi\u00f3n, hemos encontrado un modelo firmado por Ralph Lauren que son todoterreno y podemos llevarlas con cualquier look. Una opci\u00f3n que estiliza y levanta todos los outfits de primavera-verano.&nbsp; Alpargatas El precio podr\u00eda variar. Obtenemos comisi\u00f3n por estos [&hellip;]<\/p>\n","protected":false},"author":1,"featured_media":135736,"comment_status":"closed","ping_status":"closed","sticky":false,"template":"","format":"standard","meta":[],"categories":[],"tags":[],"_links":{"self":[{"href":"http:\/\/hoycordobaweb.com\/index.php\/wp-json\/wp\/v2\/posts\/135735"}],"collection":[{"href":"http:\/\/hoycordobaweb.com\/index.php\/wp-json\/wp\/v2\/posts"}],"about":[{"href":"http:\/\/hoycordobaweb.com\/index.php\/wp-json\/wp\/v2\/types\/post"}],"author":[{"embeddable":true,"href":"http:\/\/hoycordobaweb.com\/index.php\/wp-json\/wp\/v2\/users\/1"}],"replies":[{"embeddable":true,"href":"http:\/\/hoycordobaweb.com\/index.php\/wp-json\/wp\/v2\/comments?post=135735"}],"version-history":[{"count":0,"href":"http:\/\/hoycordobaweb.com\/index.php\/wp-json\/wp\/v2\/posts\/135735\/revisions"}],"wp:featuredmedia":[{"embeddable":true,"href":"http:\/\/hoycordobaweb.com\/index.php\/wp-json\/wp\/v2\/media\/135736"}],"wp:attachment":[{"href":"http:\/\/hoycordobaweb.com\/index.php\/wp-json\/wp\/v2\/media?parent=135735"}],"wp:term":[{"taxonomy":"category","embeddable":true,"href":"http:\/\/hoycordobaweb.com\/index.php\/wp-json\/wp\/v2\/categories?post=135735"},{"taxonomy":"post_tag","embeddable":true,"href":"http:\/\/hoycordobaweb.com\/index.php\/wp-json\/wp\/v2\/tags?post=135735"}],"curies":[{"name":"wp","href":"https:\/\/api.w.org\/{rel}","templated":true}]}}