{"id":135731,"date":"2026-04-25T11:23:58","date_gmt":"2026-04-25T11:23:58","guid":{"rendered":"https:\/\/www.mujerhoy.com\/moda\/no-te-pierdas\/sofia-palazuelo-feria-sevilla-vestido-invitada-alpargatas-20260425164104-nt.html"},"modified":"2026-04-25T11:23:58","modified_gmt":"2026-04-25T11:23:58","slug":"sofia-palazuelo-arrasa-en-la-feria-de-sevilla-con-un-vestido-de-invitada-y-las-alpargatas-mas-elegantes","status":"publish","type":"post","link":"http:\/\/hoycordobaweb.com\/index.php\/2026\/04\/25\/sofia-palazuelo-arrasa-en-la-feria-de-sevilla-con-un-vestido-de-invitada-y-las-alpargatas-mas-elegantes\/","title":{"rendered":"Sof\u00eda Palazuelo arrasa en la Feria de Sevilla con un vestido de invitada y las alpargatas m\u00e1s elegantes"},"content":{"rendered":"<p><!-- AUTHOR --><\/p>\n<div class=\"voc-author-timesocial \">\n<!-- AUTHOR --><\/p>\n<div class=\"voc-author-timesocial__signature \">\n<!-- IMAGE AUTHOR -->\n<picture class=\"voc-image-signature\">\n<img class=\"voc-image-signature__img\" src=\"http:\/\/hoycordobaweb.com\/wp-content\/uploads\/2026\/04\/sofia-palazuelo-arrasa-en-la-feria-de-sevilla-con-un-vestido-de-invitada-y-las-alpargatas-mas-elegantes.jpg\" alt=\"Raquel Rodr\u00edguez\">\n<\/picture>\n<!-- INFO AUTHOR --> <\/div><\/div>\n<p><!-- COMPONENTS --><\/p>\n<p class=\"voc-paragraph\">Adem\u00e1s de traje de flamenca que son aut\u00e9nticas obras de arte, en la<strong> Feria de Sevilla<\/strong> se pueden fichar looks de lo m\u00e1s elegantes que versionan al m\u00e1ximo nivel el mundo de las invitadas. Esta semana que pone Andaluc\u00eda patas arriba es una de las mejores citas para encontrar inspiraci\u00f3n si tienes una boda o evento especial pr\u00f3ximamente y, en gran parte, se debe a la asistencia de mujeres estilosas como <a href=\"https:\/\/www.mujerhoy.com\/temas\/personajes\/sofia-palazuelo.html\" title=\"www.mujerhoy.com\" data-voc-vtm-id=\"in-text-traffic\" data-mrf-link=\"www.mujerhoy.com\">Sof\u00eda Palazuelo<\/a>.<\/p>\n<p class=\"voc-paragraph\">La duquesa de Hu\u00e9scar es uno de esos rostros conocidos que no se pierde cada a\u00f1o esta cita de mucho arte y siempre se coloca como una de las mejor vestidas, ya sea con su <a href=\"https:\/\/www.mujerhoy.com\/moda\/pasarelas\/tendencias-trajes-flamenca-feria-abril-sevilla-simof-2026-20260202130232-nt.html\" title=\"www.mujerhoy.com\" data-voc-vtm-id=\"in-text-traffic\" data-mrf-link=\"www.mujerhoy.com\">vestido de flamenca<\/a> o con otras prendas de vestir. Y este 2026 no pod\u00eda ser menos. Acompa\u00f1ada de su marido, Fernando Fitz-James Stuart y Sol\u00eds, Sof\u00eda ha marcado estilo con <strong>un look de lo m\u00e1s especial<\/strong>.<\/p>\n<div class=\"v-c-cmp v-c-cmp--t1 \">\n<div class=\"v-cmp-rld v-cmp-rld--2 \">\n<div class=\"v-cnt-m v-cnt-m--m\">\n<div class=\"v-cnt-m__c\">\n<div class=\"v-cnt-m__w v-cnt-m__w--1\">\n<p class=\"v-cnt-m__t\">\nTAMBI\u00c9N TE INTERESA\n<\/p>\n<\/div>\n<\/div>\n<\/div>\n<div class=\"v-g v-g--2-c v-g--bdr-min-xs\">\n<div class=\"v-g__c \">\n<article class=\"v-a v-a--cmp-rld v-a--cmp-rld-2 v-a--p-l\">\n<div class=\"v-a-img-c\">\n<figure class=\"v-a-fig\">\n<a href=\"https:\/\/www.mujerhoy.com\/moda\/no-te-pierdas\/basicos-ponibles-verano-recomienda-nieves-alvarez-20260424211720-nt.html#vtm_modulosEngag=mod-rel:moda:noticia:1:cmp:2-not\" class=\"v-a-link\" title=\"Un vestido \u00e9tnico s\u00faper ponible y otros b\u00e1sicos que recomienda Nieves \u00c1lvarez para un armario c\u00e1psula de verano\"><br \/>\n<img loading=\"lazy\" class=\"v-a-img\" src=\"http:\/\/hoycordobaweb.com\/wp-content\/uploads\/2026\/04\/sofia-palazuelo-arrasa-en-la-feria-de-sevilla-con-un-vestido-de-invitada-y-las-alpargatas-mas-elegantes-1.jpg\" alt=\"Un vestido \u00e9tnico s\u00faper ponible y otros b\u00e1sicos que recomienda Nieves \u00c1lvarez para un armario c\u00e1psula de verano\"><br \/>\n<\/a><br \/>\n<\/figure>\n<\/div>\n<\/article>\n<\/div>\n<div class=\"v-g__c \">\n<article class=\"v-a v-a--cmp-rld v-a--cmp-rld-2 v-a--p-l\">\n<div class=\"v-a-img-c\">\n<figure class=\"v-a-fig\">\n<a href=\"https:\/\/www.mujerhoy.com\/moda\/no-te-pierdas\/sofia-edimburgo-leccion-estilo-vestido-camisero-barato-hm-20260423170809-nt.html#vtm_modulosEngag=mod-rel:moda:noticia:2:cmp:2-not\" class=\"v-a-link\" title=\"Sof\u00eda de Edimburgo, lecci\u00f3n de estilo a los 60 con el vestido camisero que est\u00e1 en H&amp;M por 40 euros\"><br \/>\n<img loading=\"lazy\" class=\"v-a-img\" src=\"http:\/\/hoycordobaweb.com\/wp-content\/uploads\/2026\/04\/sofia-palazuelo-arrasa-en-la-feria-de-sevilla-con-un-vestido-de-invitada-y-las-alpargatas-mas-elegantes-2.jpg\" alt=\"Sof\u00eda de Edimburgo, lecci\u00f3n de estilo a los 60 con el vestido camisero que est\u00e1 en H&amp;M por 40 euros\"><br \/>\n<\/a><br \/>\n<\/figure>\n<\/div>\n<\/article>\n<\/div>\n<\/div>\n<\/div>\n<\/div>\n<p class=\"voc-paragraph\">Y esta vez no ha sido en el albero de El Real. Lo ha lucido en<strong> la Maestranza de Sevilla<\/strong>, donde ha tenido lugar el esperad\u00edsimo mano a mano de Roca Rey y Manzanares. Una cita que ha generado much\u00edsima expectaci\u00f3n entre el mundo taurino y que ha acabado de manera tr\u00e1gica por la una grave cornada que ha sufrido el torero peruano<\/p>\n<p class=\"voc-paragraph\">Para la ocasi\u00f3n, ha vuelto a dejar claro que su apoyo a la moda espa\u00f1ola sigue estando m\u00e1s que presente y que en su armario no pueden faltar prendas con sello nacional. As\u00ed pues, se ha decantado por un vestido de color rojo<strong> de la colecci\u00f3n de 2024 de Devota &amp; Lomba<\/strong>.<\/p>\n<div class=\"v-c-cmp \">\n<div class=\"v-cmp-m v-cmp-m--t1\">\n<article class=\"v-a v-a--cmp-m v-c-cmp--m-p\">\n<div class=\"v-a-img-c v-a-img-c--fw-xs\">\n<div class=\"v-a-fig\">\n<div class=\"v-a-link\">\n<img loading=\"lazy\" src=\"http:\/\/hoycordobaweb.com\/wp-content\/uploads\/2026\/04\/sofia-palazuelo-arrasa-en-la-feria-de-sevilla-con-un-vestido-de-invitada-y-las-alpargatas-mas-elegantes-3.jpg\" class=\"v-a-img\" width=\"650\" height=\"975\" alt=\"Sof\u00eda Palazuelo con un vestido de Devota &amp; Lomba.\" data-voc-vtm-id=\"in-text-traffic\">\n<\/div><figcaption class=\"v-fc\">\n<span class=\"v-fc__t\"><br \/>\nSof\u00eda Palazuelo con un vestido de Devota &amp; Lomba.<br \/>\n<\/span><br \/>\n<span class=\"v-fc__p\"><br \/>\ngtres<br \/>\n<\/span><br \/>\n<\/figcaption><\/div>\n<\/div>\n<\/article>\n<\/div>\n<\/div>\n<p class=\"voc-paragraph\">Protagonizado por este color vibrante y que tant\u00edsimo favorece, era un vestido de largo midi, corte recto y adornado en el escote por una <strong>superposici\u00f3n de solapas<\/strong> con el negro a contraste. De escote en forma de pico y sin mangas, este dise\u00f1o que fue lanzado hace dos a\u00f1os ya ha sido elegido como uno de los favoritos de la arist\u00f3crata.<\/p>\n<p class=\"voc-paragraph\">Y como suele ser habitual en los looks de Sof\u00eda, los complementos cobran un gran protagonismo. Adem\u00e1s de una flor roja en el pelo, haciendo referencia al accesorio m\u00e1s caracter\u00edstico del look de flamenca, a\u00f1adi\u00f3 unas<strong> llamativas joyas en color dorado<\/strong>: un brazalete r\u00edgido y unos pendientes con ese aire folcl\u00f3rico tan caracter\u00edstico de la Feria de Sevilla.<\/p>\n<div class=\"v-c-cmp \">\n<div class=\"v-cmp-m v-cmp-m--t1\">\n<article class=\"v-a v-a--cmp-m v-c-cmp--m-p\">\n<div class=\"v-a-img-c v-a-img-c--fw-xs\">\n<div class=\"v-a-fig\">\n<div class=\"v-a-link\">\n<img loading=\"lazy\" src=\"http:\/\/hoycordobaweb.com\/wp-content\/uploads\/2026\/04\/sofia-palazuelo-arrasa-en-la-feria-de-sevilla-con-un-vestido-de-invitada-y-las-alpargatas-mas-elegantes-4.jpg\" class=\"v-a-img\" width=\"650\" height=\"975\" alt=\"Sof\u00eda Palazuelo con una flor en el pelo y un bolso de Zahati.\" data-voc-vtm-id=\"in-text-traffic\">\n<\/div><figcaption class=\"v-fc\">\n<span class=\"v-fc__t\"><br \/>\nSof\u00eda Palazuelo con una flor en el pelo y un bolso de Zahati.<br \/>\n<\/span><br \/>\n<span class=\"v-fc__p\"><br \/>\ngtres<br \/>\n<\/span><br \/>\n<\/figcaption><\/div>\n<\/div>\n<\/article>\n<\/div>\n<\/div>\n<p class=\"voc-paragraph\">Unas gafas de sol grandes y un bolso tipo abanico de <strong>Zahati <\/strong>(65 euros). C\u00f3modo y vers\u00e1til, se trata de un accesorio que ya le hemos visto en otras ocasiones y que es perfecto tanto para diario como para ocasiones especiales. Puede ser el truco que necesitas para completar un look de invitada de verano.<\/p>\n<p class=\"voc-paragraph\">Pero hay m\u00e1s. Sof\u00eda puso el toque final a su estilismo con el que es el calzado favorito del verano y de la Feria de Abril: las<strong> alpargatas con cu\u00f1a<\/strong>. Estos zapatos de esparto que tanto gustan a la reina Letizia son los m\u00e1s elegidos por su comodidad y la duquesa se ha decantado por la versi\u00f3n m\u00e1s elegante: un modelo total black.<\/p>\n<div class=\"v-c-cmp v-c-cmp--t1 \">\n<div class=\"v-cmp-rld v-cmp-rld--2 \">\n<div class=\"v-cnt-m v-cnt-m--m\">\n<div class=\"v-cnt-m__c\">\n<div class=\"v-cnt-m__w v-cnt-m__w--1\">\n<p class=\"v-cnt-m__t\">\nTAMBI\u00c9N TE INTERESA\n<\/p>\n<\/div>\n<\/div>\n<\/div>\n<div class=\"v-g v-g--2-c v-g--bdr-min-xs\">\n<div class=\"v-g__c \">\n<article class=\"v-a v-a--cmp-rld v-a--cmp-rld-2 v-a--p-l\">\n<div class=\"v-a-img-c\">\n<figure class=\"v-a-fig\">\n<a href=\"https:\/\/www.mujerhoy.com\/moda\/no-te-pierdas\/look-invitada-low-cost-cuatro-sfera-nueva-coleccion-20260422232440-nt.html#vtm_modulosEngag=mod-rel:moda:noticia:1:cmp:2-not\" class=\"v-a-link\" title=\"Invitada low cost: cuatro looks con los que puedes ir ideal a una boda sin gastar demasiado\"><br \/>\n<img loading=\"lazy\" class=\"v-a-img\" src=\"http:\/\/hoycordobaweb.com\/wp-content\/uploads\/2026\/04\/sofia-palazuelo-arrasa-en-la-feria-de-sevilla-con-un-vestido-de-invitada-y-las-alpargatas-mas-elegantes-5.jpg\" alt=\"Invitada low cost: cuatro looks con los que puedes ir ideal a una boda sin gastar demasiado\"><br \/>\n<\/a><br \/>\n<\/figure>\n<\/div>\n<\/article>\n<\/div>\n<div class=\"v-g__c \">\n<article class=\"v-a v-a--cmp-rld v-a--cmp-rld-2 v-a--p-l\">\n<div class=\"v-a-img-c\">\n<figure class=\"v-a-fig\">\n<a href=\"https:\/\/www.mujerhoy.com\/moda\/no-te-pierdas\/isabella-dinamarca-falda-larga-tul-hm-20260422175216-nt.html#vtm_modulosEngag=mod-rel:moda:noticia:2:cmp:2-not\" class=\"v-a-link\" title=\"Isabella de Dinamarca arrasa con la falda de H&amp;M que ahora todas quieren en el armario\"><br \/>\n<img loading=\"lazy\" class=\"v-a-img\" src=\"http:\/\/hoycordobaweb.com\/wp-content\/uploads\/2026\/04\/sofia-palazuelo-arrasa-en-la-feria-de-sevilla-con-un-vestido-de-invitada-y-las-alpargatas-mas-elegantes-6.jpg\" alt=\"Isabella de Dinamarca arrasa con la falda de H&amp;M que ahora todas quieren en el armario\"><br \/>\n<\/a><br \/>\n<\/figure>\n<\/div>\n<\/article>\n<\/div>\n<\/div>\n<\/div>\n<\/div>\n<div class=\"media_block\"><\/div>\n","protected":false},"excerpt":{"rendered":"<p>Adem\u00e1s de traje de flamenca que son aut\u00e9nticas obras de arte, en la Feria de Sevilla se pueden fichar looks de lo m\u00e1s elegantes que versionan al m\u00e1ximo nivel el mundo de las invitadas. Esta semana que pone Andaluc\u00eda patas arriba es una de las mejores citas para encontrar inspiraci\u00f3n si tienes una boda o [&hellip;]<\/p>\n","protected":false},"author":1,"featured_media":135732,"comment_status":"closed","ping_status":"closed","sticky":false,"template":"","format":"standard","meta":[],"categories":[],"tags":[],"_links":{"self":[{"href":"http:\/\/hoycordobaweb.com\/index.php\/wp-json\/wp\/v2\/posts\/135731"}],"collection":[{"href":"http:\/\/hoycordobaweb.com\/index.php\/wp-json\/wp\/v2\/posts"}],"about":[{"href":"http:\/\/hoycordobaweb.com\/index.php\/wp-json\/wp\/v2\/types\/post"}],"author":[{"embeddable":true,"href":"http:\/\/hoycordobaweb.com\/index.php\/wp-json\/wp\/v2\/users\/1"}],"replies":[{"embeddable":true,"href":"http:\/\/hoycordobaweb.com\/index.php\/wp-json\/wp\/v2\/comments?post=135731"}],"version-history":[{"count":0,"href":"http:\/\/hoycordobaweb.com\/index.php\/wp-json\/wp\/v2\/posts\/135731\/revisions"}],"wp:featuredmedia":[{"embeddable":true,"href":"http:\/\/hoycordobaweb.com\/index.php\/wp-json\/wp\/v2\/media\/135732"}],"wp:attachment":[{"href":"http:\/\/hoycordobaweb.com\/index.php\/wp-json\/wp\/v2\/media?parent=135731"}],"wp:term":[{"taxonomy":"category","embeddable":true,"href":"http:\/\/hoycordobaweb.com\/index.php\/wp-json\/wp\/v2\/categories?post=135731"},{"taxonomy":"post_tag","embeddable":true,"href":"http:\/\/hoycordobaweb.com\/index.php\/wp-json\/wp\/v2\/tags?post=135731"}],"curies":[{"name":"wp","href":"https:\/\/api.w.org\/{rel}","templated":true}]}}