{"id":135710,"date":"2026-04-26T01:26:00","date_gmt":"2026-04-26T01:26:00","guid":{"rendered":"http:\/\/hoycordobaweb.com\/index.php\/2026\/04\/26\/arbitros-para-la-tercera-fecha-de-libertadores-un-uruguayo-con-boca-ole\/"},"modified":"2026-04-26T01:26:00","modified_gmt":"2026-04-26T01:26:00","slug":"arbitros-para-la-tercera-fecha-de-libertadores-un-uruguayo-con-boca-ole","status":"publish","type":"post","link":"http:\/\/hoycordobaweb.com\/index.php\/2026\/04\/26\/arbitros-para-la-tercera-fecha-de-libertadores-un-uruguayo-con-boca-ole\/","title":{"rendered":"\u00c1rbitros para la tercera fecha de Libertadores: un uruguayo con Boca &#8211; Ol\u00e9"},"content":{"rendered":"<p>El recuerdo m\u00e1s fuerte -y pol\u00e9mico- se remonta al 0-0 ante Atl\u00e9tico Mineiro en 2021, cuando el VAR anul\u00f3 un gol del equipo <b>argentino<\/b> en una decisi\u00f3n&nbsp;&#8230; <\/p>\n","protected":false},"excerpt":{"rendered":"<p>El recuerdo m\u00e1s fuerte -y pol\u00e9mico- se remonta al 0-0 ante Atl\u00e9tico Mineiro en 2021, cuando el VAR anul\u00f3 un gol del equipo argentino en una decisi\u00f3n&nbsp;&#8230;<\/p>\n","protected":false},"author":1,"featured_media":0,"comment_status":"closed","ping_status":"closed","sticky":false,"template":"","format":"standard","meta":[],"categories":[22],"tags":[],"_links":{"self":[{"href":"http:\/\/hoycordobaweb.com\/index.php\/wp-json\/wp\/v2\/posts\/135710"}],"collection":[{"href":"http:\/\/hoycordobaweb.com\/index.php\/wp-json\/wp\/v2\/posts"}],"about":[{"href":"http:\/\/hoycordobaweb.com\/index.php\/wp-json\/wp\/v2\/types\/post"}],"author":[{"embeddable":true,"href":"http:\/\/hoycordobaweb.com\/index.php\/wp-json\/wp\/v2\/users\/1"}],"replies":[{"embeddable":true,"href":"http:\/\/hoycordobaweb.com\/index.php\/wp-json\/wp\/v2\/comments?post=135710"}],"version-history":[{"count":0,"href":"http:\/\/hoycordobaweb.com\/index.php\/wp-json\/wp\/v2\/posts\/135710\/revisions"}],"wp:attachment":[{"href":"http:\/\/hoycordobaweb.com\/index.php\/wp-json\/wp\/v2\/media?parent=135710"}],"wp:term":[{"taxonomy":"category","embeddable":true,"href":"http:\/\/hoycordobaweb.com\/index.php\/wp-json\/wp\/v2\/categories?post=135710"},{"taxonomy":"post_tag","embeddable":true,"href":"http:\/\/hoycordobaweb.com\/index.php\/wp-json\/wp\/v2\/tags?post=135710"}],"curies":[{"name":"wp","href":"https:\/\/api.w.org\/{rel}","templated":true}]}}