{"id":13571,"date":"2021-02-24T18:01:43","date_gmt":"2021-02-24T18:01:43","guid":{"rendered":"https:\/\/www.trendencias.com\/zapatos-mujer\/llegada-buen-tiempo-castaner-presenta-su-nueva-coleccion-zapatos-colaboracion-paul-smith"},"modified":"2021-02-24T18:01:43","modified_gmt":"2021-02-24T18:01:43","slug":"con-la-llegada-del-buen-tiempo-castaner-presenta-su-nueva-coleccion-de-zapatos-en-colaboracion-con-paul-smith","status":"publish","type":"post","link":"http:\/\/hoycordobaweb.com\/index.php\/2021\/02\/24\/con-la-llegada-del-buen-tiempo-castaner-presenta-su-nueva-coleccion-de-zapatos-en-colaboracion-con-paul-smith\/","title":{"rendered":"Con la llegada del buen tiempo Casta\u00f1er presenta su nueva colecci\u00f3n de zapatos en colaboraci\u00f3n con Paul Smith"},"content":{"rendered":"<p>La firma de calzados catalana <strong>Casta\u00f1er<\/strong> ha anunciado una colecci\u00f3n de lo <a href=\"https:\/\/www.trendencias.com\/zapatos-mujer\/estas-zapatillas-deportivas-stradivarius-que-anadiran-toque-retro-a-nuestro-dia-a-dia\">m\u00e1s especial (y colorida)<\/a> en colaboraci\u00f3n con la firma inglesa <strong>Paul Smith<\/strong>. Se trata de <a href=\"https:\/\/www.trendencias.com\/propuestas-y-consejos\/sandalias-locas-que-apuntan-a-ser-tendencia-esta-primavera-verano-2021-pelo-estampadas-firma-natasha-zinko\">una colecci\u00f3n de calzado<\/a> tanto para ella como para \u00e9l donde <strong>la esencia de ambas firmas<\/strong> est\u00e1 presente en todo momento, dando como resultado un <a href=\"https:\/\/www.trendencias.com\/londres\/de-saunders-a-mary-katrantzou-las-8-colecciones-que-no-te-puedes-perder-del-tercer-dia-de-londres\">calzado cl\u00e1sico y artesanal a la vez que moderno<\/a>.&nbsp;<\/p>\n<p><!-- BREAK 1 --><\/p>\n<div class=\"article-asset article-asset-normal article-asset-center\">\n<div class=\"desvio-container\">\n<div class=\"desvio\">\n<div class=\"desvio-figure js-desvio-figure\"> <a href=\"https:\/\/www.trendencias.com\/zapatos-mujer\/estas-sandalias-planas-acolchadas-zara-que-podrian-viralizarse-esta-primavera-que-cuestan-30-euros\"> <img alt=\"Estas son las sandalias planas y acolchadas de Zara que podr\u00edan viralizarse esta Primavera (y que cuestan menos de 30 euros)\" src=\"http:\/\/hoycordobaweb.com\/wp-content\/uploads\/2021\/02\/con-la-llegada-del-buen-tiempo-castaner-presenta-su-nueva-coleccion-de-zapatos-en-colaboracion-con-paul-smith.jpg\"> <\/a> <\/div><\/div><\/div>\n<\/div>\n<p>No es la primera vez que la firma de alpargatas colabora con grandes dise\u00f1adores: Missoni o Manolo Blahnik nos deleitaron con dise\u00f1os repletos de elegancia y originalidad. En esta ocasi\u00f3n esta nueva colaboraci\u00f3n se viste con las bandas de color tan identificativas de Paul Smith. Detalles a todo color que confieren a los modelos m\u00e1s cl\u00e1sicos de Casta\u00f1er un toque diferente y rompedor como son el dise\u00f1o Carina, el modelo Jean o el Coralia.&nbsp;<\/p>\n<p><!-- BREAK 2 --> <\/p>\n<div class=\"article-asset-image article-asset-normal article-asset-center\">\n<div class=\"asset-content\"> <img class=\"sf-lazy centro_sinmarco\" data-sf-srcset=\"http:\/\/hoycordobaweb.com\/wp-content\/uploads\/2021\/02\/con-la-llegada-del-buen-tiempo-castaner-presenta-su-nueva-coleccion-de-zapatos-en-colaboracion-con-paul-smith-1.jpg 450w, http:\/\/hoycordobaweb.com\/wp-content\/uploads\/2021\/02\/con-la-llegada-del-buen-tiempo-castaner-presenta-su-nueva-coleccion-de-zapatos-en-colaboracion-con-paul-smith-4.jpg 681w,http:\/\/hoycordobaweb.com\/wp-content\/uploads\/2021\/02\/con-la-llegada-del-buen-tiempo-castaner-presenta-su-nueva-coleccion-de-zapatos-en-colaboracion-con-paul-smith-5.jpg 1024w, http:\/\/hoycordobaweb.com\/wp-content\/uploads\/2021\/02\/con-la-llegada-del-buen-tiempo-castaner-presenta-su-nueva-coleccion-de-zapatos-en-colaboracion-con-paul-smith-6.jpg 1366w,\" data-sf-src=\"http:\/\/hoycordobaweb.com\/wp-content\/uploads\/2021\/02\/con-la-llegada-del-buen-tiempo-castaner-presenta-su-nueva-coleccion-de-zapatos-en-colaboracion-con-paul-smith-1.jpg\" alt=\"Castaner Paul Smith 02\"> <noscript><img alt=\"Castaner Paul Smith 02\" class=\"centro_sinmarco\" src=\"http:\/\/hoycordobaweb.com\/wp-content\/uploads\/2021\/02\/con-la-llegada-del-buen-tiempo-castaner-presenta-su-nueva-coleccion-de-zapatos-en-colaboracion-con-paul-smith-1.jpg\"><\/noscript> <\/div>\n<\/div>\n<h2>Una colecci\u00f3n que tambi\u00e9n tiene dise\u00f1os masculinos<\/h2>\n<p>Tal y como ya hemos comentado, esta nueva colecci\u00f3n tambi\u00e9n se viste con dise\u00f1os masculinos en forma de alpargatas a todo color. De piel de ante, de lona o en una mezcla de ambos tejidos, estas propuestas sacan lo mejor de ambas firmas.&nbsp;<\/p>\n<p><!-- BREAK 3 --><\/p>\n<div class=\"article-asset-image article-asset-normal article-asset-center\">\n<div class=\"asset-content\"> <img class=\"sf-lazy centro_sinmarco\" data-sf-srcset=\"http:\/\/hoycordobaweb.com\/wp-content\/uploads\/2021\/02\/con-la-llegada-del-buen-tiempo-castaner-presenta-su-nueva-coleccion-de-zapatos-en-colaboracion-con-paul-smith-2.jpg 450w, http:\/\/hoycordobaweb.com\/wp-content\/uploads\/2021\/02\/con-la-llegada-del-buen-tiempo-castaner-presenta-su-nueva-coleccion-de-zapatos-en-colaboracion-con-paul-smith-7.jpg 681w,http:\/\/hoycordobaweb.com\/wp-content\/uploads\/2021\/02\/con-la-llegada-del-buen-tiempo-castaner-presenta-su-nueva-coleccion-de-zapatos-en-colaboracion-con-paul-smith-8.jpg 1024w, http:\/\/hoycordobaweb.com\/wp-content\/uploads\/2021\/02\/con-la-llegada-del-buen-tiempo-castaner-presenta-su-nueva-coleccion-de-zapatos-en-colaboracion-con-paul-smith-9.jpg 1366w,\" data-sf-src=\"http:\/\/hoycordobaweb.com\/wp-content\/uploads\/2021\/02\/con-la-llegada-del-buen-tiempo-castaner-presenta-su-nueva-coleccion-de-zapatos-en-colaboracion-con-paul-smith-2.jpg\" alt=\"Castaner Paul Smith\"> <noscript><img alt=\"Castaner Paul Smith\" class=\"centro_sinmarco\" src=\"http:\/\/hoycordobaweb.com\/wp-content\/uploads\/2021\/02\/con-la-llegada-del-buen-tiempo-castaner-presenta-su-nueva-coleccion-de-zapatos-en-colaboracion-con-paul-smith-2.jpg\"><\/noscript> <\/div>\n<\/div>\n<p>Con precios que van <a href=\"https:\/\/www.castaner.com\/es-es\/pablo-ps-043-multicolor\">desde 145 euros<\/a> hasta <a href=\"https:\/\/www.castaner.com\/es-es\/coralia-ps-8-001-ivory\">195 euros<\/a>, estos dise\u00f1os prometen vestir nuestros estilismos de verano con originalidad (y un derroche extra de <em>savoir faire<\/em>).&nbsp;<\/p>\n<p><!-- BREAK 4 --><\/p>\n<p>Fotos | Casta\u00f1er, Instagram <a href=\"https:\/\/www.instagram.com\/paulsmithdesign\/\">@paulsmithdesign<\/a><\/p>\n<p><!-- BREAK 5 --> <\/p>\n","protected":false},"excerpt":{"rendered":"<p>La firma de calzados catalana Casta\u00f1er ha anunciado una colecci\u00f3n de lo m\u00e1s especial (y colorida) en colaboraci\u00f3n con la firma inglesa Paul Smith. Se trata de una colecci\u00f3n de calzado tanto para ella como para \u00e9l donde la esencia de ambas firmas est\u00e1 presente en todo momento, dando como resultado un calzado cl\u00e1sico y [&hellip;]<\/p>\n","protected":false},"author":1,"featured_media":13572,"comment_status":"closed","ping_status":"closed","sticky":false,"template":"","format":"standard","meta":[],"categories":[1],"tags":[],"_links":{"self":[{"href":"http:\/\/hoycordobaweb.com\/index.php\/wp-json\/wp\/v2\/posts\/13571"}],"collection":[{"href":"http:\/\/hoycordobaweb.com\/index.php\/wp-json\/wp\/v2\/posts"}],"about":[{"href":"http:\/\/hoycordobaweb.com\/index.php\/wp-json\/wp\/v2\/types\/post"}],"author":[{"embeddable":true,"href":"http:\/\/hoycordobaweb.com\/index.php\/wp-json\/wp\/v2\/users\/1"}],"replies":[{"embeddable":true,"href":"http:\/\/hoycordobaweb.com\/index.php\/wp-json\/wp\/v2\/comments?post=13571"}],"version-history":[{"count":0,"href":"http:\/\/hoycordobaweb.com\/index.php\/wp-json\/wp\/v2\/posts\/13571\/revisions"}],"wp:featuredmedia":[{"embeddable":true,"href":"http:\/\/hoycordobaweb.com\/index.php\/wp-json\/wp\/v2\/media\/13572"}],"wp:attachment":[{"href":"http:\/\/hoycordobaweb.com\/index.php\/wp-json\/wp\/v2\/media?parent=13571"}],"wp:term":[{"taxonomy":"category","embeddable":true,"href":"http:\/\/hoycordobaweb.com\/index.php\/wp-json\/wp\/v2\/categories?post=13571"},{"taxonomy":"post_tag","embeddable":true,"href":"http:\/\/hoycordobaweb.com\/index.php\/wp-json\/wp\/v2\/tags?post=13571"}],"curies":[{"name":"wp","href":"https:\/\/api.w.org\/{rel}","templated":true}]}}