{"id":135653,"date":"2026-04-23T11:40:50","date_gmt":"2026-04-23T11:40:50","guid":{"rendered":"https:\/\/www.mujerhoy.com\/moda\/no-te-pierdas\/comprar-gafas-sol-hexagonales-tendencia-parfois-20260423181705-nt.html"},"modified":"2026-04-23T11:40:50","modified_gmt":"2026-04-23T11:40:50","slug":"donde-comprar-las-gafas-de-sol-hexagonales-que-tanto-se-llevan-de-parfois-a-la-marca-mas-viral","status":"publish","type":"post","link":"http:\/\/hoycordobaweb.com\/index.php\/2026\/04\/23\/donde-comprar-las-gafas-de-sol-hexagonales-que-tanto-se-llevan-de-parfois-a-la-marca-mas-viral\/","title":{"rendered":"D\u00f3nde comprar las gafas de sol hexagonales que tanto se llevan: de Parfois a la marca m\u00e1s viral"},"content":{"rendered":"<p><!-- AUTHOR --><\/p>\n<div class=\"voc-author-timesocial \">\n<!-- AUTHOR --><\/p>\n<div class=\"voc-author-timesocial__signature \">\n<!-- IMAGE AUTHOR -->\n<picture class=\"voc-image-signature\">\n<img class=\"voc-image-signature__img\" src=\"http:\/\/hoycordobaweb.com\/wp-content\/uploads\/2026\/04\/donde-comprar-las-gafas-de-sol-hexagonales-que-tanto-se-llevan-de-parfois-a-la-marca-mas-viral.jpg\" alt=\"Raquel Rodr\u00edguez\">\n<\/picture>\n<!-- INFO AUTHOR --> <\/div><\/div>\n<p><!-- COMPONENTS --><\/p>\n<p class=\"voc-paragraph\">De entre todos los i<strong>mprescindibles para un armario de verano de diez<\/strong>, <a href=\"https:\/\/www.mujerhoy.com\/moda\/no-te-pierdas\/gafas-sol-xxl-complemento-marcar-diferencia-looks-primavera-20260405160903-nt.html\" title=\"www.mujerhoy.com\" data-voc-vtm-id=\"in-text-traffic\" data-mrf-link=\"www.mujerhoy.com\">las gafas de sol<\/a> ocupan los primeros puestos. Y es que, no hay complemento m\u00e1s esencial que una gafa con la que, adem\u00e1s de protegerte del sol, dar un toque elegante, sofisticado, moderno u original a tus estilismos.<\/p>\n<p class=\"voc-paragraph\">Las gafas de sol son el reflejo m\u00e1s visible de nuestro estilo y personalidad y son capaces de convertir un look b\u00e1sico en uno de esos que marcan la diferencia. Es por ello, que hoy queremos hablarte de una<strong> opci\u00f3n que est\u00e1 muy de moda<\/strong>: las gafas hexagonales. Las redes, las pasarelas y el street style se ha llenado de opciones que apuestan por esta opci\u00f3n. Y estos son los modelos con los que t\u00fa tambi\u00e9n puedes unirte a esta moda.<\/p>\n<div class=\"v-c-cmp v-c-cmp--t1 \">\n<div class=\"v-cmp-rld v-cmp-rld--2 \">\n<div class=\"v-cnt-m v-cnt-m--m\">\n<div class=\"v-cnt-m__c\">\n<div class=\"v-cnt-m__w v-cnt-m__w--1\">\n<p class=\"v-cnt-m__t\">\nTAMBI\u00c9N TE INTERESA\n<\/p>\n<\/div>\n<\/div>\n<\/div>\n<div class=\"v-g v-g--2-c v-g--bdr-min-xs\">\n<div class=\"v-g__c \">\n<article class=\"v-a v-a--cmp-rld v-a--cmp-rld-2 v-a--p-l\">\n<div class=\"v-a-img-c\">\n<figure class=\"v-a-fig\">\n<a href=\"https:\/\/www.mujerhoy.com\/moda\/tendencias\/gafas-sol-tendencia-primavera-2026-20260328112114-nt.html#vtm_modulosEngag=mod-rel:moda:noticia:1:cmp:2-not\" class=\"v-a-link\" title=\"Todas las gafas de sol que van a ser tendencia esta primavera 2026\"><br \/>\n<img loading=\"lazy\" class=\"v-a-img\" src=\"http:\/\/hoycordobaweb.com\/wp-content\/uploads\/2026\/04\/donde-comprar-las-gafas-de-sol-hexagonales-que-tanto-se-llevan-de-parfois-a-la-marca-mas-viral-1.jpg\" alt=\"Todas las gafas de sol que van a ser tendencia esta primavera 2026\"><br \/>\n<\/a><br \/>\n<\/figure>\n<\/div>\n<\/article>\n<\/div>\n<div class=\"v-g__c \">\n<article class=\"v-a v-a--cmp-rld v-a--cmp-rld-2 v-a--p-l\">\n<div class=\"v-a-img-c\">\n<figure class=\"v-a-fig\">\n<a href=\"https:\/\/www.mujerhoy.com\/moda\/no-te-pierdas\/gafas-sol-amarillas-ayudan-dormir-polemica-realidad-mito-20260314010219-nt.html#vtm_modulosEngag=mod-rel:moda:noticia:2:cmp:2-not\" class=\"v-a-link\" title=\"\u00bfUnas gafas de sol que ayudan a dormir? El cristal que favorece la producci\u00f3n de melatonina\"><br \/>\n<img loading=\"lazy\" class=\"v-a-img\" src=\"http:\/\/hoycordobaweb.com\/wp-content\/uploads\/2026\/04\/donde-comprar-las-gafas-de-sol-hexagonales-que-tanto-se-llevan-de-parfois-a-la-marca-mas-viral-2.jpg\" alt=\"\u00bfUnas gafas de sol que ayudan a dormir? El cristal que favorece la producci\u00f3n de melatonina\"><br \/>\n<\/a><br \/>\n<\/figure>\n<\/div>\n<\/article>\n<\/div>\n<\/div>\n<\/div>\n<\/div>\n<div class=\"v-c-cmp \">\n<div class=\"v-cmp-m \">\n<article class=\"v-a v-a--cmp-m v-c-cmp--m-z\">\n<div class=\"v-a-img-c \">\n<div class=\"v-a-fig\">\n<button class=\"v-a-link\" popovertarget=\"photo-276\"><br \/>\n<img loading=\"lazy\" src=\"http:\/\/hoycordobaweb.com\/wp-content\/uploads\/2026\/04\/donde-comprar-las-gafas-de-sol-hexagonales-que-tanto-se-llevan-de-parfois-a-la-marca-mas-viral-3.jpg\" class=\"v-a-img\" width=\"748\" height=\"524\" alt data-voc-vtm-id=\"in-text-traffic\"> <\/button>\n<\/div>\n<\/div>\n<div id=\"photo-276\" popover class=\"v-mdl v-mdl--fw\">\n<button class=\"v-x\" popovertarget=\"photo-276\" popovertargetaction=\"hide\"><br \/>\n<span class=\"v-i\"><br \/>\n<svg width=\"24\" height=\"23.996\" viewBox=\"0 0 24 23.996\">\n<path data-name=\"Uni\u00f3n 29\" d=\"M12,14.03,2.031,24,0,21.963,9.968,12,0,2.033,2.031,0,12,9.966,21.969,0,24,2.033,14.032,12,24,21.963,21.969,24Z\" \/>\n<\/svg><br \/>\n<\/span><br \/>\n<\/button><\/p>\n<div class=\"v-mdl__c\">\n<div class=\"v-mdl__w\">\n<img loading=\"lazy\" src=\"http:\/\/hoycordobaweb.com\/wp-content\/uploads\/2026\/04\/donde-comprar-las-gafas-de-sol-hexagonales-que-tanto-se-llevan-de-parfois-a-la-marca-mas-viral-3.jpg\" class=\"v-mdl__img-z\" width=\"748\" height=\"524\" alt>\n<\/div>\n<\/div>\n<\/div>\n<p><span class=\"v-bdp\"><\/span><br \/>\n<\/article>\n<\/div>\n<\/div>\n<p><h3 class=\"v-cmp-suh\">\nLas m\u00e1s virales<br \/>\n<\/h3>\n<\/p>\n<p class=\"voc-paragraph\">Zadig&amp;Voltaire ha presentado nuevas propuestas de gafas de sol que reinterpretan el lujo contempor\u00e1neo desde una mirada urbana, sofisticada y con fuerte identidad de marca. Entre ellas una con montura met\u00e1lica delgada de forma hexagonal y las varillas bifurcadas adornadas con micro tachuelas y un cristal refinado. Precio: 195 euros.<\/p>\n<div class=\"v-c-cmp \">\n<div class=\"v-cmp-m \">\n<article class=\"v-a v-a--cmp-m v-c-cmp--m-z\">\n<div class=\"v-a-img-c \">\n<div class=\"v-a-fig\">\n<button class=\"v-a-link\" popovertarget=\"photo-267\"><br \/>\n<img loading=\"lazy\" src=\"http:\/\/hoycordobaweb.com\/wp-content\/uploads\/2026\/04\/donde-comprar-las-gafas-de-sol-hexagonales-que-tanto-se-llevan-de-parfois-a-la-marca-mas-viral.png\" class=\"v-a-img\" width=\"748\" height=\"524\" alt data-voc-vtm-id=\"in-text-traffic\"> <\/button>\n<\/div>\n<\/div>\n<div id=\"photo-267\" popover class=\"v-mdl v-mdl--fw\">\n<button class=\"v-x\" popovertarget=\"photo-267\" popovertargetaction=\"hide\"><br \/>\n<span class=\"v-i\"><br \/>\n<svg width=\"24\" height=\"23.996\" viewBox=\"0 0 24 23.996\">\n<path data-name=\"Uni\u00f3n 29\" d=\"M12,14.03,2.031,24,0,21.963,9.968,12,0,2.033,2.031,0,12,9.966,21.969,0,24,2.033,14.032,12,24,21.963,21.969,24Z\" \/>\n<\/svg><br \/>\n<\/span><br \/>\n<\/button><\/p>\n<div class=\"v-mdl__c\">\n<div class=\"v-mdl__w\">\n<img loading=\"lazy\" src=\"http:\/\/hoycordobaweb.com\/wp-content\/uploads\/2026\/04\/donde-comprar-las-gafas-de-sol-hexagonales-que-tanto-se-llevan-de-parfois-a-la-marca-mas-viral.png\" class=\"v-mdl__img-z\" width=\"748\" height=\"524\" alt>\n<\/div>\n<\/div>\n<\/div>\n<p><span class=\"v-bdp\"><\/span><br \/>\n<\/article>\n<\/div>\n<\/div>\n<p><h3 class=\"v-cmp-suh\">\nDoradas<br \/>\n<\/h3>\n<\/p>\n<p class=\"voc-paragraph\">Las Cuprum Diamond Gold \/ G15 de <strong>D.Franklin<\/strong> ofrecen una combinaci\u00f3n excepcional de estilo moderno y funcionalidad. Dise\u00f1adas con una estructura met\u00e1lica resistente y ligera, estas gafas garantizan durabilidad y comodidad en cada uso. Sus lentes de policarbonato proporcionan una visi\u00f3n clara y una protecci\u00f3n UV completa para mantener tus ojos seguros incluso en los d\u00edas m\u00e1s soleados. Precio: 59,99 euros.<\/p>\n<div class=\"v-c-cmp \">\n<div class=\"v-cmp-m \">\n<article class=\"v-a v-a--cmp-m v-c-cmp--m-z\">\n<div class=\"v-a-img-c \">\n<div class=\"v-a-fig\">\n<button class=\"v-a-link\" popovertarget=\"photo-94\"><br \/>\n<img loading=\"lazy\" src=\"http:\/\/hoycordobaweb.com\/wp-content\/uploads\/2026\/04\/donde-comprar-las-gafas-de-sol-hexagonales-que-tanto-se-llevan-de-parfois-a-la-marca-mas-viral-4.jpg\" class=\"v-a-img\" width=\"748\" height=\"524\" alt data-voc-vtm-id=\"in-text-traffic\"> <\/button>\n<\/div>\n<\/div>\n<div id=\"photo-94\" popover class=\"v-mdl v-mdl--fw\">\n<button class=\"v-x\" popovertarget=\"photo-94\" popovertargetaction=\"hide\"><br \/>\n<span class=\"v-i\"><br \/>\n<svg width=\"24\" height=\"23.996\" viewBox=\"0 0 24 23.996\">\n<path data-name=\"Uni\u00f3n 29\" d=\"M12,14.03,2.031,24,0,21.963,9.968,12,0,2.033,2.031,0,12,9.966,21.969,0,24,2.033,14.032,12,24,21.963,21.969,24Z\" \/>\n<\/svg><br \/>\n<\/span><br \/>\n<\/button><\/p>\n<div class=\"v-mdl__c\">\n<div class=\"v-mdl__w\">\n<img loading=\"lazy\" src=\"http:\/\/hoycordobaweb.com\/wp-content\/uploads\/2026\/04\/donde-comprar-las-gafas-de-sol-hexagonales-que-tanto-se-llevan-de-parfois-a-la-marca-mas-viral-4.jpg\" class=\"v-mdl__img-z\" width=\"748\" height=\"524\" alt>\n<\/div>\n<\/div>\n<\/div>\n<p><span class=\"v-bdp\"><\/span><br \/>\n<\/article>\n<\/div>\n<\/div>\n<p><h3 class=\"v-cmp-suh\">\nMinimalistas<br \/>\n<\/h3>\n<\/p>\n<p class=\"voc-paragraph\">En <strong>Dr. Focus &amp; Co.<\/strong> hemos dado con estas gafas de edici\u00f3n limitada de Ahlem. con Es un modelo minimalista con detalles de dise\u00f1o impactantes, como grabados l\u00e1ser en la patilla y un borde superior de doble grosor estrat\u00e9gicamente dise\u00f1ado para captar y mover la luz. Precio: 570 euros.<\/p>\n<div class=\"v-c-cmp \">\n<div class=\"v-cmp-m \">\n<article class=\"v-a v-a--cmp-m v-c-cmp--m-z\">\n<div class=\"v-a-img-c \">\n<div class=\"v-a-fig\">\n<button class=\"v-a-link\" popovertarget=\"photo-658\"><br \/>\n<img loading=\"lazy\" src=\"http:\/\/hoycordobaweb.com\/wp-content\/uploads\/2026\/04\/donde-comprar-las-gafas-de-sol-hexagonales-que-tanto-se-llevan-de-parfois-a-la-marca-mas-viral-1.png\" class=\"v-a-img\" width=\"748\" height=\"524\" alt data-voc-vtm-id=\"in-text-traffic\"> <\/button>\n<\/div>\n<\/div>\n<div id=\"photo-658\" popover class=\"v-mdl v-mdl--fw\">\n<button class=\"v-x\" popovertarget=\"photo-658\" popovertargetaction=\"hide\"><br \/>\n<span class=\"v-i\"><br \/>\n<svg width=\"24\" height=\"23.996\" viewBox=\"0 0 24 23.996\">\n<path data-name=\"Uni\u00f3n 29\" d=\"M12,14.03,2.031,24,0,21.963,9.968,12,0,2.033,2.031,0,12,9.966,21.969,0,24,2.033,14.032,12,24,21.963,21.969,24Z\" \/>\n<\/svg><br \/>\n<\/span><br \/>\n<\/button><\/p>\n<div class=\"v-mdl__c\">\n<div class=\"v-mdl__w\">\n<img loading=\"lazy\" src=\"http:\/\/hoycordobaweb.com\/wp-content\/uploads\/2026\/04\/donde-comprar-las-gafas-de-sol-hexagonales-que-tanto-se-llevan-de-parfois-a-la-marca-mas-viral-1.png\" class=\"v-mdl__img-z\" width=\"748\" height=\"524\" alt>\n<\/div>\n<\/div>\n<\/div>\n<p><span class=\"v-bdp\"><\/span><br \/>\n<\/article>\n<\/div>\n<\/div>\n<p><h3 class=\"v-cmp-suh\">\nCarey<br \/>\n<\/h3>\n<\/p>\n<p class=\"voc-paragraph\">En <strong>Parfois <\/strong>tienes esta opci\u00f3n low cost que eleva m\u00e1s all\u00e1 la forma tendencia de las seis caras. Se trata de un modelo con montura gruesa de efecto carey en tonos marrones de lo m\u00e1s ponibles. Tiene el cristal oscuro y est\u00e1 disponible en marr\u00f3n con el cristal naranja. Precio: 15,99 euros.<\/p>\n<div class=\"v-c-cmp \">\n<div class=\"v-cmp-m \">\n<article class=\"v-a v-a--cmp-m v-c-cmp--m-z\">\n<div class=\"v-a-img-c \">\n<div class=\"v-a-fig\">\n<button class=\"v-a-link\" popovertarget=\"photo-536\"><br \/>\n<img loading=\"lazy\" src=\"http:\/\/hoycordobaweb.com\/wp-content\/uploads\/2026\/04\/donde-comprar-las-gafas-de-sol-hexagonales-que-tanto-se-llevan-de-parfois-a-la-marca-mas-viral-2.png\" class=\"v-a-img\" width=\"748\" height=\"524\" alt data-voc-vtm-id=\"in-text-traffic\"> <\/button>\n<\/div>\n<\/div>\n<div id=\"photo-536\" popover class=\"v-mdl v-mdl--fw\">\n<button class=\"v-x\" popovertarget=\"photo-536\" popovertargetaction=\"hide\"><br \/>\n<span class=\"v-i\"><br \/>\n<svg width=\"24\" height=\"23.996\" viewBox=\"0 0 24 23.996\">\n<path data-name=\"Uni\u00f3n 29\" d=\"M12,14.03,2.031,24,0,21.963,9.968,12,0,2.033,2.031,0,12,9.966,21.969,0,24,2.033,14.032,12,24,21.963,21.969,24Z\" \/>\n<\/svg><br \/>\n<\/span><br \/>\n<\/button><\/p>\n<div class=\"v-mdl__c\">\n<div class=\"v-mdl__w\">\n<img loading=\"lazy\" src=\"http:\/\/hoycordobaweb.com\/wp-content\/uploads\/2026\/04\/donde-comprar-las-gafas-de-sol-hexagonales-que-tanto-se-llevan-de-parfois-a-la-marca-mas-viral-2.png\" class=\"v-mdl__img-z\" width=\"748\" height=\"524\" alt>\n<\/div>\n<\/div>\n<\/div>\n<p><span class=\"v-bdp\"><\/span><br \/>\n<\/article>\n<\/div>\n<\/div>\n<p><h3 class=\"v-cmp-suh\">\nEstilo a\u00f1os 70<br \/>\n<\/h3>\n<\/p>\n<p class=\"voc-paragraph\">En <strong>Ray-Ban<\/strong> han elegido la opci\u00f3n m\u00e1s setentera. Se trata del modelo RB3548N hexagonal, la evoluci\u00f3n del modelo redondo con lentes planas de cristal. La montura met\u00e1lica redonda cuenta con perfiles acu\u00f1ados delgados y lentes planas de cristal de oro cl\u00e1sico con patillas muy delgadas. Mezcla y combina opciones de colores b\u00e1sicos flash para crear la combinaci\u00f3n perfecta. Precio: 163 euros en Sunglass Hut.<\/p>\n<div class=\"v-c-cmp \">\n<div class=\"v-cmp-m \">\n<article class=\"v-a v-a--cmp-m v-c-cmp--m-z\">\n<div class=\"v-a-img-c \">\n<div class=\"v-a-fig\">\n<button class=\"v-a-link\" popovertarget=\"photo-463\"><br \/>\n<img loading=\"lazy\" src=\"http:\/\/hoycordobaweb.com\/wp-content\/uploads\/2026\/04\/donde-comprar-las-gafas-de-sol-hexagonales-que-tanto-se-llevan-de-parfois-a-la-marca-mas-viral-3.png\" class=\"v-a-img\" width=\"748\" height=\"524\" alt data-voc-vtm-id=\"in-text-traffic\"> <\/button>\n<\/div>\n<\/div>\n<div id=\"photo-463\" popover class=\"v-mdl v-mdl--fw\">\n<button class=\"v-x\" popovertarget=\"photo-463\" popovertargetaction=\"hide\"><br \/>\n<span class=\"v-i\"><br \/>\n<svg width=\"24\" height=\"23.996\" viewBox=\"0 0 24 23.996\">\n<path data-name=\"Uni\u00f3n 29\" d=\"M12,14.03,2.031,24,0,21.963,9.968,12,0,2.033,2.031,0,12,9.966,21.969,0,24,2.033,14.032,12,24,21.963,21.969,24Z\" \/>\n<\/svg><br \/>\n<\/span><br \/>\n<\/button><\/p>\n<div class=\"v-mdl__c\">\n<div class=\"v-mdl__w\">\n<img loading=\"lazy\" src=\"http:\/\/hoycordobaweb.com\/wp-content\/uploads\/2026\/04\/donde-comprar-las-gafas-de-sol-hexagonales-que-tanto-se-llevan-de-parfois-a-la-marca-mas-viral-3.png\" class=\"v-mdl__img-z\" width=\"748\" height=\"524\" alt>\n<\/div>\n<\/div>\n<\/div>\n<p><span class=\"v-bdp\"><\/span><br \/>\n<\/article>\n<\/div>\n<\/div>\n<p><h3 class=\"v-cmp-suh\">\nTotal black<br \/>\n<\/h3>\n<\/p>\n<p class=\"voc-paragraph\">Para las que no renuncian al negro ni en verano. Estas gafas de sol en acetato total dark tienen una forma disruptiva que sorprende a quien la mire y son de <strong>Hawkers<\/strong>. Es un modelo de forma estrecha y con din\u00e1mica geom\u00e9trica que entra en contraposici\u00f3n con las anchas patillas dando lugar a un dise\u00f1o de alto impacto. Precio: 41,99 euros.<\/p>\n<div class=\"v-c-cmp \">\n<div class=\"v-cmp-m \">\n<article class=\"v-a v-a--cmp-m v-c-cmp--m-z\">\n<div class=\"v-a-img-c \">\n<div class=\"v-a-fig\">\n<button class=\"v-a-link\" popovertarget=\"photo-95\"><br \/>\n<img loading=\"lazy\" src=\"http:\/\/hoycordobaweb.com\/wp-content\/uploads\/2026\/04\/donde-comprar-las-gafas-de-sol-hexagonales-que-tanto-se-llevan-de-parfois-a-la-marca-mas-viral-4.png\" class=\"v-a-img\" width=\"748\" height=\"524\" alt data-voc-vtm-id=\"in-text-traffic\"> <\/button>\n<\/div>\n<\/div>\n<div id=\"photo-95\" popover class=\"v-mdl v-mdl--fw\">\n<button class=\"v-x\" popovertarget=\"photo-95\" popovertargetaction=\"hide\"><br \/>\n<span class=\"v-i\"><br \/>\n<svg width=\"24\" height=\"23.996\" viewBox=\"0 0 24 23.996\">\n<path data-name=\"Uni\u00f3n 29\" d=\"M12,14.03,2.031,24,0,21.963,9.968,12,0,2.033,2.031,0,12,9.966,21.969,0,24,2.033,14.032,12,24,21.963,21.969,24Z\" \/>\n<\/svg><br \/>\n<\/span><br \/>\n<\/button><\/p>\n<div class=\"v-mdl__c\">\n<div class=\"v-mdl__w\">\n<img loading=\"lazy\" src=\"http:\/\/hoycordobaweb.com\/wp-content\/uploads\/2026\/04\/donde-comprar-las-gafas-de-sol-hexagonales-que-tanto-se-llevan-de-parfois-a-la-marca-mas-viral-4.png\" class=\"v-mdl__img-z\" width=\"748\" height=\"524\" alt>\n<\/div>\n<\/div>\n<\/div>\n<p><span class=\"v-bdp\"><\/span><br \/>\n<\/article>\n<\/div>\n<\/div>\n<p><h3 class=\"v-cmp-suh\">\nElegantes<br \/>\n<\/h3>\n<\/p>\n<p class=\"voc-paragraph\">El modelo Hex Legacy Gold \/ Gradient Green de <strong>Kalk<\/strong> son unas gafas de sol transl\u00facidas con un dise\u00f1o geom\u00e9trico. El legado de las piezas m\u00e1s ic\u00f3nicas de los a\u00f1os 70 se combina con una selecci\u00f3n de detalles modernos. Precio: 59,99 euros.<\/p>\n<div class=\"v-c-cmp v-c-cmp--t1 \">\n<div class=\"v-cmp-rld v-cmp-rld--2 \">\n<div class=\"v-cnt-m v-cnt-m--m\">\n<div class=\"v-cnt-m__c\">\n<div class=\"v-cnt-m__w v-cnt-m__w--1\">\n<p class=\"v-cnt-m__t\">\nTAMBI\u00c9N TE INTERESA\n<\/p>\n<\/div>\n<\/div>\n<\/div>\n<div class=\"v-g v-g--2-c v-g--bdr-min-xs\">\n<div class=\"v-g__c \">\n<article class=\"v-a v-a--cmp-rld v-a--cmp-rld-2 v-a--p-l\">\n<div class=\"v-a-img-c\">\n<figure class=\"v-a-fig\">\n<a href=\"https:\/\/www.mujerhoy.com\/moda\/no-te-pierdas\/gafas-sol-tendencia-nueva-york-aviador-primavera-20260218135841-nt.html#vtm_modulosEngag=mod-rel:moda:noticia:1:cmp:2-not\" class=\"v-a-link\" title=\"Estas son las gafas de sol que llevan en Nueva York y que vas a necesitar en primavera\"><br \/>\n<img loading=\"lazy\" class=\"v-a-img\" src=\"http:\/\/hoycordobaweb.com\/wp-content\/uploads\/2026\/04\/donde-comprar-las-gafas-de-sol-hexagonales-que-tanto-se-llevan-de-parfois-a-la-marca-mas-viral-5.jpg\" alt=\"Estas son las gafas de sol que llevan en Nueva York y que vas a necesitar en primavera\"><br \/>\n<\/a><br \/>\n<\/figure>\n<\/div>\n<\/article>\n<\/div>\n<div class=\"v-g__c \">\n<article class=\"v-a v-a--cmp-rld v-a--cmp-rld-2 v-a--p-l\">\n<div class=\"v-a-img-c\">\n<figure class=\"v-a-fig\">\n<a href=\"https:\/\/www.mujerhoy.com\/moda\/no-te-pierdas\/gafas-sol-elegantes-puedes-llevar-siempre-gigi-studios-tiwi-20251102185149-nt.html#vtm_modulosEngag=mod-rel:moda:noticia:2:cmp:2-not\" class=\"v-a-link\" title=\"Las gafas de sol m\u00e1s elegantes que puedes llevar los 365 d\u00edas del a\u00f1o\"><br \/>\n<img loading=\"lazy\" class=\"v-a-img\" src=\"http:\/\/hoycordobaweb.com\/wp-content\/uploads\/2026\/04\/donde-comprar-las-gafas-de-sol-hexagonales-que-tanto-se-llevan-de-parfois-a-la-marca-mas-viral-6.jpg\" alt=\"Las gafas de sol m\u00e1s elegantes que puedes llevar los 365 d\u00edas del a\u00f1o\"><br \/>\n<\/a><br \/>\n<\/figure>\n<\/div>\n<\/article>\n<\/div>\n<\/div>\n<\/div>\n<\/div>\n<div class=\"media_block\"><\/div>\n","protected":false},"excerpt":{"rendered":"<p>De entre todos los imprescindibles para un armario de verano de diez, las gafas de sol ocupan los primeros puestos. Y es que, no hay complemento m\u00e1s esencial que una gafa con la que, adem\u00e1s de protegerte del sol, dar un toque elegante, sofisticado, moderno u original a tus estilismos. Las gafas de sol son [&hellip;]<\/p>\n","protected":false},"author":1,"featured_media":135654,"comment_status":"closed","ping_status":"closed","sticky":false,"template":"","format":"standard","meta":[],"categories":[],"tags":[],"_links":{"self":[{"href":"http:\/\/hoycordobaweb.com\/index.php\/wp-json\/wp\/v2\/posts\/135653"}],"collection":[{"href":"http:\/\/hoycordobaweb.com\/index.php\/wp-json\/wp\/v2\/posts"}],"about":[{"href":"http:\/\/hoycordobaweb.com\/index.php\/wp-json\/wp\/v2\/types\/post"}],"author":[{"embeddable":true,"href":"http:\/\/hoycordobaweb.com\/index.php\/wp-json\/wp\/v2\/users\/1"}],"replies":[{"embeddable":true,"href":"http:\/\/hoycordobaweb.com\/index.php\/wp-json\/wp\/v2\/comments?post=135653"}],"version-history":[{"count":0,"href":"http:\/\/hoycordobaweb.com\/index.php\/wp-json\/wp\/v2\/posts\/135653\/revisions"}],"wp:featuredmedia":[{"embeddable":true,"href":"http:\/\/hoycordobaweb.com\/index.php\/wp-json\/wp\/v2\/media\/135654"}],"wp:attachment":[{"href":"http:\/\/hoycordobaweb.com\/index.php\/wp-json\/wp\/v2\/media?parent=135653"}],"wp:term":[{"taxonomy":"category","embeddable":true,"href":"http:\/\/hoycordobaweb.com\/index.php\/wp-json\/wp\/v2\/categories?post=135653"},{"taxonomy":"post_tag","embeddable":true,"href":"http:\/\/hoycordobaweb.com\/index.php\/wp-json\/wp\/v2\/tags?post=135653"}],"curies":[{"name":"wp","href":"https:\/\/api.w.org\/{rel}","templated":true}]}}