{"id":135649,"date":"2026-04-24T05:08:00","date_gmt":"2026-04-24T05:08:00","guid":{"rendered":"http:\/\/hoycordobaweb.com\/index.php\/2026\/04\/24\/revelan-que-sucedio-con-el-avion-militar-que-se-estrello-en-colombia-y-dejo-69-muertos\/"},"modified":"2026-04-24T05:08:00","modified_gmt":"2026-04-24T05:08:00","slug":"revelan-que-sucedio-con-el-avion-militar-que-se-estrello-en-colombia-y-dejo-69-muertos","status":"publish","type":"post","link":"http:\/\/hoycordobaweb.com\/index.php\/2026\/04\/24\/revelan-que-sucedio-con-el-avion-militar-que-se-estrello-en-colombia-y-dejo-69-muertos\/","title":{"rendered":"Revelan qu\u00e9 sucedi\u00f3 con el avi\u00f3n militar que se estrell\u00f3 en Colombia y dej\u00f3 69 muertos"},"content":{"rendered":"<div class=\"media_block\"><\/div>\n<div><img src=\"http:\/\/hoycordobaweb.com\/wp-content\/uploads\/2026\/04\/revelan-que-sucedio-con-el-avion-militar-que-se-estrello-en-colombia-y-dejo-69-muertos.jpg\" class=\"ff-og-image-inserted\"><\/div>\n<p>Las pesquisas revelaron este jueves que el<strong> accidente del avi\u00f3n milita<\/strong>r que dej\u00f3 a <strong>69 uniformados muertos<\/strong> el mes pasado en <a target=\"_blank\" href=\"https:\/\/www.perfil.com\/noticias\/internacional\/se-estrello-un-avion-hercules-de-la-fuerza-aerea-colombiana-hay-al-menos-48-heridos-y-se-investiga-si-hubo-victimas-fatales.phtml\" rel=\"noopener noreferrer\"><strong>Colombia<\/strong><\/a> fue causado por el choque del aeroplano<strong> contra unos \u00e1rboles<\/strong>. <\/p>\n<p>El 23 de marzo un <strong>H\u00e9rcules C-130<\/strong> se precipit\u00f3 poco despu\u00e9s de despegar con <strong>126 ocupantes<\/strong> y municiones en <strong>Puerto Legu\u00edzamo<\/strong>, un poblado del departamento de Putumayo, al sur del pa\u00eds. El accidente se convirti\u00f3 en unas de las peores tragedias a\u00e9reas de la historia de Colombia. <\/p>\n<p class=\"destacadoNota\"><a target=\"_blank\" href=\"https:\/\/www.perfil.com\/noticias\/internacional\/meta-despedira-a-8000-trabajadores-para-aumentar-su-eficiencia.phtml\" rel=\"noopener noreferrer\">Meta anuncio que despedir\u00e1 a 8.000 trabajadores para aumentar su eficiencia<\/a><\/p>\n<div class=\"subscription\" readability=\"6.683257918552\">\n<p> Esto no les gusta a los autoritarios <\/p>\n<div class=\"subscription__container\" readability=\"6.1467391304348\">\n<div class=\"subscription__text-wrapper\" readability=\"31.20652173913\">\n<p> El ejercicio del periodismo profesional y cr\u00edtico es un pilar fundamental de la democracia. Por eso molesta a quienes creen ser los due\u00f1os de la verdad. <\/p>\n<\/p><\/div><\/div><\/div>\n<p>El coronel <strong>Luis Fernando Giraldo<\/strong>, director de seguridad operacional de la <strong>Fuerza Aeroespacial<\/strong>, inform\u00f3 en una rueda de prensa que la investigaci\u00f3n preliminar indica que el <strong>avi\u00f3n choc\u00f3 contra tres \u00e1rboles cuatro segundos despu\u00e9s del despegue<\/strong>. <\/p>\n<p>Las pesquisas indican que dos de <strong>los motores ten\u00edan \u00abmaterial vegetal\u00bb <\/strong>en su interior. Esto \u00abhabr\u00eda tenido incidencia en el desempe\u00f1o aerodin\u00e1mico del ala izquierda y en el control de la aeronave\u00bb, dijo. <\/p>\n<p>Luego de caer, el avi\u00f3n se incendi\u00f3.<strong> Los sobrevivientes fueron socorridos <\/strong>por pobladores cercanos y militares que se encontraban en la zona cercana a Per\u00fa, donde operan grupos guerrilleros. <\/p>\n<p class=\"destacadoNota\"><a target=\"_blank\" href=\"https:\/\/www.perfil.com\/noticias\/internacional\/dramatica-escena-en-un-hospital-de-iran-una-enfermera-rescato-tres-bebes-recien-nacidos-de-un-bombardeo.phtml\" rel=\"noopener noreferrer\">Dram\u00e1tica escena en un hospital de Ir\u00e1n: una enfermera rescat\u00f3 tres beb\u00e9s reci\u00e9n nacidos de un bombardeo<\/a><\/p>\n<p>El responsable asegur\u00f3 que por el momento<strong> no es posible saber si se debi\u00f3 a un error humanos o mec\u00e1nico<\/strong>. Tambi\u00e9n descart\u00f3 que hubiera sobrepeso o afectaciones por condiciones clim\u00e1ticas. <\/p>\n<p>El accidente gener\u00f3 fuertes cr\u00edticas para el presidente Gustavo Petro por la supuesta falta de mantenimiento de la flota de aeronaves militares. El mandatario se defendi\u00f3 acusado a su antecesor,<strong> Iv\u00e1n Duque<\/strong>, de haber recibido un avi\u00f3n \u00abchatarra\u00bb por parte de Estados Unidos. <\/p>\n","protected":false},"excerpt":{"rendered":"<p>Las pesquisas revelaron este jueves que el accidente del avi\u00f3n militar que dej\u00f3 a 69 uniformados muertos el mes pasado en Colombia fue causado por el choque del aeroplano contra unos \u00e1rboles. El 23 de marzo un H\u00e9rcules C-130 se precipit\u00f3 poco despu\u00e9s de despegar con 126 ocupantes y municiones en Puerto Legu\u00edzamo, un poblado [&hellip;]<\/p>\n","protected":false},"author":1,"featured_media":135650,"comment_status":"closed","ping_status":"closed","sticky":false,"template":"","format":"standard","meta":[],"categories":[19],"tags":[3086,347,879],"_links":{"self":[{"href":"http:\/\/hoycordobaweb.com\/index.php\/wp-json\/wp\/v2\/posts\/135649"}],"collection":[{"href":"http:\/\/hoycordobaweb.com\/index.php\/wp-json\/wp\/v2\/posts"}],"about":[{"href":"http:\/\/hoycordobaweb.com\/index.php\/wp-json\/wp\/v2\/types\/post"}],"author":[{"embeddable":true,"href":"http:\/\/hoycordobaweb.com\/index.php\/wp-json\/wp\/v2\/users\/1"}],"replies":[{"embeddable":true,"href":"http:\/\/hoycordobaweb.com\/index.php\/wp-json\/wp\/v2\/comments?post=135649"}],"version-history":[{"count":0,"href":"http:\/\/hoycordobaweb.com\/index.php\/wp-json\/wp\/v2\/posts\/135649\/revisions"}],"wp:featuredmedia":[{"embeddable":true,"href":"http:\/\/hoycordobaweb.com\/index.php\/wp-json\/wp\/v2\/media\/135650"}],"wp:attachment":[{"href":"http:\/\/hoycordobaweb.com\/index.php\/wp-json\/wp\/v2\/media?parent=135649"}],"wp:term":[{"taxonomy":"category","embeddable":true,"href":"http:\/\/hoycordobaweb.com\/index.php\/wp-json\/wp\/v2\/categories?post=135649"},{"taxonomy":"post_tag","embeddable":true,"href":"http:\/\/hoycordobaweb.com\/index.php\/wp-json\/wp\/v2\/tags?post=135649"}],"curies":[{"name":"wp","href":"https:\/\/api.w.org\/{rel}","templated":true}]}}