{"id":135647,"date":"2026-04-23T22:58:32","date_gmt":"2026-04-23T22:58:32","guid":{"rendered":"https:\/\/www.ole.com.ar\/futbol-internacional\/copaalemania-stuttgart-friburgo-semifinal_0_dFhSiNXWz7.html"},"modified":"2026-04-23T22:58:32","modified_gmt":"2026-04-23T22:58:32","slug":"video-el-taco-espectacular-que-puso-al-stuttgart-en-la-final-ante-el-bayern","status":"publish","type":"post","link":"http:\/\/hoycordobaweb.com\/index.php\/2026\/04\/23\/video-el-taco-espectacular-que-puso-al-stuttgart-en-la-final-ante-el-bayern\/","title":{"rendered":"Video: el taco espectacular que puso al Stuttgart en la final ante el Bayern"},"content":{"rendered":"<p><img src=\"http:\/\/hoycordobaweb.com\/wp-content\/uploads\/2026\/04\/video-el-taco-espectacular-que-puso-al-stuttgart-en-la-final-ante-el-bayern.jpg\"><\/p>\n<p><time class=\"createDate\" datetime=\"2026-04-23T19:58:32-03:00\">23\/04\/2026 19:58hs.<\/time><\/p>\n<div id=\"storyBody\">\n<div id=\"element-body-0\" class=\"sc-136cd478-0 ekTCfV\" readability=\"39\">\n<p>La definici\u00f3n de la semifinal de la <strong>Copa Alemania<\/strong> result\u00f3 tan espectacular como su inicio. De la descomunal recepci\u00f3n a los equipos, con bengalas y banderas gigantes, se lleg\u00f3 a <strong> un taco de enorme calidad t\u00e9cnica por parte del delantero portugu\u00e9s Tiago Tom\u00e1s<\/strong> a los 14 minutos del segundo tiempo suplementario, a nada de ir a los penales, y el <strong>Stuttgart se impuso 2 a 1 al Friburgo.<\/strong><\/p>\n<\/div>\n<div id=\"element-body-1\" class=\"sc-136cd478-0 ekTCfV\" readability=\"34.565597667638\">\n<p>La locura de los fans fue enorme. Se quedaron con una gran ilusi\u00f3n para la final en Berl\u00edn, el 23 de mayo, ante el <strong><a href=\"https:\/\/www.ole.com.ar\/tema\/bayern-munich.html\" title=\"Bayern Munich\" alt=\"Bayern Munich\" class=\"slug\">Bayern Munich<\/a><\/strong>, y con la intenci\u00f3n de frenarle el doblete local al equipo de Vincent Kompany (ya gan\u00f3 la <a href=\"https:\/\/www.ole.com.ar\/tema\/bundesliga.html\" title=\"Bundesliga\" alt=\"Bundesliga\" class=\"slug\">Bundesliga<\/a>), que podr\u00eda convertirse en triplete si el equipo de Vincent Kompany tambi\u00e9n conquista la <strong><a href=\"https:\/\/www.ole.com.ar\/tema\/champions-league.html\" title=\"Champions League\" alt=\"Champions League\" class=\"slug\">Champions League<\/a><\/strong>.<\/p>\n<\/div>\n<p><h2><strong>Mir\u00e1 el golazo de Tiago Tomas<\/strong><\/h2>\n<\/p>\n<div id=\"element-body-3\" class=\"sc-ef81c825-1 evSCNc\" readability=\"31.5\"><figcaption class=\"JWvideoNota_title\" readability=\"3\">\n<p>Tiago Tomas marc\u00f3 el 2 a 1 del Stuttgart al Friburgo en tiempo suplementario y su equipo enfrentar\u00e1 al Bayern en la definici\u00f3n de la Copa Alemana. Fuente: ESPN.<\/p>\n<\/figcaption><\/div>\n<div class=\"sc-e7b891c4-0 ifHnQL image-embed\" id=\"element-body-4\"><img alt=\"Tiago Tomas al meter el gol de la victoria (AP).\" loading=\"lazy\" width=\"720\" height=\"100\" decoding=\"async\" data-nimg=\"1\" src=\"http:\/\/hoycordobaweb.com\/wp-content\/uploads\/2026\/04\/video-el-taco-espectacular-que-puso-al-stuttgart-en-la-final-ante-el-bayern-2.jpg\"><span class=\"epigraphe\">Tiago Tomas al meter el gol de la victoria (AP).<\/span><\/div>\n<div class=\"sc-e7b891c4-0 ifHnQL image-embed\" id=\"element-body-5\"><img alt=\"Tiago Tomas ya meti\u00f3 el taco: el arquero Florian Mueller la ve pasar (AP).\" loading=\"lazy\" width=\"720\" height=\"100\" decoding=\"async\" data-nimg=\"1\" src=\"http:\/\/hoycordobaweb.com\/wp-content\/uploads\/2026\/04\/video-el-taco-espectacular-que-puso-al-stuttgart-en-la-final-ante-el-bayern-3.jpg\"><span class=\"epigraphe\">Tiago Tomas ya meti\u00f3 el taco: el arquero Florian Mueller la ve pasar (AP).<\/span><\/div>\n<div class=\"sc-e7b891c4-0 ifHnQL image-embed\" id=\"element-body-6\"><img alt=\"Chema Andres y Tiago Tomas festejan el pase a la final (AP).\" loading=\"lazy\" width=\"720\" height=\"100\" decoding=\"async\" data-nimg=\"1\" src=\"http:\/\/hoycordobaweb.com\/wp-content\/uploads\/2026\/04\/video-el-taco-espectacular-que-puso-al-stuttgart-en-la-final-ante-el-bayern-4.jpg\"><span class=\"epigraphe\">Chema Andres y Tiago Tomas festejan el pase a la final (AP).<\/span><\/div>\n<div id=\"element-body-7\" class=\"sc-136cd478-0 ekTCfV\" readability=\"36\">\n<p>El partido se encaminaba a una tanda de penales cuando Tom\u00e1s gir\u00f3 en el aire entre dos defensores para llegar al pase de Badredine Bouanani y, con el taco, desvi\u00f3 la pelota para superar al arquero Florian M\u00fcller.<\/p>\n<\/div>\n<div id=\"element-body-8\" class=\"sc-136cd478-0 ekTCfV\" readability=\"35\">\n<p>Tom\u00e1s celebr\u00f3 sin camiseta, alzando un bander\u00edn de c\u00f3rner hacia la hinchada, y se encogi\u00f3 de hombros ante la inevitable tarjeta amarilla.<\/p>\n<\/div>\n<div id=\"element-body-9\" class=\"sc-136cd478-0 ekTCfV\" readability=\"34\">\n<p>\u201cNo hay muchas palabras para describir lo que pas\u00f3. Creo que es una de esas noches. Se quedar\u00e1 conmigo en la memoria toda la vida\u201d, dijo Tom\u00e1s.<\/p>\n<\/div>\n<div id=\"element-body-10\" class=\"sc-136cd478-0 ekTCfV\" readability=\"40\">\n<p>Friburgo se puso en ventaja cuando Maximilian Eggestein desvi\u00f3 el cabezazo de Matthias Ginter en un c\u00f3rner a los 28 minutos. Poco despu\u00e9s de que le anularan un gol por fuera de juego, Stuttgart igual\u00f3 a los 70, cuando Undav culmin\u00f3 un contragolpe. Entonces, fueron al alargue, con una definici\u00f3n so\u00f1ada para Tiago Tomas, quien nunca jug\u00f3 en la selecci\u00f3n mayor de Portugal y dif\u00edcilmente est\u00e9 en la cita mundialista.<\/p>\n<\/div>\n<div class=\"sc-e7b891c4-0 ifHnQL image-embed\" id=\"element-body-11\"><img alt=\"La recepci\u00f3n de los hinchas del Friburgo en el MHPArena.\" loading=\"lazy\" width=\"720\" height=\"100\" decoding=\"async\" data-nimg=\"1\" src=\"http:\/\/hoycordobaweb.com\/wp-content\/uploads\/2026\/04\/video-el-taco-espectacular-que-puso-al-stuttgart-en-la-final-ante-el-bayern-5.jpg\"><span class=\"epigraphe\">La recepci\u00f3n de los hinchas del Friburgo en el MHPArena.<\/span><\/div>\n<div class=\"sc-e7b891c4-0 ifHnQL image-embed\" id=\"element-body-12\"><img alt=\"Los hinchas del Friburgo durante el partido.\" loading=\"lazy\" width=\"720\" height=\"100\" decoding=\"async\" data-nimg=\"1\" src=\"http:\/\/hoycordobaweb.com\/wp-content\/uploads\/2026\/04\/video-el-taco-espectacular-que-puso-al-stuttgart-en-la-final-ante-el-bayern-6.jpg\"><span class=\"epigraphe\">Los hinchas del Friburgo durante el partido.<\/span><\/div>\n<div id=\"element-body-13\" class=\"sc-a7166897-0 eoLsBE\" readability=\"31.5\">\n<section readability=\"3\"><picture><img alt=\"Contin\u00faa el esc\u00e1ndalo en Italia: se conocieron videos de c\u00f3mo eran las fiestas organizadas por la agencia acusada de brindarles servicios de prostituci\u00f3n a deportistas\" loading=\"lazy\" width=\"290\" height=\"290\" decoding=\"async\" data-nimg=\"1\" src=\"http:\/\/hoycordobaweb.com\/wp-content\/uploads\/2026\/04\/video-el-taco-espectacular-que-puso-al-stuttgart-en-la-final-ante-el-bayern-7.jpg\"><\/picture>\n<p><span>Mir\u00e1 tambi\u00e9n<\/span><\/p>\n<hr>\n<h3>Contin\u00faa el esc\u00e1ndalo en Italia: se conocieron videos de c\u00f3mo eran las fiestas organizadas por la agencia acusada de brindarles servicios de prostituci\u00f3n a deportistas<\/h3>\n<\/p>\n<\/section>\n<\/div>\n<div id=\"element-body-14\" class=\"sc-a7166897-0 eoLsBE\" readability=\"31.5\">\n<section readability=\"3\"><picture><img alt=\"El d\u00eda que le mostr\u00f3 la 10 al Bernab\u00e9u: a nueve a\u00f1os de uno de los goles m\u00e1s recordados de Messi \" loading=\"lazy\" width=\"290\" height=\"290\" decoding=\"async\" data-nimg=\"1\" src=\"http:\/\/hoycordobaweb.com\/wp-content\/uploads\/2026\/04\/video-el-taco-espectacular-que-puso-al-stuttgart-en-la-final-ante-el-bayern-8.jpg\"><\/picture>\n<p><span>Mir\u00e1 tambi\u00e9n<\/span><\/p>\n<hr>\n<h3>El d\u00eda que le mostr\u00f3 la 10 al Bernab\u00e9u: a nueve a\u00f1os de uno de los goles m\u00e1s recordados de Messi <\/h3>\n<\/p>\n<\/section>\n<\/div>\n<\/div>\n","protected":false},"excerpt":{"rendered":"<p>23\/04\/2026 19:58hs. La definici\u00f3n de la semifinal de la Copa Alemania result\u00f3 tan espectacular como su inicio. De la descomunal recepci\u00f3n a los equipos, con bengalas y banderas gigantes, se lleg\u00f3 a un taco de enorme calidad t\u00e9cnica por parte del delantero portugu\u00e9s Tiago Tom\u00e1s a los 14 minutos del segundo tiempo suplementario, a nada [&hellip;]<\/p>\n","protected":false},"author":1,"featured_media":135648,"comment_status":"open","ping_status":"closed","sticky":false,"template":"","format":"standard","meta":[],"categories":[16],"tags":[],"_links":{"self":[{"href":"http:\/\/hoycordobaweb.com\/index.php\/wp-json\/wp\/v2\/posts\/135647"}],"collection":[{"href":"http:\/\/hoycordobaweb.com\/index.php\/wp-json\/wp\/v2\/posts"}],"about":[{"href":"http:\/\/hoycordobaweb.com\/index.php\/wp-json\/wp\/v2\/types\/post"}],"author":[{"embeddable":true,"href":"http:\/\/hoycordobaweb.com\/index.php\/wp-json\/wp\/v2\/users\/1"}],"replies":[{"embeddable":true,"href":"http:\/\/hoycordobaweb.com\/index.php\/wp-json\/wp\/v2\/comments?post=135647"}],"version-history":[{"count":0,"href":"http:\/\/hoycordobaweb.com\/index.php\/wp-json\/wp\/v2\/posts\/135647\/revisions"}],"wp:featuredmedia":[{"embeddable":true,"href":"http:\/\/hoycordobaweb.com\/index.php\/wp-json\/wp\/v2\/media\/135648"}],"wp:attachment":[{"href":"http:\/\/hoycordobaweb.com\/index.php\/wp-json\/wp\/v2\/media?parent=135647"}],"wp:term":[{"taxonomy":"category","embeddable":true,"href":"http:\/\/hoycordobaweb.com\/index.php\/wp-json\/wp\/v2\/categories?post=135647"},{"taxonomy":"post_tag","embeddable":true,"href":"http:\/\/hoycordobaweb.com\/index.php\/wp-json\/wp\/v2\/tags?post=135647"}],"curies":[{"name":"wp","href":"https:\/\/api.w.org\/{rel}","templated":true}]}}